{"id":100,"date":"2008-08-27T17:21:06","date_gmt":"2008-08-27T14:21:06","guid":{"rendered":"http:\/\/privacy.cyber-rights.org.tr\/?p=100"},"modified":"2008-08-27T17:21:10","modified_gmt":"2008-08-27T14:21:10","slug":"youtube-ne-acik-ne-kapali","status":"publish","type":"post","link":"https:\/\/privacy.cyber-rights.org.tr\/?p=100","title":{"rendered":"YouTube: Ne a\u00e7\u0131k ne kapal\u0131"},"content":{"rendered":"<p><a href=\"http:\/\/www.ntvmsnbc.com\/news\/457493.asp\">YouTube: Ne a\u00e7\u0131k ne kapal\u0131<\/a>: &#8220;YouTube: Ne a\u00e7\u0131k ne kapal\u0131<br \/>\nTelekom\u00fcnikasyon Kurumu \u0130nternet Daire Ba\u015fkan\u0131 Osman Nihat \u015een, d\u00fcn kendi kurumlar\u0131n\u0131n bas\u0131n m\u00fc\u015favirli\u011finden yap\u0131lan \u2018YouTube a\u00e7\u0131ld\u0131\u2019 a\u00e7\u0131klamas\u0131n\u0131n\u0131n ger\u00e7e\u011fi yans\u0131tmad\u0131\u011f\u0131n\u0131 belirterek, \u2018YouTube a\u00e7\u0131k de\u011fil\u2019 dedi.&#8221;<\/p>\n<p>YASEM\u0130N ARPA, NTV-MSNBC<br \/>\nG\u00fcncelleme: 16:06 TS\u0130 27 A\u011fustos 2008 \u00c7ar\u015famba<\/p>\n<p>\u0130STANBUL &#8211; NTVMSNBC\u2019nin sorular\u0131n\u0131 yan\u0131tlayan \u015een, bu \u00e7eli\u015fkili durumu \u015f\u00f6yle a\u00e7\u0131klad\u0131: \u201cBiz de onu tam olarak anlayamad\u0131k. Telekom\u00fcnikasyon Kurumu Bas\u0131n M\u00fc\u015favirli\u2019\u011finden b\u00f6yle bir yaz\u0131 yaz\u0131lm\u0131\u015f ama i\u015fin ger\u00e7e\u011fini onlar bize sormad\u0131lar. Yani YouTube a\u00e7\u0131k de\u011fil.\u201d<br \/>\n<!--more--><br \/>\nD\u00fcn, YouTube\u2019nin tekrar a\u00e7\u0131ld\u0131\u011f\u0131na ili\u015fkin haberler \u00fczerine Telekom\u00fcnikasyon Kurumu bas\u0131n m\u00fc\u015favirli\u011finden NTVMSNBC\u2019ye yap\u0131lan yaz\u0131l\u0131 a\u00e7\u0131klamada, \u201cMahkeme karar\u0131nda belirtilen i\u00e7eri\u011fin \u00e7\u0131kar\u0131lmas\u0131 \u00fczerine mahkeme karar\u0131 ile tekrar a\u00e7\u0131lmas\u0131na karar verilince, site tekrar a\u00e7\u0131lm\u0131\u015ft\u0131r\u201d denilmi\u015fti. Kurum taraf\u0131ndan yap\u0131lan a\u00e7\u0131klamada, \u201cT\u00fcrkiye\u2019nin baz\u0131 yerlerinden siteye h\u00e2l\u00e2 girilemedi\u011fi s\u00f6yleniyor. Bunun nedeni nedir?\u201d sorusuna da, \u201cBu m\u00fcmk\u00fcn de\u011fildir\u201d yan\u0131t\u0131 verilmi\u015fti. Bug\u00fcn daha ayr\u0131nt\u0131l\u0131 bilgi edinmek i\u00e7in arad\u0131\u011f\u0131m\u0131z Telekom\u00fcnikasyon Kurumu \u0130leti\u015fim Ba\u015fkanl\u0131\u011f\u0131 \u0130nternet Daire Ba\u015fkan\u0131 Osman Nihat \u015een\u2019in, \u201cYouTube\u2019un a\u00e7\u0131lmas\u0131na ili\u015fkin herhangi bir karar yok. Soru\u015fturmay\u0131 y\u00fcr\u00fcten savc\u0131m\u0131z\u0131n mahkemeden bir talebi yok, a\u00e7\u0131lma yok, bize ula\u015fan bir karar yok. \u015eu ge\u00e7mi\u015f bir ayl\u0131k s\u00fcre\u00e7ten farkl\u0131 bir durum yok\u201d s\u00f6zleri kafalar\u0131 kar\u0131\u015ft\u0131rd\u0131.<\/p>\n<p>\u0130nternet Daire Ba\u015fkan\u0131 Osman Nihat \u015een\u2019in de anlatmakta zorluk \u00e7ekti\u011fi konuda NTVMSNBC\u2019nin sorular\u0131na verdi\u011fi yan\u0131tlar \u015f\u00f6yle:<\/p>\n<p>\u201cYOUTUBE A\u00c7IK DE\u011e\u0130L\u201d<br \/>\nBas\u0131n m\u00fc\u015favirli\u011finizden d\u00fcn yap\u0131lan a\u00e7\u0131klamada YouTube\u2019un a\u00e7\u0131ld\u0131\u011f\u0131 belirtilmi\u015f. Ne gibi geli\u015fmeler oldu da YouTube tekrar a\u00e7\u0131ld\u0131?<br \/>\nTelekom\u00fcnikasyon Kurumu Bas\u0131n M\u00fc\u015favirli\u2019\u011finden b\u00f6yle bir yaz\u0131 yaz\u0131lm\u0131\u015f ama i\u015fin ger\u00e7e\u011fini onlar bize sormad\u0131lar. Yani YouTube a\u00e7\u0131k de\u011fil.<\/p>\n<p>A\u00e7\u0131k de\u011fil mi?<br \/>\nA\u00e7\u0131k de\u011fil. A\u00e7\u0131lmas\u0131na ili\u015fkin bir karar da yok.<\/p>\n<p>\u201cSANK\u0130 A\u00c7ILDI G\u0130B\u0130 B\u0130R HABER G\u0130TM\u0130\u015e AMA&#8230;\u201d<br \/>\nYouTube\u2019a girilebiliyor? Nas\u0131l oluyor peki? YouTube mahkeme karar\u0131yla a\u00e7\u0131ld\u0131 diye sizin bas\u0131n m\u00fc\u015favirli\u011finizden yaz\u0131l\u0131 a\u00e7\u0131klama geldi..<br \/>\nZannediyorum, -biz de onu tam olarak anlayamad\u0131k da- sanki a\u00e7\u0131ld\u0131 gibi bir haber gitmi\u015f ama..<\/p>\n<p>Bas\u0131n m\u00fc\u015favirli\u011finizden yap\u0131lan a\u00e7\u0131klamada, \u201cMahkeme kapatma karar\u0131n\u0131 kald\u0131rd\u0131, biz de a\u00e7t\u0131k\u201ddenilmi\u015f&#8230;<br \/>\nEvet. \u00d6yle. O bize sorulmadan, \u00e7ok farkl\u0131 bir c\u00fcmleyle yaz\u0131lm\u0131\u015f.<\/p>\n<p>T\u00fcrkiye YouTube\u2019una kavu\u015ftu<\/p>\n<p>A\u00c7ILMASINA \u0130L\u0130\u015eK\u0130N HERHANG\u0130 B\u0130R KARAR YOK<br \/>\nDo\u011frusu ne peki?<br \/>\n\u015e\u00f6yle s\u00f6yleyelim isterseniz: Bug\u00fcn itibar\u0131yla 15 g\u00fcn \u00f6nceden veya bir ay \u00f6ncesinden hi\u00e7 bir fark yok. Yani YouTube\u2019un a\u00e7\u0131lmas\u0131na ili\u015fkin herhangi bir karar yok.<br \/>\nSoru\u015fturmay\u0131 y\u00fcr\u00fcten savc\u0131m\u0131z\u0131n mahkemeden bir talebi yok, a\u00e7\u0131lma yok, bize ula\u015fan bir karar yok. \u015eu ge\u00e7mi\u015f bir ayl\u0131k s\u00fcre\u00e7ten farkl\u0131 bir durum yok.<\/p>\n<p>Bu nas\u0131l a\u00e7\u0131klanabilir? YouTube\u2019a \u015fu anda normal yollardan girilebiliyor. Bas\u0131n m\u00fc\u015favirli\u011finizden de ayn\u0131 y\u00f6nde a\u00e7\u0131klama gelmi\u015f&#8230;<br \/>\nZannediyorum bir hata var. Nas\u0131l yaz\u0131ld\u0131\u011f\u0131n\u0131 biz de bilmiyoruz. Bas\u0131n m\u00fc\u015favirli\u011fi, \u201cMahkeme karar\u0131 geldi mi\u201d diye bize sormad\u0131.<\/p>\n<p>Siz, \u201cMahkemeden YouTube\u2019nin a\u00e7\u0131lmas\u0131yla ilgili bir karar gelmedi ve YouTube da a\u00e7\u0131k de\u011fil\u201d diyorsunuz&#8230;<br \/>\nHay\u0131r, hay\u0131r. B\u00f6yle bir karar yok. 15 g\u00fcn \u00f6nce konu\u015ftu\u011fumuzdan hi\u00e7 bir gram de\u011fi\u015fiklik yok. Nas\u0131l ge\u00e7en hafta a\u00e7\u0131laca\u011f\u0131na ili\u015fkin haberler \u00e7\u0131km\u0131\u015ft\u0131, bunu da ayn\u0131 \u015fekilde haberler olarak de\u011ferlendiriyoruz. Yani YouTube ili\u015fkin karar devam ediyor ve ayn\u0131 zamanda da h\u00e2la engelli.. Siz NTV\u2019den girebiliyor musunuz?<\/p>\n<p>Evet&#8230;<br \/>\nTeknik olarak baz\u0131 noktalardan biz de teyit ettik. Girilemiyor.<\/p>\n<p>Siz, YouTube\u2019a girilemiyor diyorsunuz&#8230;<br \/>\nEvet..<\/p>\n<p>Peki, Atat\u00fcrkle ilgili kapatmaya neden olan video i\u00e7eri\u011fi kald\u0131r\u0131lm\u0131\u015f m\u0131 siteden? Mahkemeyle konu\u015ftunuz mu?<br \/>\nMahkemeyle konu\u015ftuk. Hi\u00e7 \u00f6yle bir \u015fey yok. <\/p>\n","protected":false},"excerpt":{"rendered":"<p>YouTube: Ne a\u00e7\u0131k ne kapal\u0131: &#8220;YouTube: Ne a\u00e7\u0131k ne kapal\u0131 Telekom\u00fcnikasyon Kurumu \u0130nternet Daire Ba\u015fkan\u0131 Osman Nihat \u015een, d\u00fcn kendi kurumlar\u0131n\u0131n bas\u0131n m\u00fc\u015favirli\u011finden yap\u0131lan \u2018YouTube a\u00e7\u0131ld\u0131\u2019 a\u00e7\u0131klamas\u0131n\u0131n\u0131n ger\u00e7e\u011fi yans\u0131tmad\u0131\u011f\u0131n\u0131 belirterek, \u2018YouTube a\u00e7\u0131k de\u011fil\u2019 dedi.&#8221; YASEM\u0130N ARPA, NTV-MSNBC G\u00fcncelleme: 16:06 TS\u0130 27 A\u011fustos 2008 \u00c7ar\u015famba \u0130STANBUL &#8211; NTVMSNBC\u2019nin sorular\u0131n\u0131 yan\u0131tlayan \u015een, bu \u00e7eli\u015fkili durumu \u015f\u00f6yle a\u00e7\u0131klad\u0131: \u201cBiz de onu tam olarak&#8230;<\/p>\n","protected":false},"author":1,"featured_media":0,"comment_status":"open","ping_status":"closed","sticky":false,"template":"","format":"standard","meta":{"jetpack_post_was_ever_published":false,"_jetpack_newsletter_access":"","_jetpack_dont_email_post_to_subs":false,"_jetpack_newsletter_tier_id":0,"_jetpack_memberships_contains_paywalled_content":false,"_jetpack_memberships_contains_paid_content":false,"footnotes":"","jetpack_publicize_message":"","jetpack_publicize_feature_enabled":true,"jetpack_social_post_already_shared":false,"jetpack_social_options":{"image_generator_settings":{"template":"highway","default_image_id":0,"font":"","enabled":false},"version":2}},"categories":[22,5,21,3,17,4],"tags":[],"class_list":["post-100","post","type-post","status-publish","format-standard","hentry","category-5651-nolu-kanun","category-dusunce-ozgurlugu","category-erisim-engelleme","category-sansur","category-tib","category-youtube"],"jetpack_publicize_connections":[],"jetpack_featured_media_url":"","jetpack_sharing_enabled":true,"jetpack_shortlink":"https:\/\/wp.me\/p7wjA8-1C","jetpack-related-posts":[],"_links":{"self":[{"href":"https:\/\/privacy.cyber-rights.org.tr\/index.php?rest_route=\/wp\/v2\/posts\/100","targetHints":{"allow":["GET"]}}],"collection":[{"href":"https:\/\/privacy.cyber-rights.org.tr\/index.php?rest_route=\/wp\/v2\/posts"}],"about":[{"href":"https:\/\/privacy.cyber-rights.org.tr\/index.php?rest_route=\/wp\/v2\/types\/post"}],"author":[{"embeddable":true,"href":"https:\/\/privacy.cyber-rights.org.tr\/index.php?rest_route=\/wp\/v2\/users\/1"}],"replies":[{"embeddable":true,"href":"https:\/\/privacy.cyber-rights.org.tr\/index.php?rest_route=%2Fwp%2Fv2%2Fcomments&post=100"}],"version-history":[{"count":0,"href":"https:\/\/privacy.cyber-rights.org.tr\/index.php?rest_route=\/wp\/v2\/posts\/100\/revisions"}],"wp:attachment":[{"href":"https:\/\/privacy.cyber-rights.org.tr\/index.php?rest_route=%2Fwp%2Fv2%2Fmedia&parent=100"}],"wp:term":[{"taxonomy":"category","embeddable":true,"href":"https:\/\/privacy.cyber-rights.org.tr\/index.php?rest_route=%2Fwp%2Fv2%2Fcategories&post=100"},{"taxonomy":"post_tag","embeddable":true,"href":"https:\/\/privacy.cyber-rights.org.tr\/index.php?rest_route=%2Fwp%2Fv2%2Ftags&post=100"}],"curies":[{"name":"wp","href":"https:\/\/api.w.org\/{rel}","templated":true}]}}