{"id":1009,"date":"2010-06-07T17:13:22","date_gmt":"2010-06-07T14:13:22","guid":{"rendered":"http:\/\/privacy.cyber-rights.org.tr\/?p=1009"},"modified":"2010-06-07T17:13:23","modified_gmt":"2010-06-07T14:13:23","slug":"bianet-yorsan-gecmisi-silmek-icin-internet-sansuru-istiyor","status":"publish","type":"post","link":"https:\/\/privacy.cyber-rights.org.tr\/?p=1009","title":{"rendered":"Bianet: Y\u00d6RSAN Ge\u00e7mi\u015fi Silmek i\u00e7in \u0130nternet Sans\u00fcr\u00fc \u0130stiyor"},"content":{"rendered":"<p><a href=\"http:\/\/www.bianet.org\/bianet\/ifade-ozgurlugu\/122498-yorsan-gecmisi-silmek-icin-internet-sansuru-istiyor\">Bianet: Y\u00d6RSAN Ge\u00e7mi\u015fi Silmek i\u00e7in \u0130nternet Sans\u00fcr\u00fc \u0130stiyor<\/a><\/p>\n<p>Y\u00f6rsan \u015eirketi, 2008 y\u0131l\u0131nda \u015firket \u00e7al\u0131\u015fanlar\u0131n\u0131n sendikal m\u00fccadelesiyle ilgili yay\u0131mlayan EmekDunyasi.net sitesinden &#8216;ticari itibari ve marka de\u011ferini korumak&#8217; i\u00e7in kald\u0131r\u0131lmas\u0131n\u0131 istedi. Site, Haberlerimizin arkas\u0131nday\u0131z kald\u0131rm\u0131yoruz&#8217; dedi.<br \/>\n\u0130stanbul &#8211; B\u0130A Haber Merkezi<\/p>\n<p>03 Haziran 2010, Per\u015fembe<\/p>\n<p>Y\u00f6rsan G\u0131da Mam\u00fclleri Sanayi ve Ticaret Anonim \u015eirketi, EmekDunyasi.net \u0130nternet haber sitesinde 2008 y\u0131l\u0131nda yay\u0131mlanan Y\u00f6rsan direni\u015fi ile ilgili haberlerin yay\u0131ndan kald\u0131rmas\u0131n\u0131 istiyor, aksi takdirde dava a\u00e7makla tehdit ediyor.<\/p>\n<p>Site, 400 kadar Y\u00f6rsan i\u015f\u00e7isinin sendikal\u0131 olduklar\u0131 i\u00e7in i\u015ften \u00e7\u0131kart\u0131lmas\u0131n\u0131, i\u015f\u00e7ilerin ve Tekg\u0131da-\u0130\u015f sendikas\u0131n\u0131n m\u00fccadelelerini ayn\u0131 y\u0131l boyunca sayfalar\u0131na ta\u015f\u0131m\u0131\u015ft\u0131.<\/p>\n<p>\u015eirket ad\u0131na Taner \u00c7al\u0131\u015fkan&#8217;\u0131n imzalad\u0131\u011f\u0131 20 May\u0131s 2010 tarihli a\u00e7\u0131klamada, site yetkililerinden s\u00f6z konusu haberlerin iki g\u00fcn i\u00e7erisinde yay\u0131ndan kald\u0131r\u0131lmas\u0131 isteniyor; hukuki dayanak olarak 5651 Say\u0131l\u0131 \u0130nternet Su\u00e7lar\u0131na \u0130li\u015fkin Yasa g\u00f6steriliyor.<br \/>\n\u015eirketin endi\u015fesi marka de\u011feri, ticari itibar&#8230;<\/p>\n<p>\u015eirket, ge\u00e7mi\u015fte yay\u0131mlanan haberlerin &#8216;\u015fu anki fiili durumla ba\u011fda\u015fmad\u0131\u011f\u0131n\u0131&#8217;, &#8216;konunun g\u00fcncelli\u011finin g\u00f6zetilmesinin gerekti\u011fini&#8217; savunarak 2008 y\u0131l\u0131nda yay\u0131mlanan haberlerin yay\u0131ndan kald\u0131r\u0131lmas\u0131n\u0131 talep ediyor.<\/p>\n<p>Y\u00f6rsan, verilmi\u015f emek m\u00fccadelesine dair haberlerinin silinmesini, &#8216;trilyonlarca TL de\u011ferindeki marka de\u011ferini korumak&#8217; ve &#8216;ticari itibari&#8217; ad\u0131na talep ediyor. \u015eirket, e\u011fer bu i\u00e7erikler kald\u0131r\u0131lmazsa hakk\u0131m\u0131zda yasal i\u015flemlere ba\u015fvuraca\u011f\u0131n\u0131 beyan ediyor.<\/p>\n<p>EmekDunyasi.net: Haberlerimizi kald\u0131rm\u0131yoruz<\/p>\n<p>3 Haziran&#8217;da bir a\u00e7\u0131klama yapan EmekDunyasi.net yetkilileriyse, &#8216;marka de\u011feri&#8217;ni \u00f6nemseyen bir \u015firketin, \u00f6ncelikle anayasal bir hak olan sendikal\u0131 olma hakk\u0131na sayg\u0131 g\u00f6stermesi gerekti\u011fini savunarak, &#8216;Y\u00f6rsan&#8217;la ilgili haberlerimizi ar\u015fivimizden kesinlikle kald\u0131rmayaca\u011f\u0131z&#8217; a\u00e7\u0131klamas\u0131 yapt\u0131lar.<\/p>\n<p>&#8216;Yay\u0131nlad\u0131\u011f\u0131m\u0131z haberlerin do\u011frulu\u011fundan ve gazetecilik ilkelerine uygunlu\u011fundan yana en ufak bir \u015f\u00fcphemiz bulunmuyor. Sitemizin kuruldu\u011fu A\u011fustos 2007&#8217;den bu yana yay\u0131nlad\u0131\u011f\u0131m\u0131z t\u00fcm haberlerin arkas\u0131nday\u0131z.&#8217; (E\u00d6)<\/p>\n","protected":false},"excerpt":{"rendered":"<p>Bianet: Y\u00d6RSAN Ge\u00e7mi\u015fi Silmek i\u00e7in \u0130nternet Sans\u00fcr\u00fc \u0130stiyor Y\u00f6rsan \u015eirketi, 2008 y\u0131l\u0131nda \u015firket \u00e7al\u0131\u015fanlar\u0131n\u0131n sendikal m\u00fccadelesiyle ilgili yay\u0131mlayan EmekDunyasi.net sitesinden &#8216;ticari itibari ve marka de\u011ferini korumak&#8217; i\u00e7in kald\u0131r\u0131lmas\u0131n\u0131 istedi. Site, Haberlerimizin arkas\u0131nday\u0131z kald\u0131rm\u0131yoruz&#8217; dedi. \u0130stanbul &#8211; B\u0130A Haber Merkezi 03 Haziran 2010, Per\u015fembe Y\u00f6rsan G\u0131da Mam\u00fclleri Sanayi ve Ticaret Anonim \u015eirketi, EmekDunyasi.net \u0130nternet haber sitesinde 2008 y\u0131l\u0131nda yay\u0131mlanan Y\u00f6rsan direni\u015fi&#8230;<\/p>\n","protected":false},"author":1,"featured_media":0,"comment_status":"open","ping_status":"closed","sticky":false,"template":"","format":"standard","meta":{"jetpack_post_was_ever_published":false,"_jetpack_newsletter_access":"","_jetpack_dont_email_post_to_subs":false,"_jetpack_newsletter_tier_id":0,"_jetpack_memberships_contains_paywalled_content":false,"_jetpack_memberships_contains_paid_content":false,"footnotes":"","jetpack_publicize_message":"","jetpack_publicize_feature_enabled":true,"jetpack_social_post_already_shared":false,"jetpack_social_options":{"image_generator_settings":{"template":"highway","default_image_id":0,"font":"","enabled":false},"version":2}},"categories":[3,67],"tags":[],"class_list":["post-1009","post","type-post","status-publish","format-standard","hentry","category-sansur","category-turkiye"],"jetpack_publicize_connections":[],"jetpack_featured_media_url":"","jetpack_sharing_enabled":true,"jetpack_shortlink":"https:\/\/wp.me\/p7wjA8-gh","jetpack-related-posts":[],"_links":{"self":[{"href":"https:\/\/privacy.cyber-rights.org.tr\/index.php?rest_route=\/wp\/v2\/posts\/1009","targetHints":{"allow":["GET"]}}],"collection":[{"href":"https:\/\/privacy.cyber-rights.org.tr\/index.php?rest_route=\/wp\/v2\/posts"}],"about":[{"href":"https:\/\/privacy.cyber-rights.org.tr\/index.php?rest_route=\/wp\/v2\/types\/post"}],"author":[{"embeddable":true,"href":"https:\/\/privacy.cyber-rights.org.tr\/index.php?rest_route=\/wp\/v2\/users\/1"}],"replies":[{"embeddable":true,"href":"https:\/\/privacy.cyber-rights.org.tr\/index.php?rest_route=%2Fwp%2Fv2%2Fcomments&post=1009"}],"version-history":[{"count":1,"href":"https:\/\/privacy.cyber-rights.org.tr\/index.php?rest_route=\/wp\/v2\/posts\/1009\/revisions"}],"predecessor-version":[{"id":1010,"href":"https:\/\/privacy.cyber-rights.org.tr\/index.php?rest_route=\/wp\/v2\/posts\/1009\/revisions\/1010"}],"wp:attachment":[{"href":"https:\/\/privacy.cyber-rights.org.tr\/index.php?rest_route=%2Fwp%2Fv2%2Fmedia&parent=1009"}],"wp:term":[{"taxonomy":"category","embeddable":true,"href":"https:\/\/privacy.cyber-rights.org.tr\/index.php?rest_route=%2Fwp%2Fv2%2Fcategories&post=1009"},{"taxonomy":"post_tag","embeddable":true,"href":"https:\/\/privacy.cyber-rights.org.tr\/index.php?rest_route=%2Fwp%2Fv2%2Ftags&post=1009"}],"curies":[{"name":"wp","href":"https:\/\/api.w.org\/{rel}","templated":true}]}}