{"id":102,"date":"2008-08-28T17:40:35","date_gmt":"2008-08-28T14:40:35","guid":{"rendered":"http:\/\/privacy.cyber-rights.org.tr\/?p=102"},"modified":"2008-08-28T17:40:38","modified_gmt":"2008-08-28T14:40:38","slug":"youtubetan-turkiye-aciklamasi-aktif-haber","status":"publish","type":"post","link":"https:\/\/privacy.cyber-rights.org.tr\/?p=102","title":{"rendered":"Youtube&#8217;tan T\u00fcrkiye A\u00e7\u0131klamas\u0131 | Aktif Haber"},"content":{"rendered":"<p><a href=\"http:\/\/www.aktifhaber.com\/news_detail.php?id=181472\">Youtube&#8217;tan T\u00fcrkiye A\u00e7\u0131klamas\u0131 | Aktif Haber<\/a><\/p>\n<p>28 A\u011fustos 2008 13:37<br \/>\nT\u00fcrkiye&#8217;de Youtube&#8217;un a\u00e7\u0131ld\u0131\u011f\u0131 duyurulmu\u015ftu ancak kullan\u0131c\u0131lar hala giremiyordu. Youtube, bu haberler \u00fczerine resmi bir a\u00e7\u0131klama yapt\u0131.<\/p>\n<p>Son g\u00fcnlerde yay\u0131nlan &#8216;Yotube a\u00e7\u0131ld\u0131&#8217; haberleri \u00fczerine Youtube&#8217;tan a\u00e7\u0131klama geldi.<\/p>\n<p>YouTube, T\u00fcrkiye&#8217;den YouTube&#8217;a eri\u015fimin &#8216;halen&#8217; sa\u011flanamad\u0131\u011f\u0131n\u0131 duyurdu.<\/p>\n<p>YouTube&#8217;dan yap\u0131lan yaz\u0131l\u0131 a\u00e7\u0131klamada, &#8216;YouTube olarak s\u00f6ylenti ve spek\u00fclasyonlar \u00fczerine yorum yapmamay\u0131 tercih ediyoruz. T\u00fcrkiye&#8217;den YouTube&#8217;a eri\u015fim halen sa\u011flanamamaktad\u0131r. Fakat T\u00fcrkiye&#8217;deki kullan\u0131c\u0131lar\u0131m\u0131za eri\u015fimin sa\u011flanmas\u0131 i\u00e7in \u00e7al\u0131\u015fmalar\u0131m\u0131z devam etmektedir&#8217; denildi.<\/p>\n<p>YOUTUBE A\u00c7ILMADI \u00c7\u00dcNK\u00dc..<\/p>\n<p>Telekom\u00fcnikasyon Kurumu&#8217;ndan yap\u0131lan yaz\u0131l\u0131 a\u00e7\u0131klamada, &#8221;Youtube&#8221; internet sitesinin engelleme i\u015flemlerinin mahkeme kararlar\u0131yla ger\u00e7ekle\u015ftirildi\u011fini belirtilerek, &#8221;tekrar a\u00e7\u0131lmas\u0131n\u0131n mahkeme karar\u0131yla m\u00fcmk\u00fcn olabilece\u011fi&#8221; bildirildi.<\/p>\n<p>A\u00e7\u0131klamada, baz\u0131 bas\u0131n yay\u0131n organlar\u0131nda &#8221;Youtube&#8221; internet sitesinin a\u00e7\u0131ld\u0131\u011f\u0131na ili\u015fkin haberlerin bulundu\u011fu hat\u0131rlat\u0131ld\u0131. &#8221;Bu haberlerin kamuoyunu yan\u0131lt\u0131c\u0131 mahiyette bulunmas\u0131 nedeniyle a\u00e7\u0131klama yap\u0131lmas\u0131na gerek g\u00f6r\u00fcld\u00fc\u011f\u00fc&#8221; ifade edilen a\u00e7\u0131klamada, \u015funlar kaydedildi: &#8221;Youtube internet sitesinin engelleme i\u015flemleri mahkeme kararlar\u0131yla ger\u00e7ekle\u015ftirilmi\u015ftir. 5651 say\u0131l\u0131 yasan\u0131n 8. maddesinin 9. f\u0131kras\u0131nda yeniden a\u00e7\u0131lma usul\u00fcne yer verilmi\u015f olup, bu yasal prosed\u00fcr \u00e7er\u00e7evesinde tekrar a\u00e7\u0131lmas\u0131 mahkeme karar\u0131yla m\u00fcmk\u00fcn olabilecektir.&#8221;<\/p>\n<p>\u00d6te yandan, Ankara Cumhuriyet Ba\u015fsavc\u0131l\u0131\u011f\u0131 Bas\u0131n Su\u00e7lar\u0131n\u0131 Soru\u015fturma B\u00fcrosu taraf\u0131ndan &#8221;Atat\u00fcrk&#8217;\u00fcn manevi \u015fahsiyetine hakaret&#8221; su\u00e7u kapsam\u0131nda y\u00fcr\u00fct\u00fclen soru\u015fturmalar \u00e7er\u00e7evesinde, &#8221;Youtube&#8221;a eri\u015fim yasa\u011f\u0131n\u0131n devam etti\u011fi bildirildi. Bu yasa\u011f\u0131n kalkmas\u0131 i\u00e7in &#8221;su\u00e7 te\u015fkil eden i\u00e7erikteki g\u00f6r\u00fcnt\u00fclerin internet sitesinden \u00e7\u0131kart\u0131lmas\u0131 ve soru\u015fturmalar\u0131 y\u00fcr\u00fcten ilgili savc\u0131lar\u0131n Telekom\u00fcnikasyon Kurumu&#8217;na &#8221;eri\u015fimin engellenmesine ili\u015fkin yasa\u011f\u0131n kald\u0131r\u0131lmas\u0131 i\u00e7in yaz\u0131 g\u00f6ndermesi&#8221; gerekti\u011fi kaydedildi.<\/p>\n<p>Bu kapsamda, Ankara Cumhuriyet Ba\u015fsavc\u0131l\u0131\u011f\u0131 Bas\u0131n Su\u00e7lar\u0131n\u0131 Soru\u015fturma B\u00fcrosunca, bug\u00fcne kadarki bir soru\u015fturma kapsam\u0131nda eri\u015fim yasa\u011f\u0131n\u0131n kald\u0131r\u0131lmas\u0131 istendi. Ancak, &#8221;Atat\u00fcrk&#8217;\u00fcn manevi \u015fahsiyetine hakaret&#8221; su\u00e7u kapsam\u0131nda y\u00fcr\u00fct\u00fclen di\u011fer soru\u015fturmalar kapsam\u0131nda &#8221;Youtube&#8221;a eri\u015fim yasa\u011f\u0131n\u0131n devam etti\u011fi ifade edildi.<\/p>\n","protected":false},"excerpt":{"rendered":"<p>Youtube&#8217;tan T\u00fcrkiye A\u00e7\u0131klamas\u0131 | Aktif Haber 28 A\u011fustos 2008 13:37 T\u00fcrkiye&#8217;de Youtube&#8217;un a\u00e7\u0131ld\u0131\u011f\u0131 duyurulmu\u015ftu ancak kullan\u0131c\u0131lar hala giremiyordu. Youtube, bu haberler \u00fczerine resmi bir a\u00e7\u0131klama yapt\u0131. Son g\u00fcnlerde yay\u0131nlan &#8216;Yotube a\u00e7\u0131ld\u0131&#8217; haberleri \u00fczerine Youtube&#8217;tan a\u00e7\u0131klama geldi. YouTube, T\u00fcrkiye&#8217;den YouTube&#8217;a eri\u015fimin &#8216;halen&#8217; sa\u011flanamad\u0131\u011f\u0131n\u0131 duyurdu. YouTube&#8217;dan yap\u0131lan yaz\u0131l\u0131 a\u00e7\u0131klamada, &#8216;YouTube olarak s\u00f6ylenti ve spek\u00fclasyonlar \u00fczerine yorum yapmamay\u0131 tercih ediyoruz. T\u00fcrkiye&#8217;den YouTube&#8217;a eri\u015fim&#8230;<\/p>\n","protected":false},"author":1,"featured_media":0,"comment_status":"open","ping_status":"closed","sticky":false,"template":"","format":"standard","meta":{"jetpack_post_was_ever_published":false,"_jetpack_newsletter_access":"","_jetpack_dont_email_post_to_subs":false,"_jetpack_newsletter_tier_id":0,"_jetpack_memberships_contains_paywalled_content":false,"_jetpack_memberships_contains_paid_content":false,"footnotes":"","jetpack_publicize_message":"","jetpack_publicize_feature_enabled":true,"jetpack_social_post_already_shared":false,"jetpack_social_options":{"image_generator_settings":{"template":"highway","default_image_id":0,"font":"","enabled":false},"version":2}},"categories":[22,5,21,3,4],"tags":[],"class_list":["post-102","post","type-post","status-publish","format-standard","hentry","category-5651-nolu-kanun","category-dusunce-ozgurlugu","category-erisim-engelleme","category-sansur","category-youtube"],"jetpack_publicize_connections":[],"jetpack_featured_media_url":"","jetpack_sharing_enabled":true,"jetpack_shortlink":"https:\/\/wp.me\/p7wjA8-1E","jetpack-related-posts":[],"_links":{"self":[{"href":"https:\/\/privacy.cyber-rights.org.tr\/index.php?rest_route=\/wp\/v2\/posts\/102","targetHints":{"allow":["GET"]}}],"collection":[{"href":"https:\/\/privacy.cyber-rights.org.tr\/index.php?rest_route=\/wp\/v2\/posts"}],"about":[{"href":"https:\/\/privacy.cyber-rights.org.tr\/index.php?rest_route=\/wp\/v2\/types\/post"}],"author":[{"embeddable":true,"href":"https:\/\/privacy.cyber-rights.org.tr\/index.php?rest_route=\/wp\/v2\/users\/1"}],"replies":[{"embeddable":true,"href":"https:\/\/privacy.cyber-rights.org.tr\/index.php?rest_route=%2Fwp%2Fv2%2Fcomments&post=102"}],"version-history":[{"count":0,"href":"https:\/\/privacy.cyber-rights.org.tr\/index.php?rest_route=\/wp\/v2\/posts\/102\/revisions"}],"wp:attachment":[{"href":"https:\/\/privacy.cyber-rights.org.tr\/index.php?rest_route=%2Fwp%2Fv2%2Fmedia&parent=102"}],"wp:term":[{"taxonomy":"category","embeddable":true,"href":"https:\/\/privacy.cyber-rights.org.tr\/index.php?rest_route=%2Fwp%2Fv2%2Fcategories&post=102"},{"taxonomy":"post_tag","embeddable":true,"href":"https:\/\/privacy.cyber-rights.org.tr\/index.php?rest_route=%2Fwp%2Fv2%2Ftags&post=102"}],"curies":[{"name":"wp","href":"https:\/\/api.w.org\/{rel}","templated":true}]}}