{"id":104,"date":"2008-09-02T12:42:51","date_gmt":"2008-09-02T09:42:51","guid":{"rendered":"http:\/\/privacy.cyber-rights.org.tr\/?p=104"},"modified":"2008-09-02T12:42:54","modified_gmt":"2008-09-02T09:42:54","slug":"youtubeu-sogumaya-birakalim","status":"publish","type":"post","link":"https:\/\/privacy.cyber-rights.org.tr\/?p=104","title":{"rendered":"Youtube&#8217;u so\u011fumaya b\u0131rakal\u0131m"},"content":{"rendered":"<p><a href=\"http:\/\/yenisafak.com.tr\/Bilisim\/?t=01.09.2008&#038;i=137324\">Youtube&#8217;u so\u011fumaya b\u0131rakal\u0131m &#8211; 01.09.2008 &#8211; Bili\u015fim &#8211; Yeni \u015eafak<\/a><\/p>\n<p>Ardarda, o kadar \u00e7ok &#8216;Youtube a\u00e7\u0131ld\u0131&#8217;, &#8216;Youtube kapand\u0131&#8217; haberleri yay\u0131nlan\u0131yor ki, &#8216;a\u00e7-kapa&#8217; kurumumuz bile bu i\u015fin ayar\u0131n\u0131 ka\u00e7\u0131rd\u0131. En iyisi bu i\u015fi biraz so\u011fumaya b\u0131rakal\u0131m!<\/p>\n<p><!--more--><br \/>\nMEL\u0130H BAYRAM DEDE<br \/>\nGe\u00e7ti\u011fimiz hafta, hakk\u0131nda verilen \u00e7ok say\u0131da mahkeme karar\u0131 ile halen kapal\u0131 olan video payla\u015f\u0131m sitesi Youtube&#8217;un a\u00e7\u0131ld\u0131\u011f\u0131na dair haberler internet medyas\u0131 \u00fczerinden yay\u0131lmaya ba\u015fland\u0131. Dikkat ettiyseniz, burada Yeni \u015eafak hi\u00e7 topa girmedi. Bunun nedeni, art\u0131k Youtube&#8217;un ne zaman a\u00e7\u0131l\u0131p ne zaman kapand\u0131\u011f\u0131n\u0131n takip edilemeyecek kadar kar\u0131\u015fm\u0131\u015f olmas\u0131yd\u0131. Ve hakl\u0131l\u0131\u011f\u0131m\u0131z ortaya \u00e7\u0131kt\u0131. Youtube&#8217;un a\u00e7\u0131ld\u0131\u011f\u0131na dair haberler Telekom\u00fcnikasyon Kurumu taraf\u0131ndan yalanland\u0131. Ard\u0131ndan bir a\u00e7\u0131klama da Youtube cephesinde geldi. Son aylarca bas\u0131na direk a\u00e7\u0131klama yapmak yerine, devletin bir resmi kurumuymu\u015f gibi sadece Anadolu Ajans\u0131&#8217;na a\u00e7\u0131klama yapmay\u0131 adet haline getiren ve bas\u0131nla endirekt ileti\u015fim kurmaya \u00e7al\u0131\u015fan Youtube&#8217;un T\u00fcrkiye&#8217;deki temsilcileri, bu geleneklerini yine bozmad\u0131.<\/p>\n<p>GOOGLE T\u00dcRK\u0130YE \u00c7EL\u0130\u015eK\u0130S\u0130<\/p>\n<p>T\u00fcrkiye&#8217;deki temsilcileri her ne kadar sahiplenmese de video payla\u015f\u0131m sitesi Youtube, Google&#8217;a ait. Google T\u00fcrkiye ofisi, Youtube&#8217;un kendileriyle ilgisi olmad\u0131\u011f\u0131n\u0131 sitenin ayr\u0131 bir t\u00fczel ki\u015filik oldu\u011funu savunuyor ve bu konuda sorumluluk almaktan ka\u00e7\u0131n\u0131yor. Ancak i\u015fin ilgin\u00e7 yan\u0131, Youtube imzas\u0131yla T\u00fcrkiye kamuoyuna a\u00e7\u0131klamalar da yine bu ofisten yap\u0131l\u0131yor. Gelelim, YouTube ad\u0131na devletin resmi ajans\u0131na yap\u0131lan a\u00e7\u0131klamaya. \u015eirket a\u00e7\u0131klamas\u0131nda, T\u00fcrkiye&#8217;den YouTube&#8217;a eri\u015fimin halen sa\u011flanamad\u0131\u011f\u0131n\u0131 belirtiyor ve &#8220;YouTube olarak s\u00f6ylenti ve spek\u00fclasyonlar \u00fczerine yorum yapmamay\u0131 tercih ediyoruz. T\u00fcrkiye&#8217;den YouTube&#8217;a eri\u015fim halen sa\u011flanamamaktad\u0131r. Fakat T\u00fcrkiye&#8217;deki kullan\u0131c\u0131lar\u0131m\u0131za eri\u015fimin sa\u011flanmas\u0131 i\u00e7in \u00e7al\u0131\u015fmalar\u0131m\u0131z devam etmektedir&#8221; diyormu\u015f.<\/p>\n<p>YOUTUBE&#8217;A SORULAR<\/p>\n<p>Kullan\u0131c\u0131lara eri\u015fim sa\u011flanmas\u0131 i\u00e7in ne gibi \u00e7al\u0131\u015fmalar yap\u0131ld\u0131\u011f\u0131na dair hi\u00e7 bir bilgi verilmiyor. O zaman biz soral\u0131m: Bu s\u00fcre\u00e7te ne yap\u0131yorsunuz? \u015eimdiye kadar ne yapt\u0131n\u0131z, sak\u0131ncas\u0131 yoksa \u00f6\u011frenebilir miyiz? T\u00fcrk makamlar\u0131n\u0131n, &#8220;Bu sitenin sorumlusu kim karde\u015fim? Gelsin konu\u015fal\u0131m!&#8221; \u00f6nerilerine aylard\u0131r neden cevap verilmiyor? &#8216;Valla site bizim de\u011fil, bir tan\u0131d\u0131k a\u00e7m\u0131\u015f. Biz de onun iyi niyet temennilerini Anadolu Ajans\u0131&#8217;na ge\u00e7ip duruyoruz mu demek istiyorsunuz? Talep edildi\u011fi gibi, www.youtube.com.tr adresli T\u00fcrkiye&#8217;ye \u00f6zel bir site a\u00e7acak m\u0131s\u0131n\u0131z? Youtube&#8217;a bu adresten girildi\u011finde mahkeme karar\u0131yla yasak getirilen videolar \u00e7\u0131kmayacak, www.youtube.com&#8217;dan girildi\u011finde her \u015fey serbest mi olacak? Bu talep size mant\u0131ks\u0131z geliyorsa, bu konuda uluslararas\u0131 hukuku g\u00f6zeterek ne gibi bir \u00e7al\u0131\u015fma yapmay\u0131 d\u00fc\u015f\u00fcn\u00fcyorsunuz? Yapt\u0131\u011f\u0131n\u0131z \u00e7al\u0131\u015fma yoksa, hi\u00e7 bir \u015fey yapmamak temeline mi dayan\u0131yor?<\/p>\n<p>TK KEND\u0130S\u0130N\u0130 YALANLADI<\/p>\n<p>G\u00fcnlerdir &#8216;Youtube a\u00e7\u0131ld\u0131&#8217; \u015feklinde bas\u0131nda yans\u0131yan haberlerle ilgili a\u00e7\u0131klama yapmakta gecikmenin, hem Google T\u00fcrkiye hem de Telekom\u00fcnikasyon Kurumu a\u00e7\u0131s\u0131ndan affedilir yan\u0131 yok! Hele, Telekom\u00fcnikasyon Kurumu Bas\u0131n M\u00fc\u015favirli\u011fi&#8217;nden Youtube&#8217;un a\u00e7\u0131ld\u0131\u011f\u0131na dair a\u00e7\u0131klama yap\u0131l\u0131p, ard\u0131ndan hem Telekom\u00fcnikasyon Kurumu hem de \u0130nternet Daire Ba\u015fkan\u0131 Osman Nihat \u015een&#8217;in bu a\u00e7\u0131klamay\u0131 yalanmas\u0131 ve kapatma karar\u0131n\u0131n s\u00fcrd\u00fc\u011f\u00fcn\u00fc a\u00e7\u0131klamas\u0131 konunun art\u0131k \u00e7\u0131\u011f\u0131r\u0131ndan \u00e7\u0131kt\u0131\u011f\u0131n\u0131n bir g\u00f6stergesi!<\/p>\n<p>01.09.2008<\/p>\n","protected":false},"excerpt":{"rendered":"<p>Youtube&#8217;u so\u011fumaya b\u0131rakal\u0131m &#8211; 01.09.2008 &#8211; Bili\u015fim &#8211; Yeni \u015eafak Ardarda, o kadar \u00e7ok &#8216;Youtube a\u00e7\u0131ld\u0131&#8217;, &#8216;Youtube kapand\u0131&#8217; haberleri yay\u0131nlan\u0131yor ki, &#8216;a\u00e7-kapa&#8217; kurumumuz bile bu i\u015fin ayar\u0131n\u0131 ka\u00e7\u0131rd\u0131. En iyisi bu i\u015fi biraz so\u011fumaya b\u0131rakal\u0131m!<\/p>\n","protected":false},"author":1,"featured_media":0,"comment_status":"open","ping_status":"closed","sticky":false,"template":"","format":"standard","meta":{"jetpack_post_was_ever_published":false,"_jetpack_newsletter_access":"","_jetpack_dont_email_post_to_subs":false,"_jetpack_newsletter_tier_id":0,"_jetpack_memberships_contains_paywalled_content":false,"_jetpack_memberships_contains_paid_content":false,"footnotes":"","jetpack_publicize_message":"","jetpack_publicize_feature_enabled":true,"jetpack_social_post_already_shared":false,"jetpack_social_options":{"image_generator_settings":{"template":"highway","default_image_id":0,"font":"","enabled":false},"version":2}},"categories":[21,4],"tags":[],"class_list":["post-104","post","type-post","status-publish","format-standard","hentry","category-erisim-engelleme","category-youtube"],"jetpack_publicize_connections":[],"jetpack_featured_media_url":"","jetpack_sharing_enabled":true,"jetpack_shortlink":"https:\/\/wp.me\/p7wjA8-1G","jetpack-related-posts":[],"_links":{"self":[{"href":"https:\/\/privacy.cyber-rights.org.tr\/index.php?rest_route=\/wp\/v2\/posts\/104","targetHints":{"allow":["GET"]}}],"collection":[{"href":"https:\/\/privacy.cyber-rights.org.tr\/index.php?rest_route=\/wp\/v2\/posts"}],"about":[{"href":"https:\/\/privacy.cyber-rights.org.tr\/index.php?rest_route=\/wp\/v2\/types\/post"}],"author":[{"embeddable":true,"href":"https:\/\/privacy.cyber-rights.org.tr\/index.php?rest_route=\/wp\/v2\/users\/1"}],"replies":[{"embeddable":true,"href":"https:\/\/privacy.cyber-rights.org.tr\/index.php?rest_route=%2Fwp%2Fv2%2Fcomments&post=104"}],"version-history":[{"count":0,"href":"https:\/\/privacy.cyber-rights.org.tr\/index.php?rest_route=\/wp\/v2\/posts\/104\/revisions"}],"wp:attachment":[{"href":"https:\/\/privacy.cyber-rights.org.tr\/index.php?rest_route=%2Fwp%2Fv2%2Fmedia&parent=104"}],"wp:term":[{"taxonomy":"category","embeddable":true,"href":"https:\/\/privacy.cyber-rights.org.tr\/index.php?rest_route=%2Fwp%2Fv2%2Fcategories&post=104"},{"taxonomy":"post_tag","embeddable":true,"href":"https:\/\/privacy.cyber-rights.org.tr\/index.php?rest_route=%2Fwp%2Fv2%2Ftags&post=104"}],"curies":[{"name":"wp","href":"https:\/\/api.w.org\/{rel}","templated":true}]}}