{"id":1043,"date":"2010-06-14T01:00:55","date_gmt":"2010-06-13T22:00:55","guid":{"rendered":"http:\/\/privacy.cyber-rights.org.tr\/?p=1043"},"modified":"2010-06-14T01:00:58","modified_gmt":"2010-06-13T22:00:58","slug":"cumhuriyet-google-yetkilileri-turkiyeye-gelecek","status":"publish","type":"post","link":"https:\/\/privacy.cyber-rights.org.tr\/?p=1043","title":{"rendered":"Cumhuriyet: Google yetkilileri T\u00fcrkiye&#8217;ye gelecek"},"content":{"rendered":"<p><a href=\"http:\/\/www.cumhuriyet.com.tr\/?hn=148202\">Cumhuriyet Portal<\/a><\/p>\n<p>Google yetkilileri T\u00fcrkiye&#8217;ye gelecek&#8217;<\/p>\n<p>Ula\u015ft\u0131rma Bakan\u0131 Binali Y\u0131ld\u0131r\u0131m, &#8221;Google&#8221; yetkililerinin, Telekom\u00fcnikasyon \u0130leti\u015fim Ba\u015fkanl\u0131\u011f\u0131ndan (T\u0130B) g\u00f6r\u00fc\u015fme talebinde bulunduklar\u0131n\u0131 bildirerek, &#8221;En k\u0131sa zamanda, \u00f6n\u00fcm\u00fczdeki hafta muhtemelen gelirler&#8221; dedi.<\/p>\n<p>AA, 13.06.2010<\/p>\n<p>Kars- Ula\u015ft\u0131rma Bakan\u0131 Binali Y\u0131ld\u0131r\u0131m, Kars Havaalan\u0131ndaki yeni i\u00e7 ve d\u0131\u015f hatlar terminal binas\u0131n\u0131n temel atma t\u00f6reninin ard\u0131ndan bir grup bas\u0131n mensubuyla sohbet toplant\u0131s\u0131nda bir araya geldi.<\/p>\n<p>Gazetecilerin sorular\u0131n\u0131 yan\u0131tlayan Y\u0131ld\u0131r\u0131m, eri\u015fimi engellenen &#8221;Youtube&#8221; internet sitesine ili\u015fkin bir soru \u00fczerine, &#8221;Memleketin meseleleri dururken, millet para kazan\u0131yor. Bir reklam, pazarlama \u015firketin olacak, hi\u00e7 bir tane fatura kesmeyeceksin. Ondan sonra da &#8216;internete \u00f6zg\u00fcrl\u00fck&#8217; diye T\u00fcrkiye&#8217;den de adamlar\u0131 g\u00f6t\u00fcreceksin merkezine dola\u015ft\u0131racaks\u0131n, ondan sonra yaz\u0131p \u00e7izecekler. B\u00f6yle \u015fey olmaz. Bu \u00fclkenin haklar\u0131n\u0131 korumak hepimizin g\u00f6revi&#8221; diye konu\u015ftu. \u00c7al\u0131\u015fanlar\u0131n maa\u015f\u0131ndan bir \u00e7ok vergi \u00f6dediklerini, k\u00fc\u00e7\u00fck esnaf\u0131n da vergi \u00f6dedi\u011fini an\u0131msatan Y\u0131ld\u0131r\u0131m, &#8221;Bunlar d\u00fcnya kadar reklam al\u0131yor. Vergi yok, fatura kesiyor mu, kesiyor. Nereden kesiyor? \u0130rlanda&#8217;dan kesiyor&#8221; dedi.<\/p>\n<p>Ula\u015ft\u0131rma Bakan\u0131 Y\u0131ld\u0131r\u0131m, konuya ili\u015fkin Google yetkililerinin g\u00f6r\u00fc\u015fme talebinde bulunduklar\u0131n\u0131 bildirerek, &#8221;Adamlardan da ses geldi, gelip g\u00f6r\u00fc\u015fecekler. En k\u0131sa zamanda, \u00f6n\u00fcm\u00fczdeki hafta muhtemelen gelirler. Bizim kap\u0131m\u0131z her zaman a\u00e7\u0131k, gelsin konu\u015fsunlar, g\u00f6r\u00fc\u015fs\u00fcnler. Muhataplar\u0131 BTK, art\u0131k bizle i\u015fleri olmaz. Dediklerimizi yapt\u0131ktan sonra gelirler, &#8216;yapt\u0131k&#8217; derler o zaman da biz de g\u00f6r\u00fc\u015f\u00fcr\u00fcz&#8221; diye konu\u015ftu.<\/p>\n<p>&#8221;\u0130nternet sitesiyle nas\u0131l bir anla\u015fma olur?&#8221; \u015feklindeki bir soru \u00fczerine de Y\u0131ld\u0131r\u0131m, &#8221;Bizim anla\u015fma gibi bir \u015feyimiz yok. Biz diyoruz ki &#8216;\u015funlar\u0131, \u015funlar\u0131 yap&#8217;. Pazarl\u0131k edecek halimiz yok. T\u00fcrk hukukunu tan\u0131yacaks\u0131n, T\u00fcrkiye&#8217;de m\u00fckellef olacaks\u0131n, T\u00fcrkiye&#8217;de yerli s\u00fcr\u00fcm yapacaks\u0131n, adresin belli olacak, ben seni arad\u0131\u011f\u0131mda bulmam laz\u0131m, buradan para kazan\u0131yorsan muhakkak buran\u0131n kurallar\u0131na, usullerine, hukuk sistemine, her\u015feyine raz\u0131 olacaks\u0131n, hakk\u0131n\u0131 da burada arayacaks\u0131n&#8221; yan\u0131t\u0131n\u0131 verdi.<\/p>\n<p>&#8216;Kar\u0131n gurultusu gibi bir sesle internete ba\u011flanmaya \u00e7al\u0131\u015f\u0131yorduk&#8217;<\/p>\n<p>T\u00fcrkiye&#8217;de yapt\u0131klar\u0131 \u00e7al\u0131\u015fmalar\u0131 anlatan Bakan Y\u0131ld\u0131r\u0131m, &#8221;Geni\u015fbant yoktu bu \u00fclkede, geni\u015fband\u0131 kim getirdi? Bir tane kar\u0131n gurultusu gibi bir sesle internete ba\u011flanmaya \u00e7al\u0131\u015f\u0131yorduk. Giremeden d\u00fc\u015f\u00fcyorduk, gur gur gur gur&#8230; \u015eimdi internet otobanlar\u0131 var, herkes giriyor. Bilgi toplumu hedeflerimiz var, projelerimiz var&#8221; \u015feklinde konu\u015ftu. Google yetkililerine de seslenen Binali Y\u0131ld\u0131r\u0131m, &#8221;\u00c7ok g\u00fczel, arama motorun var, payla\u015f\u0131m siten var. Bunlar faydal\u0131 \u015feyler, insanlar d\u00fcnya ile irtibata ge\u00e7iyor, i\u015fini g\u00f6r\u00fcyor, bilgi ediniyor ama \u00e7ifte standart olmas\u0131n. 23 \u00fclkeye yerli s\u00fcr\u00fcm yapm\u0131\u015fs\u0131n. Niye T\u00fcrkiye&#8217;nin yok? T\u00fcrkiye&#8217;ye de yap. Hukuki konularda kurumla, T\u0130B ile, yarg\u0131 ile i\u015fin olunca bir muhatap olsun, buraya bir adam tayin et hukuki i\u015flerine baks\u0131n, vergi al\u0131\u015fveri\u015flerine baks\u0131n, dedi\u011fimiz bu. Di\u011fer \u00fclkelerde yapt\u0131n, T\u00fcrkiye&#8217;de de yapacaks\u0131n&#8221; \u015feklinde konu\u015ftu.<\/p>\n<p>Ula\u015ft\u0131rma Bakan\u0131 Y\u0131ld\u0131r\u0131m, bu sitelerin Almanya ve Brezilya ile son d\u00f6nemde bir anla\u015fma yapt\u0131klar\u0131n\u0131 belirterek, \u015funlar\u0131 kaydetti: &#8221;Alman yarg\u0131s\u0131n\u0131n bu sitelere online ba\u011flant\u0131s\u0131 var. Bir \u015feyi savc\u0131l\u0131k tespit etti\u011finde hemen ikaz ediyor, 72 saatte kald\u0131rd\u0131 kald\u0131rd\u0131, kald\u0131rmad\u0131, otomatik kapat\u0131yor. Almanya, Brezilya&#8230; Bug\u00fcne kadar Almanya&#8217;n\u0131n bu \u015fekilde yapt\u0131\u011f\u0131 talep say\u0131s\u0131 130&#8217;u bulmu\u015f. T\u00fcrkiye&#8217;de 10 bile de\u011fil. Neyin k\u0131yametini kopar\u0131yoruz? Bilen de konu\u015fuyor, bilmeyen de konu\u015fuyor. Yaz\u0131k g\u00fcnah&#8230; Bu \u00fclkenin bir onuru var, bu \u00fclkenin bir kimli\u011fi var. Hi\u00e7 kimse bu \u00fclkeye, T\u00fcrkiye&#8217;ye \u00fc\u00e7\u00fcnc\u00fc d\u00fcnya \u00fclkesi muamelesi yapamaz. Hi\u00e7 kimsenin bunu yapmaya hakk\u0131 yok. Buras\u0131 bir hukuk devleti.&#8221;<\/p>\n<p>&#8216;\u015eark kurnazl\u0131\u011f\u0131 yap\u0131yor&#8217;<\/p>\n<p>Bu sitelere y\u00f6nelik yarg\u0131 karar\u0131n\u0131n yanl\u0131\u015f da olabilece\u011fini ancak bunun d\u00fczeltilmesi i\u00e7in haklar\u0131n\u0131 aramad\u0131klar\u0131n\u0131 belirten Ula\u015ft\u0131rma Bakan\u0131 Y\u0131ld\u0131r\u0131m, \u015f\u00f6yle devam etti: &#8221;(Ben b\u00fcy\u00fck firmay\u0131m), &#8216;T\u00fcrkiye&#8217;nin kanunlar\u0131 beni ba\u011flamaz&#8217;, &#8216;T\u00fcrk halk\u0131 da zaten bana mahkum&#8217;, &#8216;niye o zaman kendimi yoray\u0131m?&#8217;&#8230; Ben milletime a\u00e7\u0131k\u00e7a ne oldu\u011funu s\u00f6yl\u00fcyorum. Karar milletin. Hi\u00e7 kimsenin al\u0131\u015f\u0131nda veri\u015finde, kazanc\u0131nda g\u00f6z\u00fcm\u00fcz yok. Herkesin ba\u015f\u0131m\u0131z g\u00f6z\u00fcm\u00fcz \u00fczerinde yeri var, para kazans\u0131n, i\u015f yaps\u0131n, istihdam olu\u015ftursun. Ama kar\u015f\u0131l\u0131\u011f\u0131n\u0131 da versin, bu \u00fclkenin kanunlar\u0131na riayet etsin, kurallar\u0131na uysun, hassasiyetlerine dikkat etsin. Sen \u015fimdi Atat\u00fcrk&#8217;e hakaret i\u00e7eren bilgileri, videolar\u0131 koyacaks\u0131n. Biz de &#8216;vars\u0131n olsun can\u0131m i\u015fte bu yani bas\u0131n \u00f6zg\u00fcrl\u00fc\u011f\u00fcd\u00fcr, h\u00fcrriyetlerdir&#8230;&#8217; Bu \u00fclkenin de\u011ferlerini biz korumayaca\u011f\u0131z da kim koruyacak? Bizim bir vatanda\u015f\u0131m\u0131z yapsa ayn\u0131 \u015feyi, adam \u00fclke i\u00e7inde gidecek yer bulamaz. Ne bu m\u00fcsamaha? Yapmayal\u0131m l\u00fctfen. Bu \u00fclkenin de\u011ferlerini biz korumayaca\u011f\u0131z, kim koruyacak?&#8221; S\u00f6z konusu internet sitesi yerine sivil toplum kurulu\u015flar\u0131n\u0131n eri\u015fim karar\u0131n\u0131n iptali i\u00e7in yarg\u0131ya ba\u015fvurduklar\u0131n\u0131 an\u0131msatan Y\u0131ld\u0131r\u0131m, &#8221;O da hi\u00e7 yokken iyidir&#8221; de\u011ferlendirmesinde bulundu.<\/p>\n<p>Y\u0131ld\u0131r\u0131m, &#8221;Google Earth&#8217;e, Youtube&#8217;un Ip&#8217;sini veriyor, \u015fark kurnazl\u0131\u011f\u0131 yap\u0131yor. &#8216;Bunlar yasaklad\u0131lar&#8217;&#8230; Bu da d\u00fcr\u00fcst bir davran\u0131\u015f de\u011fil, o da ayr\u0131 bir \u015fey. Ne yaparsa yaps\u0131n. Yapaca\u011f\u0131 \u015feyler \u00e7ok net. Bu \u00fclkenin vatanda\u015f\u0131 hangi kurallara, hangi kanunlara tabi ise onlar da ayn\u0131 kurallara tabi. Onlar\u0131n ge\u00e7i\u015f \u00fcst\u00fcnl\u00fc\u011f\u00fc olamaz&#8221; dedi. Bilgi Teknolojileri ve \u0130leti\u015fim Kurumu (BTK) Ba\u015fkan\u0131 Tayfun Acarer de konuya ili\u015fkin &#8221;Son olaylar kendi i\u00e7inde yapt\u0131klar\u0131 d\u00fczenlemeler. Kurum olarak, T\u0130B olarak herhangi bir \u015fey istemedik. Youtube&#8217;un da sahibi olan Google, IP baz\u0131nda harmanlama yapt\u0131 ve Youtube&#8217;un mahkeme karar\u0131yla eri\u015fimi engellenen IP adreslerini ba\u015fka sitelere verdi, Google Analitic gibi&#8221; dedi.<\/p>\n<p>Gazze&#8217;ye yard\u0131m g\u00f6t\u00fcren gemilere sald\u0131r\u0131<\/p>\n<p>Ula\u015ft\u0131rma Bakan\u0131 Y\u0131ld\u0131r\u0131m, \u0130srail&#8217;in Gazze&#8217;ye yard\u0131m g\u00f6t\u00fcren gemilere y\u00f6nelik sald\u0131r\u0131s\u0131 konusunda da T\u00fcrkiye&#8217;nin bu i\u015fin pe\u015fini b\u0131rakmayaca\u011f\u0131n\u0131, \u0130srail&#8217;in bu i\u015fin bedeli neyse ona katlanaca\u011f\u0131n\u0131 s\u00f6yledi. Y\u0131ld\u0131r\u0131m, &#8221;E\u011fer bu gibi olaylara uluslararas\u0131 camia prim verirse o zaman da bu i\u015fler me\u015fru olur. Nas\u0131l 11 Eyl\u00fcl&#8217;de d\u00fcnya aya\u011fa kalkt\u0131ysa, biz de beklerdik ki bu olayda da d\u00fcnya aya\u011fa kalks\u0131n. Herkesin ayn\u0131 duyarl\u0131l\u0131\u011f\u0131 g\u00f6stermesi laz\u0131m&#8221; diye konu\u015ftu.<br \/>\n12 Haziran 2010<\/p>\n","protected":false},"excerpt":{"rendered":"<p>Cumhuriyet Portal Google yetkilileri T\u00fcrkiye&#8217;ye gelecek&#8217; Ula\u015ft\u0131rma Bakan\u0131 Binali Y\u0131ld\u0131r\u0131m, &#8221;Google&#8221; yetkililerinin, Telekom\u00fcnikasyon \u0130leti\u015fim Ba\u015fkanl\u0131\u011f\u0131ndan (T\u0130B) g\u00f6r\u00fc\u015fme talebinde bulunduklar\u0131n\u0131 bildirerek, &#8221;En k\u0131sa zamanda, \u00f6n\u00fcm\u00fczdeki hafta muhtemelen gelirler&#8221; dedi. AA, 13.06.2010 Kars- Ula\u015ft\u0131rma Bakan\u0131 Binali Y\u0131ld\u0131r\u0131m, Kars Havaalan\u0131ndaki yeni i\u00e7 ve d\u0131\u015f hatlar terminal binas\u0131n\u0131n temel atma t\u00f6reninin ard\u0131ndan bir grup bas\u0131n mensubuyla sohbet toplant\u0131s\u0131nda bir araya geldi. Gazetecilerin sorular\u0131n\u0131 yan\u0131tlayan&#8230;<\/p>\n","protected":false},"author":1,"featured_media":0,"comment_status":"open","ping_status":"closed","sticky":false,"template":"","format":"standard","meta":{"jetpack_post_was_ever_published":false,"_jetpack_newsletter_access":"","_jetpack_dont_email_post_to_subs":false,"_jetpack_newsletter_tier_id":0,"_jetpack_memberships_contains_paywalled_content":false,"_jetpack_memberships_contains_paid_content":false,"footnotes":"","jetpack_publicize_message":"","jetpack_publicize_feature_enabled":true,"jetpack_social_post_already_shared":false,"jetpack_social_options":{"image_generator_settings":{"template":"highway","default_image_id":0,"font":"","enabled":false},"version":2}},"categories":[22,5,21,8,3,17,67,78,4],"tags":[],"class_list":["post-1043","post","type-post","status-publish","format-standard","hentry","category-5651-nolu-kanun","category-dusunce-ozgurlugu","category-erisim-engelleme","category-google","category-sansur","category-tib","category-turkiye","category-yaman-akdeniz","category-youtube"],"jetpack_publicize_connections":[],"jetpack_featured_media_url":"","jetpack_sharing_enabled":true,"jetpack_shortlink":"https:\/\/wp.me\/p7wjA8-gP","jetpack-related-posts":[],"_links":{"self":[{"href":"https:\/\/privacy.cyber-rights.org.tr\/index.php?rest_route=\/wp\/v2\/posts\/1043","targetHints":{"allow":["GET"]}}],"collection":[{"href":"https:\/\/privacy.cyber-rights.org.tr\/index.php?rest_route=\/wp\/v2\/posts"}],"about":[{"href":"https:\/\/privacy.cyber-rights.org.tr\/index.php?rest_route=\/wp\/v2\/types\/post"}],"author":[{"embeddable":true,"href":"https:\/\/privacy.cyber-rights.org.tr\/index.php?rest_route=\/wp\/v2\/users\/1"}],"replies":[{"embeddable":true,"href":"https:\/\/privacy.cyber-rights.org.tr\/index.php?rest_route=%2Fwp%2Fv2%2Fcomments&post=1043"}],"version-history":[{"count":1,"href":"https:\/\/privacy.cyber-rights.org.tr\/index.php?rest_route=\/wp\/v2\/posts\/1043\/revisions"}],"predecessor-version":[{"id":1044,"href":"https:\/\/privacy.cyber-rights.org.tr\/index.php?rest_route=\/wp\/v2\/posts\/1043\/revisions\/1044"}],"wp:attachment":[{"href":"https:\/\/privacy.cyber-rights.org.tr\/index.php?rest_route=%2Fwp%2Fv2%2Fmedia&parent=1043"}],"wp:term":[{"taxonomy":"category","embeddable":true,"href":"https:\/\/privacy.cyber-rights.org.tr\/index.php?rest_route=%2Fwp%2Fv2%2Fcategories&post=1043"},{"taxonomy":"post_tag","embeddable":true,"href":"https:\/\/privacy.cyber-rights.org.tr\/index.php?rest_route=%2Fwp%2Fv2%2Ftags&post=1043"}],"curies":[{"name":"wp","href":"https:\/\/api.w.org\/{rel}","templated":true}]}}