{"id":1057,"date":"2010-06-17T18:07:56","date_gmt":"2010-06-17T15:07:56","guid":{"rendered":"http:\/\/privacy.cyber-rights.org.tr\/?p=1057"},"modified":"2010-06-17T18:07:59","modified_gmt":"2010-06-17T15:07:59","slug":"ben-giriyorum-siz-de-girin-demisti-haberturk","status":"publish","type":"post","link":"https:\/\/privacy.cyber-rights.org.tr\/?p=1057","title":{"rendered":"&#8220;Ben giriyorum siz de girin&#8221; demi\u015fti &#8211; Habert\u00fcrk"},"content":{"rendered":"<p><a href=\"http:\/\/www.haberturk.com\/polemik\/haber\/524368-ben-giriyorum-siz-de-girin-demisti\">&#8220;Ben giriyorum siz de girin&#8221; demi\u015fti &#8211; Habert\u00fcrk<\/a><\/p>\n<p>\u015eimdi o da Youtube ma\u011fduru<br \/>\n17 Haziran 2010 Per\u015fembe, 10:58:36<br \/>\nOlcay AYD\u0130LEK\/ GAZETE HABERT\u00dcRK<\/p>\n<p>Atat\u00fcrk\u2019e hakaret i\u00e7eren videolar nedeniyle eri\u015fime kapat\u0131lan Youtube\u2019a girdi\u011fini s\u00f6yleyen Ba\u015fbakan Erdo\u011fan da art\u0131k ma\u011fdur. Gazze bask\u0131n\u0131 sonras\u0131 siteye konan ve Ba\u015fbakan\u2019a hakaret  \u00e7eren montajl\u0131 g\u00f6r\u00fcnt\u00fclerin kald\u0131r\u0131lmas\u0131 iste\u011fine ret yan\u0131t\u0131 alan BTK, siteye eri\u015fimi daha da zorla\u015ft\u0131rmaya haz\u0131rlan\u0131yor<\/p>\n<p>T\u00dcRK\u0130YE Youtube ve Google ekseninde zaman zaman \u2018devletin zirvesi\u2019nin de kat\u0131l\u0131m\u0131yla internette \u00f6zg\u00fcrl\u00fc\u011f\u00fc tart\u0131\u015f\u0131rken perde gerisinde devlet otoritesi ile internet siteleri aras\u0131nda \u00e7etin m\u00fczakerelerin y\u00fcr\u00fct\u00fcld\u00fc\u011f\u00fc ortaya \u00e7\u0131kt\u0131.<\/p>\n<p>Son olarak \u0130srail\u2019in Mavi Marmara sald\u0131r\u0131s\u0131n\u0131n ard\u0131ndan Ba\u015fbakan Erdo\u011fan\u2019la ilgili hakaret i\u00e7eren montajl\u0131 g\u00f6r\u00fcnt\u00fclerin Youtube\u2019a d\u00fc\u015fmesi \u00fczerine Bilgi Teknolojileri ve \u0130leti\u015fim Kurumu (BTK) harekete ge\u00e7ti.<br \/>\n\u2018T\u00fcrkiye Cumhuriyeti Ba\u015fbakan\u0131\u2019na sald\u0131r\u0131 niteli\u011findeki montaj videolar\u0131n\u0131n kald\u0131r\u0131lmas\u0131n\u0131\u2019 iste yen ancak site y\u00f6netiminden \u2018internet \u00f6zg\u00fcrl\u00fc\u011f\u00fc\u2019n\u00fc k\u0131s\u0131tlamak gerek\u00e7esiyle ret yan\u0131t\u0131 alan BTK, siteye eri\u015fimi daha da zorla\u015ft\u0131racak politika izlemeye ba\u015flad\u0131. Konuyla ilgili bir BTK yetkilisi site y\u00f6neticilerini defalarca uyard\u0131klar\u0131n\u0131 ancak sonu\u00e7 alamad\u0131klar\u0131n\u0131 anlatt\u0131, di\u011fer \u00fclkelerin bu t\u00fcr taleplerinin yerine getirildi\u011fine dikkat \u00e7ekti. \u00d6te yandan BTK ge\u00e7en haftaya damga vuran Youtube ve Google krizinin ard\u0131ndan bu sitelerin y\u00f6neticileriyle g\u00f6r\u00fc\u015fmek i\u00e7in giri\u015fimde bulundu, ancak Google yetkilileri randevuya gelmedi.<\/p>\n<p>Erdo\u011fan: Ben giriyorum siz de girin<br \/>\nYoutube, 5 May\u0131s 2008\u2019de Atat\u00fcrk\u2019e hakaret g\u00f6r\u00fcnt\u00fcleri nedeniyle yarg\u0131 karar\u0131yla kapat\u0131ld\u0131. Site 10 g\u00f6r\u00fcnt\u00fcden alt\u0131s\u0131n\u0131 kald\u0131rd\u0131 ancak dola\u015f\u0131mda kalan d\u00f6rt g\u00f6r\u00fcnt\u00fc nedeniyle bu siteye eri\u015fim yasa\u011f\u0131 s\u00fcr\u00fcyor. Ba\u015fbakan Erdo\u011fan, 2008 sonunda Hindistan gezisinde gazetecilerin sorular\u0131n\u0131 yan\u0131tlarken, \u2018yasakl\u0131\u2019 Youtube\u2019a girdi\u011fini belirterek, \u2018Ben giriyorum, siz de girin\u2019 demi\u015fti.<\/p>\n","protected":false},"excerpt":{"rendered":"<p>&#8220;Ben giriyorum siz de girin&#8221; demi\u015fti &#8211; Habert\u00fcrk \u015eimdi o da Youtube ma\u011fduru 17 Haziran 2010 Per\u015fembe, 10:58:36 Olcay AYD\u0130LEK\/ GAZETE HABERT\u00dcRK Atat\u00fcrk\u2019e hakaret i\u00e7eren videolar nedeniyle eri\u015fime kapat\u0131lan Youtube\u2019a girdi\u011fini s\u00f6yleyen Ba\u015fbakan Erdo\u011fan da art\u0131k ma\u011fdur. Gazze bask\u0131n\u0131 sonras\u0131 siteye konan ve Ba\u015fbakan\u2019a hakaret \u00e7eren montajl\u0131 g\u00f6r\u00fcnt\u00fclerin kald\u0131r\u0131lmas\u0131 iste\u011fine ret yan\u0131t\u0131 alan BTK, siteye eri\u015fimi daha da zorla\u015ft\u0131rmaya haz\u0131rlan\u0131yor&#8230;<\/p>\n","protected":false},"author":1,"featured_media":0,"comment_status":"open","ping_status":"closed","sticky":false,"template":"","format":"standard","meta":{"jetpack_post_was_ever_published":false,"_jetpack_newsletter_access":"","_jetpack_dont_email_post_to_subs":false,"_jetpack_newsletter_tier_id":0,"_jetpack_memberships_contains_paywalled_content":false,"_jetpack_memberships_contains_paid_content":false,"footnotes":"","jetpack_publicize_message":"","jetpack_publicize_feature_enabled":true,"jetpack_social_post_already_shared":false,"jetpack_social_options":{"image_generator_settings":{"template":"highway","default_image_id":0,"font":"","enabled":false},"version":2}},"categories":[22,5,21,28,3,126,67,4],"tags":[],"class_list":["post-1057","post","type-post","status-publish","format-standard","hentry","category-5651-nolu-kanun","category-dusunce-ozgurlugu","category-erisim-engelleme","category-hakaret","category-sansur","category-tespit","category-turkiye","category-youtube"],"jetpack_publicize_connections":[],"jetpack_featured_media_url":"","jetpack_sharing_enabled":true,"jetpack_shortlink":"https:\/\/wp.me\/p7wjA8-h3","jetpack-related-posts":[],"_links":{"self":[{"href":"https:\/\/privacy.cyber-rights.org.tr\/index.php?rest_route=\/wp\/v2\/posts\/1057","targetHints":{"allow":["GET"]}}],"collection":[{"href":"https:\/\/privacy.cyber-rights.org.tr\/index.php?rest_route=\/wp\/v2\/posts"}],"about":[{"href":"https:\/\/privacy.cyber-rights.org.tr\/index.php?rest_route=\/wp\/v2\/types\/post"}],"author":[{"embeddable":true,"href":"https:\/\/privacy.cyber-rights.org.tr\/index.php?rest_route=\/wp\/v2\/users\/1"}],"replies":[{"embeddable":true,"href":"https:\/\/privacy.cyber-rights.org.tr\/index.php?rest_route=%2Fwp%2Fv2%2Fcomments&post=1057"}],"version-history":[{"count":1,"href":"https:\/\/privacy.cyber-rights.org.tr\/index.php?rest_route=\/wp\/v2\/posts\/1057\/revisions"}],"predecessor-version":[{"id":1058,"href":"https:\/\/privacy.cyber-rights.org.tr\/index.php?rest_route=\/wp\/v2\/posts\/1057\/revisions\/1058"}],"wp:attachment":[{"href":"https:\/\/privacy.cyber-rights.org.tr\/index.php?rest_route=%2Fwp%2Fv2%2Fmedia&parent=1057"}],"wp:term":[{"taxonomy":"category","embeddable":true,"href":"https:\/\/privacy.cyber-rights.org.tr\/index.php?rest_route=%2Fwp%2Fv2%2Fcategories&post=1057"},{"taxonomy":"post_tag","embeddable":true,"href":"https:\/\/privacy.cyber-rights.org.tr\/index.php?rest_route=%2Fwp%2Fv2%2Ftags&post=1057"}],"curies":[{"name":"wp","href":"https:\/\/api.w.org\/{rel}","templated":true}]}}