{"id":107,"date":"2008-09-02T18:47:36","date_gmt":"2008-09-02T15:47:36","guid":{"rendered":"http:\/\/privacy.cyber-rights.org.tr\/?p=107"},"modified":"2008-09-02T18:47:40","modified_gmt":"2008-09-02T15:47:40","slug":"%e2%80%99telekulak%e2%80%99i-haber-yapanlara-dava","status":"publish","type":"post","link":"https:\/\/privacy.cyber-rights.org.tr\/?p=107","title":{"rendered":"\u2019TELEKULAK\u2019I HABER YAPANLARA DAVA"},"content":{"rendered":"<p><a href=\"http:\/\/www.objektifhaber.com\/yeni\/objhab\/default.aspx?id=2O31O155363\">OBJEKT\u0130FHABER &#8211; \u2019TELEKULAK\u2019I HABER YAPANLARA DAVA<\/a>: &#8220;\u2019TELEKULAK\u2019I HABER YAPANLARA DAVA<\/p>\n<p>Ankara 11. A\u011f\u0131r Ceza Mahkemesi\u2019nin polise ve M\u0130T\u2019e t\u00fcm T\u00fcrkiye\u2019nin telefon, internet ve faks haberle\u015fmesinin izlenmesi y\u00f6n\u00fcnde yetki veren karar\u0131n\u0131 haber yapan Vatan gazetesi muhabiri Kemal G\u00f6kta\u015f ile Milliyet Gazetesi muhabiri G\u00f6k\u00e7er Tahincio\u011flu\u2019na dava a\u00e7\u0131ld\u0131. \u0130ki gazetecinin \u00fc\u00e7 y\u0131la kadar hapis cezas\u0131na \u00e7arpt\u0131r\u0131lmas\u0131 isteniyor.<br \/>\nT\u00fcrkiye\u2019de t\u00fcm haberle\u015fmelerin izlendi\u011fi haberleri kamuoyunu uzun s\u00fcre me\u015fgul etmi\u015f ve hatta bu konuda yeni yarg\u0131 kararlar\u0131 al\u0131nm\u0131\u015ft\u0131. Yarg\u0131tay t\u00fcm T\u00fcrkiye i\u00e7in b\u00f6yle bir izleme karar\u0131n\u0131n al\u0131nmas\u0131n\u0131n m\u00fcmk\u00fcn olmad\u0131\u011f\u0131na karar vermi\u015ftiBu skandal\u0131 haberle\u015ftiren G\u00f6kta\u015f ve Tahincio\u011flu hakk\u0131ndaysa soru\u015fturma ba\u015flat\u0131lm\u0131\u015ft\u0131. \u0130stanbul Cumhuriyet Savc\u0131l\u0131\u011f\u0131, iki gazeteci hakk\u0131daki soru\u015fturmay\u0131 tamamlay\u0131p dava a\u00e7t\u0131. \u0130ddianamede, t\u00fcm T\u00fcrkiye\u2019nin izlendi\u011fine ili\u015fkin mahkeme karar\u0131n\u0131n gizli belge oldu\u011fu iddia edilirken, karar\u0131 veren hakimin isminin yaz\u0131lmas\u0131 \u2019ter\u00f6r \u00f6rg\u00fctlerine hedef g\u00f6sterme\u2019 su\u00e7u olarak de\u011ferlendirildi. \u0130ddianamede iki gazetecinin \u2019yasaklanan bilgileri temin etmek ve ter\u00f6rle m\u00fccadelede g\u00f6rev yapan kamu g\u00f6revlilerini hedef g\u00f6stermek\u2019 su\u00e7lar\u0131ndan \u00fc\u00e7 y\u0131la kadar hapis ve adli para cezas\u0131yla cezaland\u0131r\u0131lmalar\u0131n\u0131 istedi. &#8220;<\/p>\n","protected":false},"excerpt":{"rendered":"<p>OBJEKT\u0130FHABER &#8211; \u2019TELEKULAK\u2019I HABER YAPANLARA DAVA: &#8220;\u2019TELEKULAK\u2019I HABER YAPANLARA DAVA Ankara 11. A\u011f\u0131r Ceza Mahkemesi\u2019nin polise ve M\u0130T\u2019e t\u00fcm T\u00fcrkiye\u2019nin telefon, internet ve faks haberle\u015fmesinin izlenmesi y\u00f6n\u00fcnde yetki veren karar\u0131n\u0131 haber yapan Vatan gazetesi muhabiri Kemal G\u00f6kta\u015f ile Milliyet Gazetesi muhabiri G\u00f6k\u00e7er Tahincio\u011flu\u2019na dava a\u00e7\u0131ld\u0131. \u0130ki gazetecinin \u00fc\u00e7 y\u0131la kadar hapis cezas\u0131na \u00e7arpt\u0131r\u0131lmas\u0131 isteniyor. T\u00fcrkiye\u2019de t\u00fcm haberle\u015fmelerin izlendi\u011fi haberleri kamuoyunu&#8230;<\/p>\n","protected":false},"author":1,"featured_media":0,"comment_status":"open","ping_status":"closed","sticky":false,"template":"","format":"standard","meta":{"jetpack_post_was_ever_published":false,"_jetpack_newsletter_access":"","_jetpack_dont_email_post_to_subs":false,"_jetpack_newsletter_tier_id":0,"_jetpack_memberships_contains_paywalled_content":false,"_jetpack_memberships_contains_paid_content":false,"footnotes":"","jetpack_publicize_message":"","jetpack_publicize_feature_enabled":true,"jetpack_social_post_already_shared":false,"jetpack_social_options":{"image_generator_settings":{"template":"highway","default_image_id":0,"font":"","enabled":false},"version":2}},"categories":[15,19,10,14],"tags":[],"class_list":["post-107","post","type-post","status-publish","format-standard","hentry","category-gizli-dinleme","category-izleme","category-mahremiyet","category-telekulak"],"jetpack_publicize_connections":[],"jetpack_featured_media_url":"","jetpack_sharing_enabled":true,"jetpack_shortlink":"https:\/\/wp.me\/p7wjA8-1J","jetpack-related-posts":[],"_links":{"self":[{"href":"https:\/\/privacy.cyber-rights.org.tr\/index.php?rest_route=\/wp\/v2\/posts\/107","targetHints":{"allow":["GET"]}}],"collection":[{"href":"https:\/\/privacy.cyber-rights.org.tr\/index.php?rest_route=\/wp\/v2\/posts"}],"about":[{"href":"https:\/\/privacy.cyber-rights.org.tr\/index.php?rest_route=\/wp\/v2\/types\/post"}],"author":[{"embeddable":true,"href":"https:\/\/privacy.cyber-rights.org.tr\/index.php?rest_route=\/wp\/v2\/users\/1"}],"replies":[{"embeddable":true,"href":"https:\/\/privacy.cyber-rights.org.tr\/index.php?rest_route=%2Fwp%2Fv2%2Fcomments&post=107"}],"version-history":[{"count":0,"href":"https:\/\/privacy.cyber-rights.org.tr\/index.php?rest_route=\/wp\/v2\/posts\/107\/revisions"}],"wp:attachment":[{"href":"https:\/\/privacy.cyber-rights.org.tr\/index.php?rest_route=%2Fwp%2Fv2%2Fmedia&parent=107"}],"wp:term":[{"taxonomy":"category","embeddable":true,"href":"https:\/\/privacy.cyber-rights.org.tr\/index.php?rest_route=%2Fwp%2Fv2%2Fcategories&post=107"},{"taxonomy":"post_tag","embeddable":true,"href":"https:\/\/privacy.cyber-rights.org.tr\/index.php?rest_route=%2Fwp%2Fv2%2Ftags&post=107"}],"curies":[{"name":"wp","href":"https:\/\/api.w.org\/{rel}","templated":true}]}}