{"id":1075,"date":"2010-06-18T21:16:14","date_gmt":"2010-06-18T18:16:14","guid":{"rendered":"http:\/\/privacy.cyber-rights.org.tr\/?p=1075"},"modified":"2010-06-18T21:16:18","modified_gmt":"2010-06-18T18:16:18","slug":"ozgur-radyo-internet-sansuru-meclise-tasindi","status":"publish","type":"post","link":"https:\/\/privacy.cyber-rights.org.tr\/?p=1075","title":{"rendered":"\u00d6zg\u00fcr Radyo: \u0130nternet sans\u00fcr\u00fc Meclise ta\u015f\u0131nd\u0131"},"content":{"rendered":"<p><a href=\"http:\/\/ozgurradyo.com\/?s=haber_ayrinti&#038;haber_no=4521\">\u00d6zg\u00fcr Radyo: \u0130nternet sans\u00fcr\u00fc Meclise ta\u015f\u0131nd\u0131<\/a><\/p>\n<p>18 Haziran 2010 \/ Cuma 14:55<\/p>\n<p>HABER MERKEZ\u0130- &#8211; BDP \u0130stanbul Milletvekili Sebahat Tuncel, T\u00fcrkiye\u2019de giderek yayg\u0131nla\u015fan internet sans\u00fcr\u00fcne ili\u015fkin Meclis\u2019e soru \u00f6nergesi verdi.<\/p>\n<p>BDP\u2019li vekil Sebahat Tuncel, Ula\u015ft\u0131rma Bakan\u0131 Binali Y\u0131ld\u0131r\u0131m\u2019\u0131n cevaplamas\u0131 i\u00e7in verdi\u011fi soru \u00f6nergesinde, Avrupa G\u00fcvenlik ve \u0130\u015fbirli\u011fi Te\u015fkilat\u0131\u2019na (AG\u0130T) g\u00f6re T\u00fcrkiye\u2019de 2010 y\u0131l\u0131 itibariyle 3 bin 700 internet sitesinin \u2018keyfi ve siyasi\u2019 nedenlerle engelledi\u011fini hat\u0131rlatt\u0131.<\/p>\n<p>\u00d6nergede \u015funlar ifade edildi: \u2018AG\u0130T, T\u00fcrkiye\u2019de medya \u00f6zg\u00fcrl\u00fc\u011f\u00fc ve internette uygulanan sans\u00fcr\u00fc konu alan \u2018T\u00fcrkiye\u2019de medya \u00f6zg\u00fcrl\u00fc\u011f\u00fc ve internet sans\u00fcr\u00fc\u2019 adl\u0131 raporunda sans\u00fcrlerin durumu ele\u015ftirilerek T\u00fcrkiye\u2019nin internet yasas\u0131n\u0131n ifade \u00f6zg\u00fcrl\u00fc\u011f\u00fcn\u00fc korumada ba\u015far\u0131s\u0131z oldu\u011funu belirterek, yasan\u0131n reform edilmesi veya kald\u0131r\u0131lmas\u0131 gerekti\u011fi \u00e7e\u015fitli \u00e7evrelerce dile getirilmektedir. Muhalif bas\u0131n internet \u00fczerinden yasaklanarak cezaland\u0131r\u0131lmakta hatta hukuki yapt\u0131r\u0131mlara maruz kalabilmektedir. Google, Youtube gibi geni\u015f kesimlerin kulland\u0131\u011f\u0131 siteler siyasi nedenlerden dolay\u0131 kapat\u0131l\u0131rken, gundem-online.com haber sitesi 7 kez muhalif duru\u015fu nedeniyle kapat\u0131lm\u0131\u015ft\u0131r. Yine At\u0131l\u0131m Gazetesi\u2019nin internet sitesi, E\u011fitim-Sen\u2019in kurumsal sitesi, Ek\u015fis\u00f6zl\u00fck internet sitesi gibi farkl\u0131 alanlarda muhalif ve farkl\u0131 duru\u015fu olan pek \u00e7ok site sans\u00fcrlenmi\u015ftir. Bas\u0131n \u00f6zg\u00fcrl\u00fc\u011f\u00fcn\u00fc de yok eden bu yasak\u00e7\u0131 uygulamalar ne yaz\u0131k ki T\u00fcrkiye\u2019de ifade \u00f6zg\u00fcrl\u00fc\u011f\u00fc ve demokratik anlay\u0131\u015f\u0131n geli\u015fmesinde engel olarak durmaktad\u0131r.\u2019<\/p>\n<p>Tuncel, Bakan Y\u0131ld\u0131r\u0131m\u2019a \u015fu sorular\u0131 y\u00f6neltti:<\/p>\n<p>*Bug\u00fcne kadar ka\u00e7 internet sitesi hangi gerek\u00e7elerle yasaklanm\u0131\u015ft\u0131r? Siyasi nedenlerle yasaklanan internet sitesini say\u0131s\u0131 nedir?<\/p>\n<p>*T\u00fcrkiye, Avrupa \u00fclkelerine g\u00f6re yasakl\u0131 site say\u0131s\u0131 a\u00e7\u0131s\u0131ndan durumu nedir?<\/p>\n<p>*G\u00fcn\u00fcm\u00fcz ko\u015fullar\u0131 ve ihtiya\u00e7lar\u0131n\u0131 kar\u015f\u0131lamayan, yasak\u00e7\u0131 bir temeli olan Bili\u015fim Yasas\u0131n\u0131n, kamuoyundan gelen talepleri dikkate alarak, ifade \u00f6zg\u00fcrl\u00fc\u011f\u00fc \u00e7er\u00e7evesinde yeniden d\u00fczenlenmesi s\u00f6z konusu mudur?<\/p>\n<p>*Muhalif bas\u0131n\u0131n ve kesimin internet \u00fczerinden s\u00fcrekli yasaklanmas\u0131 ve sans\u00fcrlenen sitelerin haber alma \u00f6zg\u00fcrl\u00fc\u011f\u00fcn\u00fc ve ifade \u00f6zg\u00fcrl\u00fc\u011f\u00fcn\u00fc engelledi\u011fi d\u00fc\u015f\u00fcn\u00fcyor musunuz? D\u00fc\u015f\u00fcn\u00fcyorsan\u0131z bu yasaklardan vazge\u00e7ecek misiniz?<\/p>\n","protected":false},"excerpt":{"rendered":"<p>\u00d6zg\u00fcr Radyo: \u0130nternet sans\u00fcr\u00fc Meclise ta\u015f\u0131nd\u0131 18 Haziran 2010 \/ Cuma 14:55 HABER MERKEZ\u0130- &#8211; BDP \u0130stanbul Milletvekili Sebahat Tuncel, T\u00fcrkiye\u2019de giderek yayg\u0131nla\u015fan internet sans\u00fcr\u00fcne ili\u015fkin Meclis\u2019e soru \u00f6nergesi verdi. BDP\u2019li vekil Sebahat Tuncel, Ula\u015ft\u0131rma Bakan\u0131 Binali Y\u0131ld\u0131r\u0131m\u2019\u0131n cevaplamas\u0131 i\u00e7in verdi\u011fi soru \u00f6nergesinde, Avrupa G\u00fcvenlik ve \u0130\u015fbirli\u011fi Te\u015fkilat\u0131\u2019na (AG\u0130T) g\u00f6re T\u00fcrkiye\u2019de 2010 y\u0131l\u0131 itibariyle 3 bin 700 internet sitesinin \u2018keyfi&#8230;<\/p>\n","protected":false},"author":1,"featured_media":0,"comment_status":"open","ping_status":"closed","sticky":false,"template":"","format":"standard","meta":{"jetpack_post_was_ever_published":false,"_jetpack_newsletter_access":"","_jetpack_dont_email_post_to_subs":false,"_jetpack_newsletter_tier_id":0,"_jetpack_memberships_contains_paywalled_content":false,"_jetpack_memberships_contains_paid_content":false,"footnotes":"","jetpack_publicize_message":"","jetpack_publicize_feature_enabled":true,"jetpack_social_post_already_shared":false,"jetpack_social_options":{"image_generator_settings":{"template":"highway","default_image_id":0,"font":"","enabled":false},"version":2}},"categories":[22,85,5,21,3,45,17,67,4],"tags":[],"class_list":["post-1075","post","type-post","status-publish","format-standard","hentry","category-5651-nolu-kanun","category-agit","category-dusunce-ozgurlugu","category-erisim-engelleme","category-sansur","category-tbmm","category-tib","category-turkiye","category-youtube"],"jetpack_publicize_connections":[],"jetpack_featured_media_url":"","jetpack_sharing_enabled":true,"jetpack_shortlink":"https:\/\/wp.me\/p7wjA8-hl","jetpack-related-posts":[],"_links":{"self":[{"href":"https:\/\/privacy.cyber-rights.org.tr\/index.php?rest_route=\/wp\/v2\/posts\/1075","targetHints":{"allow":["GET"]}}],"collection":[{"href":"https:\/\/privacy.cyber-rights.org.tr\/index.php?rest_route=\/wp\/v2\/posts"}],"about":[{"href":"https:\/\/privacy.cyber-rights.org.tr\/index.php?rest_route=\/wp\/v2\/types\/post"}],"author":[{"embeddable":true,"href":"https:\/\/privacy.cyber-rights.org.tr\/index.php?rest_route=\/wp\/v2\/users\/1"}],"replies":[{"embeddable":true,"href":"https:\/\/privacy.cyber-rights.org.tr\/index.php?rest_route=%2Fwp%2Fv2%2Fcomments&post=1075"}],"version-history":[{"count":1,"href":"https:\/\/privacy.cyber-rights.org.tr\/index.php?rest_route=\/wp\/v2\/posts\/1075\/revisions"}],"predecessor-version":[{"id":1076,"href":"https:\/\/privacy.cyber-rights.org.tr\/index.php?rest_route=\/wp\/v2\/posts\/1075\/revisions\/1076"}],"wp:attachment":[{"href":"https:\/\/privacy.cyber-rights.org.tr\/index.php?rest_route=%2Fwp%2Fv2%2Fmedia&parent=1075"}],"wp:term":[{"taxonomy":"category","embeddable":true,"href":"https:\/\/privacy.cyber-rights.org.tr\/index.php?rest_route=%2Fwp%2Fv2%2Fcategories&post=1075"},{"taxonomy":"post_tag","embeddable":true,"href":"https:\/\/privacy.cyber-rights.org.tr\/index.php?rest_route=%2Fwp%2Fv2%2Ftags&post=1075"}],"curies":[{"name":"wp","href":"https:\/\/api.w.org\/{rel}","templated":true}]}}