{"id":108,"date":"2008-09-03T01:34:34","date_gmt":"2008-09-02T22:34:34","guid":{"rendered":"http:\/\/privacy.cyber-rights.org.tr\/?p=108"},"modified":"2008-09-03T01:34:36","modified_gmt":"2008-09-02T22:34:36","slug":"izlendigimizi-haber-yaptilar-simdi-hapisle-yargilaniyorlar","status":"publish","type":"post","link":"https:\/\/privacy.cyber-rights.org.tr\/?p=108","title":{"rendered":"\u0130zlendi\u011fimizi Haber Yapt\u0131lar, \u015eimdi Hapisle Yarg\u0131lan\u0131yorlar"},"content":{"rendered":"<p><a href=\"http:\/\/ww.bianet.org\/bianet\/kategori\/bianet\/109413\/izlendigimizi-haber-yaptilar-simdi-hapisle-yargilaniyorlar?from=rss\">\u0130zlendi\u011fimizi Haber Yapt\u0131lar, \u015eimdi Hapisle Yarg\u0131lan\u0131yorlar<\/a>: &#8220;M\u0130T, Jandarma ve Emniyet&#8217;in t\u00fcm vatanda\u015flar\u0131 izlemek i\u00e7in mahkemeden karar \u00e7\u0131kartt\u0131\u011f\u0131n\u0131 haberle\u015ftiren Tahincio\u011flu ve G\u00f6kta\u015f&#8217;a dava a\u00e7\u0131ld\u0131. \u0130ki gazeteci &#8216;gizli belgeyi temin&#8217; ve &#8216;ter\u00f6rle m\u00fccadele eden kamu g\u00f6revlisini hedef g\u00f6stermekle&#8217; su\u00e7lan\u0131yor.&#8221;<\/p>\n<p>(Via <a href=\"http:\/\/www.bianet.org\">Son Bianet Haberleri<\/a>.)<\/p>\n","protected":false},"excerpt":{"rendered":"<p>\u0130zlendi\u011fimizi Haber Yapt\u0131lar, \u015eimdi Hapisle Yarg\u0131lan\u0131yorlar: &#8220;M\u0130T, Jandarma ve Emniyet&#8217;in t\u00fcm vatanda\u015flar\u0131 izlemek i\u00e7in mahkemeden karar \u00e7\u0131kartt\u0131\u011f\u0131n\u0131 haberle\u015ftiren Tahincio\u011flu ve G\u00f6kta\u015f&#8217;a dava a\u00e7\u0131ld\u0131. \u0130ki gazeteci &#8216;gizli belgeyi temin&#8217; ve &#8216;ter\u00f6rle m\u00fccadele eden kamu g\u00f6revlisini hedef g\u00f6stermekle&#8217; su\u00e7lan\u0131yor.&#8221; (Via Son Bianet Haberleri.)<\/p>\n","protected":false},"author":1,"featured_media":0,"comment_status":"open","ping_status":"closed","sticky":false,"template":"","format":"standard","meta":{"jetpack_post_was_ever_published":false,"_jetpack_newsletter_access":"","_jetpack_dont_email_post_to_subs":false,"_jetpack_newsletter_tier_id":0,"_jetpack_memberships_contains_paywalled_content":false,"_jetpack_memberships_contains_paid_content":false,"footnotes":"","jetpack_publicize_message":"","jetpack_publicize_feature_enabled":true,"jetpack_social_post_already_shared":false,"jetpack_social_options":{"image_generator_settings":{"template":"highway","default_image_id":0,"font":"","enabled":false},"version":2}},"categories":[15,19,10,14],"tags":[],"class_list":["post-108","post","type-post","status-publish","format-standard","hentry","category-gizli-dinleme","category-izleme","category-mahremiyet","category-telekulak"],"jetpack_publicize_connections":[],"jetpack_featured_media_url":"","jetpack_sharing_enabled":true,"jetpack_shortlink":"https:\/\/wp.me\/p7wjA8-1K","jetpack-related-posts":[],"_links":{"self":[{"href":"https:\/\/privacy.cyber-rights.org.tr\/index.php?rest_route=\/wp\/v2\/posts\/108","targetHints":{"allow":["GET"]}}],"collection":[{"href":"https:\/\/privacy.cyber-rights.org.tr\/index.php?rest_route=\/wp\/v2\/posts"}],"about":[{"href":"https:\/\/privacy.cyber-rights.org.tr\/index.php?rest_route=\/wp\/v2\/types\/post"}],"author":[{"embeddable":true,"href":"https:\/\/privacy.cyber-rights.org.tr\/index.php?rest_route=\/wp\/v2\/users\/1"}],"replies":[{"embeddable":true,"href":"https:\/\/privacy.cyber-rights.org.tr\/index.php?rest_route=%2Fwp%2Fv2%2Fcomments&post=108"}],"version-history":[{"count":0,"href":"https:\/\/privacy.cyber-rights.org.tr\/index.php?rest_route=\/wp\/v2\/posts\/108\/revisions"}],"wp:attachment":[{"href":"https:\/\/privacy.cyber-rights.org.tr\/index.php?rest_route=%2Fwp%2Fv2%2Fmedia&parent=108"}],"wp:term":[{"taxonomy":"category","embeddable":true,"href":"https:\/\/privacy.cyber-rights.org.tr\/index.php?rest_route=%2Fwp%2Fv2%2Fcategories&post=108"},{"taxonomy":"post_tag","embeddable":true,"href":"https:\/\/privacy.cyber-rights.org.tr\/index.php?rest_route=%2Fwp%2Fv2%2Ftags&post=108"}],"curies":[{"name":"wp","href":"https:\/\/api.w.org\/{rel}","templated":true}]}}