{"id":1091,"date":"2010-06-23T12:36:15","date_gmt":"2010-06-23T09:36:15","guid":{"rendered":"http:\/\/privacy.cyber-rights.org.tr\/?p=1091"},"modified":"2010-06-23T15:50:00","modified_gmt":"2010-06-23T12:50:00","slug":"internette-sansure-karsi-ortak-platform-deklarasyonu","status":"publish","type":"post","link":"https:\/\/privacy.cyber-rights.org.tr\/?p=1091","title":{"rendered":"\u0130nternet&#8217;te Sans\u00fcre Kar\u015f\u0131 Ortak Platform Deklarasyonu"},"content":{"rendered":"<p>\u0130nternet&#8217;te Sans\u00fcre Kar\u015f\u0131 Ortak Platform Deklarasyonu<br \/>\n23 HAZ\u0130RAN 2010 \u00c7AR\u015eAMBA &#8211; http:\/\/www.sansursuzinternet.org.tr\/ <\/p>\n<p><strong>Temel Hak ve \u00d6zg\u00fcrl\u00fckler Engellenemez<\/strong><\/p>\n<p>1. Internet kullan\u0131c\u0131lar\u0131n\u0131n d\u00fc\u015f\u00fcnce \u00f6zg\u00fcrl\u00fc\u011f\u00fc ve bilgiye eri\u015fim hakk\u0131 engellenemez.<\/p>\n<p>2. T\u00fcrkiye\u2019de bireylerin, kurumlar\u0131n, ve \u015firketlerin bili\u015fim alt yap\u0131lar\u0131n\u0131 istedikleri \u015fekilde olu\u015fturmalar\u0131 ve istedikleri servislerden yararlanmalar\u0131 engellenemez. Sans\u00fcr \u00fclke ekonomisine de kabul edilemez bir bedel  y\u00fcklemektedir. <\/p>\n<p><strong>Hukuka Ayk\u0131r\u0131, \u00d6l\u00e7\u00fcs\u00fcz ve Keyfi \u0130dari \u0130\u015flem Demokratik Hukuk Devletinde Kabul Edilemez<\/strong><\/p>\n<p>3. 03 Haziran 2010 tarihinden beri Google servislerine uygulanan dolayl\u0131 sans\u00fcr Anayasa\u2019ya ve hukukun temel ilkelerine ayk\u0131r\u0131d\u0131r. BTK ve T\u0130B taraf\u0131ndan al\u0131nan karar ve uygulama \u00f6l\u00e7\u00fcs\u00fcz ve tutars\u0131z bir uygulamad\u0131r. Bu konuya ili\u015fkin yap\u0131lan a\u00e7\u0131klamalarda, idarenin b\u00f6yle bir yetkisinin olmad\u0131\u011f\u0131 vurgulanm\u0131\u015ft\u0131r. Nitekim, Ankara Cumhuriyet Ba\u015fsavc\u0131l\u0131\u011f\u0131 talebi ile Ankara 1. Sulh Ceza Mahkemesi taraf\u0131ndan 17.06.2010 tarihinde YouTube sitesine eri\u015fim sa\u011flayan 44 IP adresini engelleme karar\u0131 daha \u00f6nce yap\u0131lan i\u015flemin yetki bak\u0131m\u0131ndan hukuka ayk\u0131r\u0131 oldu\u011funu ispatlanm\u0131\u015ft\u0131r. <\/p>\n<p>4. 1. Sulh Ceza Mahkemesi\u2019nin 17.06.2010 tarihinde verdi\u011fi ek karar, yetki sorununu \u00e7\u00f6zm\u00fc\u015f bulunmakla birlikte, kullan\u0131c\u0131lar\u0131n anayasal haklar\u0131n\u0131 dikkate almad\u0131\u011f\u0131 i\u00e7in yanl\u0131\u015ft\u0131r ve en k\u0131sa s\u00fcrede kald\u0131r\u0131lmas\u0131 gerekir. <\/p>\n<p><strong>Sans\u00fcr Ama\u00e7l\u0131 Kullan\u0131lan 5651 Say\u0131l\u0131 Kanun Kald\u0131r\u0131lmal\u0131d\u0131r<\/strong><\/p>\n<p>5. Eri\u015fim engelleme hukuka ayk\u0131r\u0131 i\u00e7eri\u011fi engellemede yetersiz bir y\u00f6ntemdir. Mevcut engelleme y\u00f6ntem ve ara\u00e7lar\u0131n\u0131n hi\u00e7biri hukuka ayk\u0131r\u0131 oldu\u011fu veya \u00e7ocuklar a\u00e7\u0131s\u0131ndan uygun olmad\u0131\u011f\u0131 iddia edilen i\u00e7eri\u011fe ula\u015fmay\u0131 engelleyecek etkili bir \u00e7\u00f6z\u00fcm sunmamaktad\u0131r. Eri\u015fim engelleme ile iddia edilen su\u00e7u i\u015fleyenden ziyade t\u00fcm Internet kullan\u0131c\u0131lar\u0131 cezaland\u0131r\u0131lmaktad\u0131r. E\u011fer filtre kullan\u0131m\u0131 gerekli g\u00f6r\u00fcl\u00fcyorsa, bu kullan\u0131m bireyler taraf\u0131ndan kendi ki\u015fisel bilgisayarlar\u0131 \u00fczerinde ger\u00e7ekle\u015ftirilmelidir.<\/p>\n<p>6. Ayr\u0131ca, engelleme kararlar\u0131 sadece hukuka ayk\u0131r\u0131 oldu\u011fu iddia edilen i\u00e7eri\u011fe de\u011fil, bu sistemlerin t\u00fcm\u00fcn\u00fcn \u00e7al\u0131\u015ft\u0131\u011f\u0131 tek bir alan\u0131n i\u00e7eri\u011finde bulunan milyonlarca yasal sayfa ve dosyaya da eri\u015fimi imk\u00e2ns\u0131z k\u0131lmaktad\u0131r. Bu nedenle, 5651 say\u0131l\u0131 Kanun ve uygulamas\u0131, Anayasa\u2019da \u00f6ng\u00f6r\u00fclen ve A\u0130HM taraf\u0131ndan geli\u015ftirilen zorunluluk ve orant\u0131l\u0131l\u0131k testlerinin gere\u011fini yerine getirememektedir. <\/p>\n<p>7. 5651 Say\u0131l\u0131 Kanunun uygulanmas\u0131 sans\u00fcrle ayn\u0131 kap\u0131ya \u00e7\u0131kmaktad\u0131r. T\u00fcrkiye\u2019de mahkeme kararlar\u0131 ve idari engellemelerle 5000\u2019den fazla web sitesi \u015fu anda eri\u015fime kapat\u0131lm\u0131\u015f bulunmaktad\u0131r. Y\u00fczlerce web sitesi de 5651 Say\u0131l\u0131 Kanun\u2019un kapsam\u0131 d\u0131\u015f\u0131nda engellenmi\u015ftir. Mevcut rejimin ta\u015f\u0131d\u0131\u011f\u0131 esasa ve usule dair eksiklikler ifadeyi sans\u00fcrleyen ve susturan bir yap\u0131 olu\u015fturmu\u015ftur. Kanun ve uygulamas\u0131n\u0131n etkileri geni\u015ftir, yaln\u0131zca ifade \u00f6zg\u00fcrl\u00fc\u011f\u00fcn\u00fc de\u011fil, \u00f6zel ya\u015fam\u0131n gizlili\u011fini ve adil yarg\u0131lanma hakk\u0131n\u0131 da ihl\u00e2l etmektedir. Demokratik bir toplumda sans\u00fcr\u00fcn bu \u00f6l\u00e7\u00fcde yayg\u0131nla\u015fmas\u0131 kabul edilemez.<\/p>\n<p>8. 5651 Say\u0131l\u0131 Kanun Kald\u0131r\u0131lmal\u0131d\u0131r. 5651 Say\u0131l\u0131 Kanun, \u00e7ocuklar\u0131 hukuka ayk\u0131r\u0131 ve zararl\u0131 \u0130nternet i\u00e7eri\u011finden korumak amac\u0131yla haz\u0131rlanm\u0131\u015ft\u0131r. Fakat benimsenen engelleme politikas\u0131, h\u00fck\u00fcmetin \u00e7ocuklar\u0131 koruma amac\u0131n\u0131n \u00e7ok \u00f6tesine ge\u00e7mektedir. Uygulamada yayg\u0131n olarak g\u00f6r\u00fcnen sonu\u00e7, hukuka ayk\u0131r\u0131 olmayan i\u00e7eri\u011fin ve 03 Haziran 2010\u2019dan itibaren Google \u015firketinin T\u00fcrkiye\u2019den milyonlarca ki\u015fi taraf\u0131ndan kullan\u0131lan 40\u2019a yak\u0131n servisine yeti\u015fkinlerin eri\u015fiminin ve bu servislerin kullan\u0131lmas\u0131n\u0131n yasaklanmas\u0131 olmu\u015ftur.<\/p>\n<p><strong>\u00c7ocuklar\u0131n Zararl\u0131 \u0130\u00e7erikten Korunmas\u0131 i\u00e7in \u00d6ng\u00f6r\u00fclen Devlet Politikas\u0131 Yeti\u015fkinleri Etkilememelidir<\/strong><\/p>\n<p>9. H\u00fck\u00fcmet, mevcut politikas\u0131 yerine \u00e7ocuklar\u0131 ger\u00e7ekten zararl\u0131 \u0130nternet i\u00e7eri\u011finden korumak i\u00e7in yeni bir politikay\u0131 kat\u0131l\u0131mc\u0131 bir \u015fekilde geni\u015f kamuoyu deste\u011fi (sivil toplum, akademi, ve \u00f6zel sekt\u00f6r) ile geli\u015ftirmelidir. Ancak bu yeni yap\u0131lanma, \u00e7o\u011funlu\u011fun ahlaki de\u011ferlerini di\u011ferlerine dayataca\u011f\u0131 bir \u00e7al\u0131\u015fma olmamal\u0131d\u0131r. \u0130nternet d\u00fczenlemesine ili\u015fkin yeni politika, ifade \u00f6zg\u00fcrl\u00fc\u011f\u00fcne ve yeti\u015fkinlerin her t\u00fcrl\u00fc \u0130nternet i\u00e7eri\u011fine eri\u015fim ve t\u00fcketim haklar\u0131na sayg\u0131 temelinde geli\u015ftirilmelidir. Bu ilkeleri i\u00e7eren yeni politika, \u015feffaf, a\u00e7\u0131k, kat\u0131l\u0131mc\u0131, ve \u00e7o\u011fulcu bir y\u00f6ntemle belirlenmeli ve hayata ge\u00e7irilmelidir. <\/p>\n<p>10. Vatanda\u015flar\u0131n Anayasa\u2019da g\u00fcvence alt\u0131na al\u0131nan temel hak ve \u00f6zg\u00fcrl\u00fcklerini korumak h\u00fck\u00fcmetin ve idarenin asli g\u00f6revidir. Bu g\u00fcvencenin sa\u011flanmamas\u0131 halinde sorumlular\u0131n istifa etmesi demokratik bir toplumun zorunlu sonucudur. Bu nedenle, yukar\u0131da say\u0131lan \u00f6nlemleri en k\u0131sa s\u00fcrede almamalar\u0131 halinde geli\u015fmelerden sorumlu Telekom\u00fcnikasyon \u0130leti\u015fim Ba\u015fkanl\u0131\u011f\u0131 \u0130nternet Daire Ba\u015fkanl\u0131\u011f\u0131 Ba\u015fkan\u0131 Say\u0131n Osman Nihat \u015een, Bilgi Teknolojileri ve \u0130leti\u015fim Kurumu Ba\u015fkan\u0131 Say\u0131n Tayfun Acarer ve Ula\u015ft\u0131rma Bakan\u0131 Say\u0131n Binali Y\u0131ld\u0131r\u0131m\u2019\u0131n istifa etmesi acil bir zorunluluk haline gelecektir.<\/p>\n<p><strong>IMZALAYANLAR:<\/strong><\/p>\n<p>1.\tCyber-Rights.Org.TR \u2013 http:\/\/privacy.cyber-rights.org.tr\/<br \/>\n2.\t\u0130NETD (Internet Teknolojileri Derne\u011fi) &#8211; http:\/\/www.inetd.org.tr\/<br \/>\n3.\tT\u00fcrkiye \u0130nsan Haklar\u0131 Vakf\u0131 &#8211; http:\/\/www.tihv.org.tr\/<br \/>\n4.\tBianet, Ba\u011f\u0131ms\u0131z \u0130leti\u015fim A\u011f\u0131 &#8211; http:\/\/bianet.org\/<br \/>\n5.\tElektrik M\u00fchendisleri Odas\u0131 &#8211; http:\/\/www.emo.org.tr\/<br \/>\n6.\tSans\u00fcreSans\u00fcr &#8211; http:\/\/sansuresansur.org\/<br \/>\n7.\tAr\u0131 Hareketi &#8211; http:\/\/www.ari.org.tr\/<br \/>\n8.\tNetda\u015f  &#8211; http:\/\/www.netdas.org<br \/>\n9.\tEngelli Web &#8211; http:\/\/engelliweb.com\/<br \/>\n10.\tEk\u015fi S\u00f6zl\u00fck &#8211; http:\/\/sozluk.sourtimes.org\/<br \/>\n11.\tKorsan Partisi Olu\u015fumu- http:\/\/korsanpartisi.org<br \/>\n12.\tGelecekonline &#8211;  http:\/\/www.gelecekonline.com<br \/>\n13.\tNeonebu.com &#8211; http:\/\/www.neonebu.com\/<br \/>\n14.\tAlternatif Bili\u015fim &#8211; http:\/\/alternatifbilisim.org\/<br \/>\n15.\tLinux Kullan\u0131c\u0131lar\u0131 Derne\u011fi &#8211; http:\/\/www.lkd.org.tr<br \/>\n16.\tMillimotor.com \/ millitup.com<br \/>\n17.\tPardus Kullan\u0131c\u0131lar\u0131 Derne\u011fi &#8211; http:\/\/www.pkd.org.tr\/<br \/>\n18.\t3H Hareketi &#8211; http:\/\/www.3hhareketi.org\/<br \/>\n19.\tKorsanparti &#8211; Korsan Partisinin Korsan\u0131 &#8211; http:\/\/friendfeed.com\/korsanparti<br \/>\n20.\tSunipeyk &#8211; http:\/\/www.sunipeyk.com\/<br \/>\n21.\tMMistanbul.com &#8211; http:\/\/mmistanbul.com<br \/>\n22.\tMuz Cumhuriyeti &#8211; Sans\u00fcre Kar\u015f\u0131 Ek\u015fi S\u00f6zl\u00fck Zirvesi &#8211; muzcumhuriyeti@googlegroups.com<br \/>\n23.\tYe\u015filler Partisi Korsan Cephesi &#8211; http:\/\/www.ypkc.org\/<br \/>\n24.\tJava Teknolojileri ve Programc\u0131lar\u0131 Derne\u011fi &#8211; http:\/\/www.jtpd.org\/<br \/>\n25.\tTiEV \u2013 T\u00fcm Internet Evleri Derne\u011fi &#8211; http:\/\/www.tiev.org.tr\/<br \/>\n26.\tAntikapitalist \u00d6\u011frenciler &#8211; http:\/\/www.antikapitalistogrenci.org\/<br \/>\n27.\tFotograf Web TR &#8211; http:\/\/www.fotograf.web.tr\/<br \/>\n28.\tGen\u00e7 Siviller &#8211; http:\/\/www.gencsiviller.net\/<br \/>\n29.\tT\u00fcrkiye Zeka Vakf\u0131 \u2013 http:\/\/www.tzv.org.tr<br \/>\n30.\tBilgi S\u00f6zl\u00fck &#8211; http:\/\/www.bilgisozluk.com<br \/>\n31.\tT\u00fcrk K\u00fct\u00fcphaneciler Derne\u011fi (TKD) &#8211; http:\/\/www.kutuphaneci.org.tr\/<br \/>\n32.\t\u00dcniversite ve Ara\u015ft\u0131rma K\u00fct\u00fcphanecileri Derne\u011fi (\u00dcNAK) &#8211; http:\/\/www.unak.org.tr<br \/>\n33.\tSakarya Bili\u015fim Sekt\u00f6r\u00fc Derne\u011fi (SAB\u0130DER) &#8211; http:\/\/www.sabider.org\/<br \/>\n34.\tBilgi Teknolojileri ve E\u011fitim Derne\u011fi (B\u0130LTEDER) &#8211; http:\/\/www.bilteder.org.tr\/<br \/>\n35.\tT\u00fcrkiye Gazeteciler Cemiyeti &#8211; http:\/\/www.tgc.org.tr\/<br \/>\n36. \u0130n\u015faat M\u00fchendisleri Odas\u0131 (TMMOB) &#8211; http:\/\/www.imo.org.tr\/<br \/>\n37. Halk\u0131n G\u00fcndemi &#8211; http:\/\/www.halkingundemi.com\/ <\/p>\n","protected":false},"excerpt":{"rendered":"<p>\u0130nternet&#8217;te Sans\u00fcre Kar\u015f\u0131 Ortak Platform Deklarasyonu 23 HAZ\u0130RAN 2010 \u00c7AR\u015eAMBA &#8211; http:\/\/www.sansursuzinternet.org.tr\/ Temel Hak ve \u00d6zg\u00fcrl\u00fckler Engellenemez 1. Internet kullan\u0131c\u0131lar\u0131n\u0131n d\u00fc\u015f\u00fcnce \u00f6zg\u00fcrl\u00fc\u011f\u00fc ve bilgiye eri\u015fim hakk\u0131 engellenemez. 2. T\u00fcrkiye\u2019de bireylerin, kurumlar\u0131n, ve \u015firketlerin bili\u015fim alt yap\u0131lar\u0131n\u0131 istedikleri \u015fekilde olu\u015fturmalar\u0131 ve istedikleri servislerden yararlanmalar\u0131 engellenemez. Sans\u00fcr \u00fclke ekonomisine de kabul edilemez bir bedel y\u00fcklemektedir. Hukuka Ayk\u0131r\u0131, \u00d6l\u00e7\u00fcs\u00fcz ve Keyfi \u0130dari \u0130\u015flem&#8230;<\/p>\n","protected":false},"author":1,"featured_media":0,"comment_status":"open","ping_status":"closed","sticky":false,"template":"","format":"standard","meta":{"jetpack_post_was_ever_published":false,"_jetpack_newsletter_access":"","_jetpack_dont_email_post_to_subs":false,"_jetpack_newsletter_tier_id":0,"_jetpack_memberships_contains_paywalled_content":false,"_jetpack_memberships_contains_paid_content":false,"footnotes":"","jetpack_publicize_message":"","jetpack_publicize_feature_enabled":true,"jetpack_social_post_already_shared":false,"jetpack_social_options":{"image_generator_settings":{"template":"highway","default_image_id":0,"font":"","enabled":false},"version":2}},"categories":[22,145,5,21,8,119,32,3,42,17,67,4],"tags":[],"class_list":["post-1091","post","type-post","status-publish","format-standard","hentry","category-5651-nolu-kanun","category-deklarasyon","category-dusunce-ozgurlugu","category-erisim-engelleme","category-google","category-medya-ozgurlugu","category-paranoya","category-sansur","category-sivil-toplum","category-tib","category-turkiye","category-youtube"],"jetpack_publicize_connections":[],"jetpack_featured_media_url":"","jetpack_sharing_enabled":true,"jetpack_shortlink":"https:\/\/wp.me\/p7wjA8-hB","jetpack-related-posts":[],"_links":{"self":[{"href":"https:\/\/privacy.cyber-rights.org.tr\/index.php?rest_route=\/wp\/v2\/posts\/1091","targetHints":{"allow":["GET"]}}],"collection":[{"href":"https:\/\/privacy.cyber-rights.org.tr\/index.php?rest_route=\/wp\/v2\/posts"}],"about":[{"href":"https:\/\/privacy.cyber-rights.org.tr\/index.php?rest_route=\/wp\/v2\/types\/post"}],"author":[{"embeddable":true,"href":"https:\/\/privacy.cyber-rights.org.tr\/index.php?rest_route=\/wp\/v2\/users\/1"}],"replies":[{"embeddable":true,"href":"https:\/\/privacy.cyber-rights.org.tr\/index.php?rest_route=%2Fwp%2Fv2%2Fcomments&post=1091"}],"version-history":[{"count":5,"href":"https:\/\/privacy.cyber-rights.org.tr\/index.php?rest_route=\/wp\/v2\/posts\/1091\/revisions"}],"predecessor-version":[{"id":1096,"href":"https:\/\/privacy.cyber-rights.org.tr\/index.php?rest_route=\/wp\/v2\/posts\/1091\/revisions\/1096"}],"wp:attachment":[{"href":"https:\/\/privacy.cyber-rights.org.tr\/index.php?rest_route=%2Fwp%2Fv2%2Fmedia&parent=1091"}],"wp:term":[{"taxonomy":"category","embeddable":true,"href":"https:\/\/privacy.cyber-rights.org.tr\/index.php?rest_route=%2Fwp%2Fv2%2Fcategories&post=1091"},{"taxonomy":"post_tag","embeddable":true,"href":"https:\/\/privacy.cyber-rights.org.tr\/index.php?rest_route=%2Fwp%2Fv2%2Ftags&post=1091"}],"curies":[{"name":"wp","href":"https:\/\/api.w.org\/{rel}","templated":true}]}}