{"id":1101,"date":"2010-06-25T15:45:34","date_gmt":"2010-06-25T12:45:34","guid":{"rendered":"http:\/\/privacy.cyber-rights.org.tr\/?p=1101"},"modified":"2010-06-25T15:45:37","modified_gmt":"2010-06-25T12:45:37","slug":"bbc-turkce-turkiyede-internet-sansuru-durmazsa-bakan-istifa-etmeli","status":"publish","type":"post","link":"https:\/\/privacy.cyber-rights.org.tr\/?p=1101","title":{"rendered":"BBC T\u00fcrk\u00e7e: T\u00fcrkiye&#8217;de internet sans\u00fcr\u00fc durmazsa &#8216;bakan istifa etmeli&#8217;"},"content":{"rendered":"<p><a href=\"http:\/\/www.bbc.co.uk\/turkce\/haberler\/2010\/06\/100623_censorship_turkey.shtml\">BBC Turkce &#8211; Haberler &#8211; T\u00fcrkiye&#8217;de internet sans\u00fcr\u00fc durmazsa &#8216;bakan istifa etmeli&#8217;<\/a>: &#8220;T\u00fcrkiye&#8217;de internet sans\u00fcr\u00fc durmazsa &#8216;bakan istifa etmeli&#8217;<br \/>\nSans\u00fcre Kar\u015f\u0131 Ortak Platform<\/p>\n<p>T\u00fcrkiye&#8217;de 35 ayr\u0131 sivil topluluktan olu\u015fan bir platform, internetteki sans\u00fcr giri\u015fimlerine kar\u015f\u0131 ortak bir a\u00e7\u0131klama yay\u0131mlad\u0131. Platform, gerekli ad\u0131mlar at\u0131lmazsa ula\u015ft\u0131rma bakan\u0131 ve konuyla ilgili iki yetkilinin istifas\u0131n\u0131 istiyor.<\/p>\n<p>Aralar\u0131nda baz\u0131 dernekler ve internet sitelerinin de bulundu\u011fu &#8216;\u0130nternet&#8217;te Sans\u00fcre Kar\u015f\u0131 Ortak Platform&#8217;, sans\u00fcr ama\u00e7l\u0131 olarak kullan\u0131ld\u0131\u011f\u0131n\u0131 s\u00f6yledi\u011fi 5651 say\u0131l\u0131 kanunun kald\u0131r\u0131lmas\u0131n\u0131 istiyor.<\/p>\n<p>Platform ge\u00e7en haftasonu \u0130stanbul&#8217;da d\u00fczenlenen bir toplant\u0131 ile olu\u015fturulmu\u015ftu.<\/p>\n<p>T\u00fcrkiye&#8217;de internet yasas\u0131 olarak da bilinen kanun, ilgili kurulu\u015fa belli durumlarda internet sitelerine eri\u015fimi engelleme imkan\u0131 tan\u0131yor.<\/p>\n<p>Bu konudaki yetkiyi Bilgi Teknolojileri ve \u0130leti\u015fim Kurumu&#8217;ndaki (BTK) Telekom\u00fcnikasyon \u0130leti\u015fim Ba\u015fkanl\u0131\u011f\u0131 (T\u0130B) \u0130nternet Daire Ba\u015fkanl\u0131\u011f\u0131 kullan\u0131yor.<\/p>\n<p>\u0130nternet&#8217;te Sans\u00fcre Kar\u015f\u0131 Ortak Platform, bug\u00fcn yay\u0131nlad\u0131\u011f\u0131 deklarasyonda, internet kullan\u0131c\u0131lar\u0131n\u0131n d\u00fc\u015f\u00fcnce \u00f6zg\u00fcrl\u00fc\u011f\u00fc ve bilgiye eri\u015fim hakk\u0131n\u0131n engellenemeyece\u011fini s\u00f6yl\u00fcyor.<\/p>\n<p>A\u00e7\u0131klamada &#8216;Sans\u00fcr \u00fclke ekonomisine de kabul edilemez bir bedel y\u00fcklemektedir&#8217; deniyor.<\/p>\n<p>\u0130stifa \u00e7a\u011fr\u0131s\u0131<br \/>\nA\u00c7IKLAMAYI \u0130MZALAYAN BAZI S\u0130TE VE GRUPLAR<\/p>\n<p>    * Bili\u015fim Haklar\u0131 \u0130nternet Sitesi<br \/>\n    * T\u00fcrkiye \u0130nsan Haklar\u0131 Vakf\u0131<br \/>\n    * Bianet<br \/>\n    * Sans\u00fcreSans\u00fcr<br \/>\n    * Netda\u015f<br \/>\n    * Ek\u015fi S\u00f6zl\u00fck<br \/>\n    * T\u00fcrkiye Korsan Partisi Hareketi<br \/>\n    * Gen\u00e7 Siviller<\/p>\n<p>Platform, T\u00fcrkiye&#8217;de yetkili makamlar\u0131n 3 Haziran&#8217;dan bu yana Google hizmetlerine &#8216;dolayl\u0131 sans\u00fcr&#8217; uygulad\u0131\u011f\u0131n\u0131 da belirtiyor.<\/p>\n<p>Bu durumun anayasaya ve hukukun temel ilkelerine ayk\u0131r\u0131 oldu\u011funu s\u00f6yleyen platform BTK ve T\u0130B taraf\u0131ndan al\u0131nan karar ve uygulaman\u0131n \u00f6l\u00e7\u00fcs\u00fcz ve tutars\u0131z oldu\u011funu savunuyor.<\/p>\n<p>Ortak a\u00e7\u0131klamaya kat\u0131lan sivil gruplar, eri\u015fim engelleme y\u00f6nteminin hukuka ayk\u0131r\u0131 i\u00e7eri\u011fi engellemede yetersiz oldu\u011funu da savunuyor.<\/p>\n<p>A\u00e7\u0131klamada engelleme kararlar\u0131n\u0131n, hukuka ayk\u0131r\u0131 oldu\u011fu iddia edilen i\u00e7eri\u011fin yan\u0131nda, belli bir alan ad\u0131 i\u00e7inde bulunan milyonlarca di\u011fer sayfaya da eri\u015fimi imk\u00e2ns\u0131z k\u0131ld\u0131\u011f\u0131 vurgulan\u0131yor.<\/p>\n<p>Platform, T\u00fcrkiye&#8217;de mahkeme kararlar\u0131 ve idari engellemelerle 5000&#8217;den fazla internet sitesinin \u015fu anda eri\u015fime kapal\u0131 oldu\u011funu savunuyor.<\/p>\n<p>Buna g\u00f6re y\u00fczlerce internet sitesi de ilgili yasan\u0131n kapsam\u0131 d\u0131\u015f\u0131nda engellendi.<\/p>\n<p>5651 say\u0131l\u0131 kanunun, \u00e7ocuklar\u0131 zararl\u0131 i\u00e7erikten korumak amac\u0131yla haz\u0131rland\u0131\u011f\u0131n\u0131 s\u00f6yleyen sivil gruplar, uygulaman\u0131n bu amaca hizmet etmedi\u011fini ve farkl\u0131 alanlarda sans\u00fcr\u00fc beraberinde getirdi\u011fini s\u00f6yl\u00fcyor.<\/p>\n<p>Ortak platform, gerekli ad\u0131mlar at\u0131lmazsa T\u0130B \u0130nternet Daire Ba\u015fkan\u0131 Osman Nihat \u015een, BTK Ba\u015fkan\u0131 Tayfun Acarer ve Ula\u015ft\u0131rma Bakan\u0131 Binali Y\u0131ld\u0131r\u0131m&#8217;\u0131n istifa etmesi gerekti\u011fini s\u00f6yl\u00fcyor.<br \/>\nResmi a\u00e7\u0131klama<\/p>\n<p>    Hukuka ayk\u0131r\u0131, \u00f6l\u00e7\u00fcs\u00fcz ve keyfi idari i\u015flem demokratik hukuk devletinde kabul edilemez.<\/p>\n<p>\u0130nternet&#8217;te Sans\u00fcre Kar\u015f\u0131 Ortak Platform&#8217;un a\u00e7\u0131klamas\u0131ndan<\/p>\n<p>Ankara&#8217;da bulunan Telekom\u00fcnikasyon \u0130leti\u015fim Ba\u015fkanl\u0131\u011f\u0131 ise ge\u00e7en hafta bir a\u00e7\u0131klama yay\u0131nlayarak Google gibi baz\u0131 site ve hizmetlerin eri\u015fimlerinin kendilerince engellenmedi\u011fini s\u00f6ylemi\u015fti.<\/p>\n<p>T\u0130B, Google&#8217;a ait bir IP adresinin, \u0130stanbul&#8217;daki bir mahkemenin karar\u0131 ile &#8216;do\u011frudan eri\u015fim sa\u011flay\u0131c\u0131lar taraf\u0131ndan&#8217; 7 Haziran&#8217;da engellendi\u011fini s\u00f6yl\u00fcyor.<\/p>\n<p>Ba\u015fkanl\u0131k, engelleme haberlerinde belirtilen IP adresi \u00fczerinde Google Apps hizmetlerinin verildi\u011fini de s\u00f6yl\u00fcyor.<\/p>\n<p>Bu site, kurumsal e-posta, Google Dok\u00fcmanlar, Google Takvim ve Google Talk&#8217;un da yer ald\u0131\u011f\u0131 \u00e7e\u015fitli Google hizmetlerini kaps\u0131yor.<\/p>\n<p>T\u0130B, bu IP adresi hakk\u0131nda bir engelleme tedbiri uygulamad\u0131klar\u0131n\u0131 s\u00f6yl\u00fcyor.<\/p>\n","protected":false},"excerpt":{"rendered":"<p>BBC Turkce &#8211; Haberler &#8211; T\u00fcrkiye&#8217;de internet sans\u00fcr\u00fc durmazsa &#8216;bakan istifa etmeli&#8217;: &#8220;T\u00fcrkiye&#8217;de internet sans\u00fcr\u00fc durmazsa &#8216;bakan istifa etmeli&#8217; Sans\u00fcre Kar\u015f\u0131 Ortak Platform T\u00fcrkiye&#8217;de 35 ayr\u0131 sivil topluluktan olu\u015fan bir platform, internetteki sans\u00fcr giri\u015fimlerine kar\u015f\u0131 ortak bir a\u00e7\u0131klama yay\u0131mlad\u0131. Platform, gerekli ad\u0131mlar at\u0131lmazsa ula\u015ft\u0131rma bakan\u0131 ve konuyla ilgili iki yetkilinin istifas\u0131n\u0131 istiyor. Aralar\u0131nda baz\u0131 dernekler ve internet sitelerinin de bulundu\u011fu&#8230;<\/p>\n","protected":false},"author":1,"featured_media":0,"comment_status":"open","ping_status":"closed","sticky":false,"template":"","format":"standard","meta":{"jetpack_post_was_ever_published":false,"_jetpack_newsletter_access":"","_jetpack_dont_email_post_to_subs":false,"_jetpack_newsletter_tier_id":0,"_jetpack_memberships_contains_paywalled_content":false,"_jetpack_memberships_contains_paid_content":false,"footnotes":"","jetpack_publicize_message":"","jetpack_publicize_feature_enabled":true,"jetpack_social_post_already_shared":false,"jetpack_social_options":{"image_generator_settings":{"template":"highway","default_image_id":0,"font":"","enabled":false},"version":2}},"categories":[22,145,5,21,8,3,17,67,4],"tags":[],"class_list":["post-1101","post","type-post","status-publish","format-standard","hentry","category-5651-nolu-kanun","category-deklarasyon","category-dusunce-ozgurlugu","category-erisim-engelleme","category-google","category-sansur","category-tib","category-turkiye","category-youtube"],"jetpack_publicize_connections":[],"jetpack_featured_media_url":"","jetpack_sharing_enabled":true,"jetpack_shortlink":"https:\/\/wp.me\/p7wjA8-hL","jetpack-related-posts":[],"_links":{"self":[{"href":"https:\/\/privacy.cyber-rights.org.tr\/index.php?rest_route=\/wp\/v2\/posts\/1101","targetHints":{"allow":["GET"]}}],"collection":[{"href":"https:\/\/privacy.cyber-rights.org.tr\/index.php?rest_route=\/wp\/v2\/posts"}],"about":[{"href":"https:\/\/privacy.cyber-rights.org.tr\/index.php?rest_route=\/wp\/v2\/types\/post"}],"author":[{"embeddable":true,"href":"https:\/\/privacy.cyber-rights.org.tr\/index.php?rest_route=\/wp\/v2\/users\/1"}],"replies":[{"embeddable":true,"href":"https:\/\/privacy.cyber-rights.org.tr\/index.php?rest_route=%2Fwp%2Fv2%2Fcomments&post=1101"}],"version-history":[{"count":1,"href":"https:\/\/privacy.cyber-rights.org.tr\/index.php?rest_route=\/wp\/v2\/posts\/1101\/revisions"}],"predecessor-version":[{"id":1102,"href":"https:\/\/privacy.cyber-rights.org.tr\/index.php?rest_route=\/wp\/v2\/posts\/1101\/revisions\/1102"}],"wp:attachment":[{"href":"https:\/\/privacy.cyber-rights.org.tr\/index.php?rest_route=%2Fwp%2Fv2%2Fmedia&parent=1101"}],"wp:term":[{"taxonomy":"category","embeddable":true,"href":"https:\/\/privacy.cyber-rights.org.tr\/index.php?rest_route=%2Fwp%2Fv2%2Fcategories&post=1101"},{"taxonomy":"post_tag","embeddable":true,"href":"https:\/\/privacy.cyber-rights.org.tr\/index.php?rest_route=%2Fwp%2Fv2%2Ftags&post=1101"}],"curies":[{"name":"wp","href":"https:\/\/api.w.org\/{rel}","templated":true}]}}