{"id":1103,"date":"2010-06-25T15:46:53","date_gmt":"2010-06-25T12:46:53","guid":{"rendered":"http:\/\/privacy.cyber-rights.org.tr\/?p=1103"},"modified":"2010-06-25T15:46:56","modified_gmt":"2010-06-25T12:46:56","slug":"cnnturk-com-t-c-youtube-buyukelcisini-geri-ceksin-mi","status":"publish","type":"post","link":"https:\/\/privacy.cyber-rights.org.tr\/?p=1103","title":{"rendered":"CNNTurk.com: T.C YouTube B\u00fcy\u00fckel\u00e7isini geri \u00e7eksin mi!"},"content":{"rendered":"<p><a href=\"http:\/\/www.cnnturk.com\/2010\/bilim.teknoloji\/teknoloji\/06\/24\/t.c.youtube.buyukelcisini.geri.ceksin.mi\/581122.0\/index.html\">T.C YouTube B\u00fcy\u00fckel\u00e7isini geri \u00e7eksin mi! CNNTurk.com<\/a>: &#8220;T.C YouTube B\u00fcy\u00fckel\u00e7isini geri \u00e7eksin mi!<\/p>\n<p>24.06.2010 <\/p>\n<p>    * T\u00fcrkiye&#8217;ye YouTube ve Google \u00e7a\u011fr\u0131s\u0131<br \/>\n    * Eri\u015fimi engelleyenleri, engellediler!<br \/>\n    * &#8216;Youtube&#8217; yasa\u011f\u0131na devam<br \/>\n    * &#8216;Google yetkilileri T\u00fcrkiye&#8217;ye gelecek&#8217; Video Galerisi<br \/>\n    * Bakan Y\u0131ld\u0131r\u0131m &#8216;Yemezler&#8217; dedi<\/p>\n<p>Ula\u015ft\u0131rma Bakan\u0131 Binali Y\u0131ld\u0131r\u0131m, TBMM&#8217;de \u00f6yle bir laf etti ki, ba\u015fka s\u00f6ze gerek b\u0131rakmad\u0131. Bakan, alt taraf\u0131 bir video payla\u015f\u0131m sitesi olan YouTube&#8217;un T.C ile m\u00fccadeleye giri\u015fti\u011fini iddia etti.<\/p>\n<p>TBMM Genel Kurulu, Ba\u015fkanvekili G\u00fcldal Mumcu ba\u015fkanl\u0131\u011f\u0131nda topland\u0131. Mumcu, g\u00fcndeme ge\u00e7meden \u00f6nce \u00fc\u00e7 milletvekiline g\u00fcndem d\u0131\u015f\u0131 s\u00f6z verdi. CHP Ankara Milletvekili Emrehan Hal\u0131c\u0131, T\u00fcrkiye&#8217;de internet eri\u015fimi ile ilgili \u00f6zg\u00fcrl\u00fcklerin engellendi\u011fini savundu. Youtube gibi baz\u0131 internet sitelerine eri\u015fimin engellendi\u011fini, bunun sans\u00fcr\u00fc beraberinde getirdi\u011fini belirten Hal\u0131c\u0131, insanlar\u0131n bu durumdan \u00e7ok rahats\u0131z oldu\u011funu, tepkilerin her ge\u00e7en g\u00fcn b\u00fcy\u00fcd\u00fc\u011f\u00fcn\u00fc s\u00f6yledi.<\/p>\n<p>H\u00fck\u00fcmet ad\u0131na s\u00f6z alan Ula\u015ft\u0131rma Bakan\u0131 Y\u0131ld\u0131r\u0131m, g\u00fcn\u00fcm\u00fczde bilgiyi en iyi \u015fekilde toplayan \u00fclkelerin ileriye gitti\u011fini, T\u00fcrkiye&#8217;de de bilgi toplumunu g\u00fc\u00e7lendirmek i\u00e7in kendilerinin de \u00e7aba sarf etti\u011fini s\u00f6yledi. Bilgi toplumunda internetin \u00f6neminin yads\u0131namayaca\u011f\u0131n\u0131 anlatan Y\u0131ld\u0131r\u0131m, bu kapsamda h\u0131zl\u0131 internet eri\u015fimini yayg\u0131nla\u015ft\u0131rd\u0131klar\u0131n\u0131 ifade etti.<\/p>\n<p>\u0130nternetin ila\u00e7 gibi, yarar\u0131 oldu\u011fu kadar zarar\u0131n\u0131n bulundu\u011funa dikkati \u00e7eken Y\u0131ld\u0131r\u0131m, bu nedenle internetin temiz kullan\u0131m\u0131n\u0131 sa\u011flamay\u0131 hedeflediklerini kaydetti. Bakan Y\u0131ld\u0131r\u0131m, internette su\u00e7 ve su\u00e7a \u00f6zendirici yay\u0131nlar\u0131n y\u00fczde 98&#8217;inin d\u0131\u015f kaynakl\u0131 oldu\u011funu, bu tehlikeyi \u00f6nlemek i\u00e7in baz\u0131 \u00f6nlemler almak zorunda olduklar\u0131n\u0131 dile getirdi.<\/p>\n<p>Bakan kafay\u0131 Youtube&#8217;a takt\u0131!<\/p>\n<p>Youtube payla\u015f\u0131m sitesinin Atat\u00fcrk&#8217;e hakaret i\u00e7eren yay\u0131n\u0131ndan dolay\u0131, mahkeme karar\u0131yla eri\u015fime engellendi\u011fini an\u0131msatan Y\u0131ld\u0131r\u0131m, bunun kar\u015f\u0131l\u0131\u011f\u0131nda s\u00f6z konusu sitenin yetkililerinin, cezay\u0131 durdurmak i\u00e7in bir \u00fcst mahkemeye bile itiraz etme gere\u011fini duymad\u0131\u011f\u0131n\u0131 vurgulad\u0131.<\/p>\n<p>Y\u0131ld\u0131r\u0131m, s\u00f6z konusu payla\u015f\u0131m sitesinin bir\u00e7ok \u00fclkede g\u00fcvenlik belgesi almas\u0131na, vergi dairelerine kay\u0131t yapt\u0131rmas\u0131na ra\u011fmen T\u00fcrkiye&#8217;de bunlar\u0131 yerine getirmemekte \u0131srar etti\u011fini anlatt\u0131.<\/p>\n<p>T\u00fcrkiye&#8217;nin bunu kabul edip boyun e\u011fmeyece\u011fini belirten Y\u0131ld\u0131r\u0131m, &#8216;Bu payla\u015f\u0131m sitesi bir \u00e7ok \u00fclkede yerli s\u00fcr\u00fcm yap\u0131yor ama T\u00fcrkiye&#8217;de yapm\u0131yor. Yine d\u00fcnyan\u0131n bir\u00e7ok \u00fclkesinde adli makamlarla i\u015fbirli\u011fi yap\u0131yor ama \u00fclkemizde buna yana\u015fm\u0131yor. Bir siyasi partinin genel ba\u015fkan\u0131 ile ilgili yay\u0131mlanan videonun yay\u0131ndan kald\u0131r\u0131lmas\u0131 i\u00e7in arkada\u015flar\u0131m\u0131z giri\u015fimde bulundu, telefonlara bile \u00e7\u0131kmad\u0131lar. Bu kadar hukuk tan\u0131maz siteyi hararetle savunanlar var. Bunu k\u0131n\u0131yorum&#8217; diye konu\u015ftu.<\/p>\n<p>S\u00f6z konusu sitenin, IP giri\u015f numaralar\u0131 arac\u0131l\u0131\u011f\u0131yla Google&#8217;e giri\u015fleri de yava\u015flatmaya, bu yolla tepkileri art\u0131r\u0131p T\u00fcrkiye&#8217;yi dize getirmeye \u00e7al\u0131\u015ft\u0131\u011f\u0131n\u0131 belirten Y\u0131ld\u0131r\u0131m, &#8216;Bu site, T\u00fcrkiye Cumhuriyeti ile bir m\u00fccadeleye giri\u015fti. T\u00fcrkiye asla bu durumu kabul etmeyecektir. Bu payla\u015f\u0131m sitesinin direktiflerine g\u00f6re tav\u0131r almak yerine, bu sitenin hukuk kurallar\u0131na sayg\u0131l\u0131 olmas\u0131n\u0131 sa\u011flamal\u0131y\u0131z&#8217; dedi.<\/p>\n","protected":false},"excerpt":{"rendered":"<p>T.C YouTube B\u00fcy\u00fckel\u00e7isini geri \u00e7eksin mi! CNNTurk.com: &#8220;T.C YouTube B\u00fcy\u00fckel\u00e7isini geri \u00e7eksin mi! 24.06.2010 * T\u00fcrkiye&#8217;ye YouTube ve Google \u00e7a\u011fr\u0131s\u0131 * Eri\u015fimi engelleyenleri, engellediler! * &#8216;Youtube&#8217; yasa\u011f\u0131na devam * &#8216;Google yetkilileri T\u00fcrkiye&#8217;ye gelecek&#8217; Video Galerisi * Bakan Y\u0131ld\u0131r\u0131m &#8216;Yemezler&#8217; dedi Ula\u015ft\u0131rma Bakan\u0131 Binali Y\u0131ld\u0131r\u0131m, TBMM&#8217;de \u00f6yle bir laf etti ki, ba\u015fka s\u00f6ze gerek b\u0131rakmad\u0131. Bakan, alt taraf\u0131 bir video payla\u015f\u0131m&#8230;<\/p>\n","protected":false},"author":1,"featured_media":0,"comment_status":"open","ping_status":"closed","sticky":false,"template":"","format":"standard","meta":{"jetpack_post_was_ever_published":false,"_jetpack_newsletter_access":"","_jetpack_dont_email_post_to_subs":false,"_jetpack_newsletter_tier_id":0,"_jetpack_memberships_contains_paywalled_content":false,"_jetpack_memberships_contains_paid_content":false,"footnotes":"","jetpack_publicize_message":"","jetpack_publicize_feature_enabled":true,"jetpack_social_post_already_shared":false,"jetpack_social_options":{"image_generator_settings":{"template":"highway","default_image_id":0,"font":"","enabled":false},"version":2}},"categories":[22,5,21,8,3,45,17,67,4],"tags":[],"class_list":["post-1103","post","type-post","status-publish","format-standard","hentry","category-5651-nolu-kanun","category-dusunce-ozgurlugu","category-erisim-engelleme","category-google","category-sansur","category-tbmm","category-tib","category-turkiye","category-youtube"],"jetpack_publicize_connections":[],"jetpack_featured_media_url":"","jetpack_sharing_enabled":true,"jetpack_shortlink":"https:\/\/wp.me\/p7wjA8-hN","jetpack-related-posts":[],"_links":{"self":[{"href":"https:\/\/privacy.cyber-rights.org.tr\/index.php?rest_route=\/wp\/v2\/posts\/1103","targetHints":{"allow":["GET"]}}],"collection":[{"href":"https:\/\/privacy.cyber-rights.org.tr\/index.php?rest_route=\/wp\/v2\/posts"}],"about":[{"href":"https:\/\/privacy.cyber-rights.org.tr\/index.php?rest_route=\/wp\/v2\/types\/post"}],"author":[{"embeddable":true,"href":"https:\/\/privacy.cyber-rights.org.tr\/index.php?rest_route=\/wp\/v2\/users\/1"}],"replies":[{"embeddable":true,"href":"https:\/\/privacy.cyber-rights.org.tr\/index.php?rest_route=%2Fwp%2Fv2%2Fcomments&post=1103"}],"version-history":[{"count":1,"href":"https:\/\/privacy.cyber-rights.org.tr\/index.php?rest_route=\/wp\/v2\/posts\/1103\/revisions"}],"predecessor-version":[{"id":1104,"href":"https:\/\/privacy.cyber-rights.org.tr\/index.php?rest_route=\/wp\/v2\/posts\/1103\/revisions\/1104"}],"wp:attachment":[{"href":"https:\/\/privacy.cyber-rights.org.tr\/index.php?rest_route=%2Fwp%2Fv2%2Fmedia&parent=1103"}],"wp:term":[{"taxonomy":"category","embeddable":true,"href":"https:\/\/privacy.cyber-rights.org.tr\/index.php?rest_route=%2Fwp%2Fv2%2Fcategories&post=1103"},{"taxonomy":"post_tag","embeddable":true,"href":"https:\/\/privacy.cyber-rights.org.tr\/index.php?rest_route=%2Fwp%2Fv2%2Ftags&post=1103"}],"curies":[{"name":"wp","href":"https:\/\/api.w.org\/{rel}","templated":true}]}}