{"id":1105,"date":"2010-06-25T15:59:32","date_gmt":"2010-06-25T12:59:32","guid":{"rendered":"http:\/\/privacy.cyber-rights.org.tr\/?p=1105"},"modified":"2010-06-25T15:59:35","modified_gmt":"2010-06-25T12:59:35","slug":"cnnturk-com-ordular-ilk-hedefiniz-youtube-ileri","status":"publish","type":"post","link":"https:\/\/privacy.cyber-rights.org.tr\/?p=1105","title":{"rendered":"CNNTurk.com: &#8220;Ordular ilk hedefiniz YouTube, ileri&#8221; &#8211;"},"content":{"rendered":"<p><a href=\"http:\/\/www.cnnturk.com\/Yazarlar\/EMIN.CAPA\/Ordular.ilk.hedefiniz.YouTube.ileri\/28.2410\/index.html\">&#8220;Ordular ilk hedefiniz YouTube, ileri&#8221; &#8211; CNNTurk.com<\/a>: &#8220;EM\u0130N \u00c7APA 24.06.2010 16:45:39<\/p>\n<p>&#8216;Ordular ilk hedefiniz YouTube, ileri&#8217;<\/p>\n<p>Ey benim sevgili internetkullanamay\u0131c\u0131 dert ortaklar\u0131m. Bu kadar\u0131n\u0131 ben bile d\u00fc\u015f\u00fcnemedim.<\/p>\n<p>EM\u0130N \u00c7APA<br \/>\neminc@cnnturk.com.tr<\/p>\n<p>CNN T\u00dcRK Ekonomi M\u00fcd\u00fcr\u00fc<br \/>\nDi\u011fer Yaz\u0131lar\u0131<\/p>\n<p>    * &#8216;Ordular ilk hedefiniz YouTube, ileri&#8217;<br \/>\n    * Araps\u0131z ya da Almans\u0131z ya\u015fayamaz m\u0131y\u0131z?<br \/>\n    * Google&#8217;a kar\u015f\u0131 omuz omuza<br \/>\n    * Internet yasaklans\u0131n 2<br \/>\n    * \u00c7\u0131lg\u0131n T\u00fcrkler<\/p>\n<p>Bir s\u00fcredir &#8216;\u0130nternet Yasaklans\u0131n&#8217; ba\u015fl\u0131\u011f\u0131 alt\u0131nda, interneti yasaklaman\u0131n ne kadar sa\u00e7ma oldu\u011funu anlatmak i\u00e7in sa\u00e7malayan yaz\u0131lar yazd\u0131m, ama bu kadar tuhaf\u0131n\u0131 vallahi de, billahi de d\u00fc\u015f\u00fcnemedim.<\/p>\n<p>\u015eunu bir okur musunuz? &#8216;Bu site, T\u00fcrkiye Cumhuriyeti ile bir m\u00fccadeleye giri\u015fti. T\u00fcrkiye asla bu durumu kabul etmeyecektir.&#8217;<\/p>\n<p>* Emin \u00c7apa&#8217;n\u0131n &#8216;\u0130nternet Yasaklans\u0131n 1&#8217; yaz\u0131s\u0131 i\u00e7in t\u0131klay\u0131n<\/p>\n<p>* Emin \u00c7apa&#8217;n\u0131n &#8216;\u0130nternet Yasaklans\u0131n 2&#8217; yaz\u0131s\u0131 i\u00e7in t\u0131klay\u0131n<\/p>\n<p>* Emin \u00c7apa&#8217;n\u0131n &#8216;\u0130nternet Yasaklans\u0131n 3&#8217; yaz\u0131s\u0131 i\u00e7in t\u0131klay\u0131n<\/p>\n<p>Nas\u0131l yani? T\u00fcrkiye Cumhuriyeti ile bir internet sitesi aras\u0131nda m\u00fccadele mi dediniz!!!!!!!!!???????? (\u00fcnlemler ve soru i\u015faretleri az kald\u0131, yeni bir noktalama i\u015fareti bulmam \/uydurmam laz\u0131m)<\/p>\n<p>Yahu insaf art\u0131k&#8230;<br \/>\nBu kadar da de\u011fil.<br \/>\nTamam yasaklad\u0131n\u0131z&#8230;<br \/>\nTamam yasaklam\u0131n\u0131z\u0131 delmeye f\u0131rsat tan\u0131yanlar\u0131 da bloke ettiniz&#8230;<br \/>\nAma insaf edin, yasa\u011f\u0131n\u0131z\u0131 savunurken b\u00f6yle bir c\u00fcmle kurulur mu?<br \/>\nYouTube kim ki? \u0130nternet sitesi&#8230;<br \/>\nNe yapaca\u011f\u0131z, sava\u015f m\u0131 ilan edece\u011fiz?<\/p>\n<p>Yasak\u00e7\u0131 zihniyetleri normal sayan baz\u0131 okurlara da bir uyar\u0131 da bulunay\u0131m.<br \/>\nD\u00fcnyada en tehlikeli \u015fey, &#8216;bunlar\u0131 sizi korumak i\u00e7in yap\u0131yoruz&#8217; denmesidir.<br \/>\nBeni kimsenin korumas\u0131n\u0131 istemiyorum.<br \/>\nBakan diyor ki, &#8216;\u0130nternetin temiz kullan\u0131m\u0131n\u0131 sa\u011flamay\u0131 hedefliyoruz&#8217;..<br \/>\n\u00c7ok etkilendim.. Temiz kullan\u0131m nedir acaba?<br \/>\nBakan a\u00e7\u0131k konu\u015fsun, porno mu? \u00c7ocuk istismar\u0131 m\u0131? Fikirlerin kontrols\u00fczce ortal\u0131kta tart\u0131\u015f\u0131lmas\u0131 m\u0131?<br \/>\nNedir temiz kullan\u0131m?<\/p>\n<p>Sevgili arkada\u015flar, size iki not vereyim.<br \/>\n1) Hepiniz hat\u0131rlars\u0131n\u0131z, adam\u0131n bir tanesi &#8216;aray\u0131nca Atat\u00fcrk aleyhine siteler \u00e7\u0131k\u0131yor&#8217; diye Google yasaklans\u0131n davas\u0131 a\u00e7m\u0131\u015ft\u0131. Ey &#8230;(siz anlars\u0131n\u0131z) karde\u015fim, 19. y\u00fczy\u0131ldan 20. y\u00fczy\u0131la ge\u00e7emeyen arkada\u015f\u0131m.. D\u00fcnya 21. y\u00fczy\u0131la girdi. Sen daha &#8216;Atat\u00fcrk T\u00fcrkiyesi&#8217;ne gelememi\u015fsin.. Senin bu dedi\u011fin, Abd\u00fclhamit d\u00f6neminde, gazetelerden bir tanesi &#8216;Sultanahmet \u00c7e\u015fmesi \u00f6n\u00fcnde dua eden adam&#8217; posteri verince sans\u00fcrc\u00fclerin, &#8216;adam ellerini a\u00e7m\u0131\u015f, Sultan Abd\u00fclhamit d\u00f6neminde i\u015fimiz Allaha kald\u0131 diyor, yay\u0131nlanamaz&#8217; demesine benziyor.<\/p>\n<p>2) Amerika Birle\u015fik Devletleri&#8217;nde \u00e7ok \u00e7ok \u00f6nem verilen ve ifade \u00f6zg\u00fcrl\u00fc\u011f\u00fcn\u00fcn nereye vard\u0131\u011f\u0131n\u0131 g\u00f6sterdi\u011fi i\u00e7in hukuk fak\u00fcltelerinde okutulan bir dava vard\u0131r. Porno kral\u0131 Larry Flynt&#8217;le ilgili a\u00e7\u0131lan davada ABD Anayasa Mahkemesi, &#8216;pornonun da ifade \u00f6zg\u00fcrl\u00fc\u011f\u00fcnden yararlanaca\u011f\u0131na, yasaklanamayaca\u011f\u0131na, \u00e7ocuklar\u0131 korumak i\u00e7in ba\u015fka tedbirler al\u0131nmas\u0131 gerekti\u011fi&#8217;ne karar verdi. Burada pornoyu savunma durumuna d\u00fc\u015fmek istemiyorum ama, l\u00fctfen T\u00dcRK HALKI CAH\u0130LD\u0130R, ONLARI KORUMAMIZ LAZIM ANLAYI\u015eINA SON VER\u0130LS\u0130N. BEN CAH\u0130L DE\u011e\u0130L\u0130M. BEN\u0130 KORUMAYA \u00c7ALI\u015eAN HERKESTEN DAHA K\u00dcLT\u00dcRL\u00dc, B\u0130LG\u0130L\u0130, AKILLIYIM. T\u00dcRK HALKININ SALAK OLMADI\u011eINI KABUL ED\u0130N.<\/p>\n<p>G\u00fcn ge\u00e7tik\u00e7e nefes alman\u0131n zorla\u015ft\u0131\u011f\u0131 bir \u00fclke de\u011fil, as\u0131l sorunlar\u0131na azimle e\u011filen bir \u00fclke haline gelebilir miyiz art\u0131k l\u00fctfen!!!!!!!!??<\/p>\n<p>Say\u0131n Bakan, e\u011fer internete e\u011filecekseniz &#8216;l\u00fctfen h\u0131z nas\u0131l art\u0131r\u0131l\u0131r, fiyat nas\u0131l d\u00fc\u015f\u00fcr\u00fcl\u00fcr, her eve internet nas\u0131l sokulur&#8217; konusuna e\u011filin.<\/p>\n<p>E\u011fer hala bo\u015f vaktiniz varsa ilgilenecek \u00e7ok \u00f6nemli bir mesele var; memleketin her yeri kan\u0131yor? En b\u00fcy\u00fck sorunumuz i\u015fsizlik bile unutuldu, akan kanlardan. L\u00fctfen vaktinizi bizi &#8216;internet zararl\u0131lar\u0131ndan korumaya&#8217; de\u011fil, patlayan bombalardan, ter\u00f6r sald\u0131r\u0131lar\u0131ndan korumaya ay\u0131r\u0131n.<\/p>\n","protected":false},"excerpt":{"rendered":"<p>&#8220;Ordular ilk hedefiniz YouTube, ileri&#8221; &#8211; CNNTurk.com: &#8220;EM\u0130N \u00c7APA 24.06.2010 16:45:39 &#8216;Ordular ilk hedefiniz YouTube, ileri&#8217; Ey benim sevgili internetkullanamay\u0131c\u0131 dert ortaklar\u0131m. Bu kadar\u0131n\u0131 ben bile d\u00fc\u015f\u00fcnemedim. EM\u0130N \u00c7APA eminc@cnnturk.com.tr CNN T\u00dcRK Ekonomi M\u00fcd\u00fcr\u00fc Di\u011fer Yaz\u0131lar\u0131 * &#8216;Ordular ilk hedefiniz YouTube, ileri&#8217; * Araps\u0131z ya da Almans\u0131z ya\u015fayamaz m\u0131y\u0131z? * Google&#8217;a kar\u015f\u0131 omuz omuza * Internet yasaklans\u0131n 2 * \u00c7\u0131lg\u0131n&#8230;<\/p>\n","protected":false},"author":1,"featured_media":0,"comment_status":"open","ping_status":"closed","sticky":false,"template":"","format":"standard","meta":{"jetpack_post_was_ever_published":false,"_jetpack_newsletter_access":"","_jetpack_dont_email_post_to_subs":false,"_jetpack_newsletter_tier_id":0,"_jetpack_memberships_contains_paywalled_content":false,"_jetpack_memberships_contains_paid_content":false,"footnotes":"","jetpack_publicize_message":"","jetpack_publicize_feature_enabled":true,"jetpack_social_post_already_shared":false,"jetpack_social_options":{"image_generator_settings":{"template":"highway","default_image_id":0,"font":"","enabled":false},"version":2}},"categories":[22,5,21,3,17,67,4],"tags":[],"class_list":["post-1105","post","type-post","status-publish","format-standard","hentry","category-5651-nolu-kanun","category-dusunce-ozgurlugu","category-erisim-engelleme","category-sansur","category-tib","category-turkiye","category-youtube"],"jetpack_publicize_connections":[],"jetpack_featured_media_url":"","jetpack_sharing_enabled":true,"jetpack_shortlink":"https:\/\/wp.me\/p7wjA8-hP","jetpack-related-posts":[],"_links":{"self":[{"href":"https:\/\/privacy.cyber-rights.org.tr\/index.php?rest_route=\/wp\/v2\/posts\/1105","targetHints":{"allow":["GET"]}}],"collection":[{"href":"https:\/\/privacy.cyber-rights.org.tr\/index.php?rest_route=\/wp\/v2\/posts"}],"about":[{"href":"https:\/\/privacy.cyber-rights.org.tr\/index.php?rest_route=\/wp\/v2\/types\/post"}],"author":[{"embeddable":true,"href":"https:\/\/privacy.cyber-rights.org.tr\/index.php?rest_route=\/wp\/v2\/users\/1"}],"replies":[{"embeddable":true,"href":"https:\/\/privacy.cyber-rights.org.tr\/index.php?rest_route=%2Fwp%2Fv2%2Fcomments&post=1105"}],"version-history":[{"count":1,"href":"https:\/\/privacy.cyber-rights.org.tr\/index.php?rest_route=\/wp\/v2\/posts\/1105\/revisions"}],"predecessor-version":[{"id":1106,"href":"https:\/\/privacy.cyber-rights.org.tr\/index.php?rest_route=\/wp\/v2\/posts\/1105\/revisions\/1106"}],"wp:attachment":[{"href":"https:\/\/privacy.cyber-rights.org.tr\/index.php?rest_route=%2Fwp%2Fv2%2Fmedia&parent=1105"}],"wp:term":[{"taxonomy":"category","embeddable":true,"href":"https:\/\/privacy.cyber-rights.org.tr\/index.php?rest_route=%2Fwp%2Fv2%2Fcategories&post=1105"},{"taxonomy":"post_tag","embeddable":true,"href":"https:\/\/privacy.cyber-rights.org.tr\/index.php?rest_route=%2Fwp%2Fv2%2Ftags&post=1105"}],"curies":[{"name":"wp","href":"https:\/\/api.w.org\/{rel}","templated":true}]}}