{"id":1107,"date":"2010-06-25T17:33:31","date_gmt":"2010-06-25T14:33:31","guid":{"rendered":"http:\/\/privacy.cyber-rights.org.tr\/?p=1107"},"modified":"2010-06-25T17:33:33","modified_gmt":"2010-06-25T14:33:33","slug":"bakan-yildirim-youtube%e2%80%99a-savas-acti-bu-site-hukuk-tanimaz-bizimle-mucadeleye-giristi","status":"publish","type":"post","link":"https:\/\/privacy.cyber-rights.org.tr\/?p=1107","title":{"rendered":"Bakan Y\u0131ld\u0131r\u0131m YouTube\u2019a Sava\u015f A\u00e7t\u0131: Bu Site Hukuk Tan\u0131maz, Bizimle M\u00fccadeleye Giri\u015fti!"},"content":{"rendered":"<p><a href=\"http:\/\/www.turktime.com\/haber\/Bakan-Yildirim-YouTube-a-Savas-Acti-Bu-Site-Hukuk-Tanimaz-Bizimle-Mucadeleye-Giristi\/98519\">Bakan Y\u0131ld\u0131r\u0131m YouTube\u2019a Sava\u015f A\u00e7t\u0131: Bu Site Hukuk Tan\u0131maz, Bizimle M\u00fccadeleye Giri\u015fti!<\/a>:\t\t<\/p>\n<p>Ula\u015ft\u0131rma Bakan\u0131 Y\u0131ld\u0131r\u0131m, YouTube\u2019u sert ele\u015ftirdi: \u2018Bu site T\u00fcrkiye\u2019yle m\u00fccadeleye giri\u015fti, ama bunu kabul etmeyiz. Bu site bir\u00e7ok \u00fclkede yerli s\u00fcr\u00fcm yap\u0131yor, T\u00fcrkiye\u2019de yapm\u0131yor, adli i\u015fbirli\u011fine yana\u015fm\u0131yor. Bir parti lideriyle ilgili videonun kald\u0131r\u0131lmas\u0131 i\u00e7in arkada\u015flar\u0131m\u0131z giri\u015fimde bulundu, telefonlara \u00e7\u0131kmad\u0131lar.\u2019<\/p>\n<p>25 Haziran 2010 Cuma 08:19 \t(TurkTime &#8211; Radikal)<\/p>\n<p>Ula\u015ft\u0131rma Bakan\u0131 Binali Y\u0131ld\u0131r\u0131m, mahkeme karar\u0131yla eri\u015fime engellenen payla\u015f\u0131m sitesi YouTube\u2019un, T\u00fcrkiye\u2019de hukuki y\u00fck\u00fcml\u00fcl\u00fcklerini yerine getirmemekte \u0131srar etti\u011fini belirterek, \u2018Bu site, T\u00fcrkiye Cumhuriyeti ile m\u00fccadeleye giri\u015fti ama T\u00fcrkiye bunu kabul etmeyecektir\u2019 dedi.<br \/>\nTBMM Genel Kurulu\u2019nda CHP\u2019li Emrehan Hal\u0131c\u0131, T\u00fcrkiye\u2019de internet eri\u015fimi ile ilgili \u00f6zg\u00fcrl\u00fcklerin engellendi\u011fini s\u00f6yledi. Ula\u015ft\u0131rma Bakan\u0131 Binali Y\u0131ld\u0131r\u0131m ise, internetin \u2018ila\u00e7 gibi, yarar\u0131 oldu\u011fu kadar zarar\u0131n\u0131n bulundu\u011funa\u2019 dikkati \u00e7ekti. Y\u0131ld\u0131r\u0131m, bu nedenle internetin temiz kullan\u0131m\u0131n\u0131 sa\u011flamay\u0131 hedeflediklerini s\u00f6yledi. Y\u0131ld\u0131r\u0131m, internette su\u00e7 ve su\u00e7a \u00f6zendirici yay\u0131nlar\u0131n y\u00fczde 98\u2019inin d\u0131\u015f kaynakl\u0131 oldu\u011funu, bu tehlikeyi \u00f6nlemek i\u00e7in baz\u0131 \u00f6nlemler almak zorunda olduklar\u0131n\u0131 dile getirdi.<br \/>\nYouTube payla\u015f\u0131m sitesinin Atat\u00fcrk\u2019e hakaret i\u00e7eren yay\u0131n\u0131ndan dolay\u0131, mahkeme karar\u0131yla eri\u015fime engellendi\u011fini an\u0131msatan Y\u0131ld\u0131r\u0131m, buna kar\u015f\u0131n sitenin yetkililerinin, cezay\u0131 durdurmak i\u00e7in bir \u00fcst mahkemeye bile itiraz etme gere\u011fini duymad\u0131\u011f\u0131n\u0131 vurgulad\u0131. Y\u0131ld\u0131r\u0131m, s\u00f6z konusu payla\u015f\u0131m sitesinin bir\u00e7ok \u00fclkede g\u00fcvenlik belgesi almas\u0131na, vergi dairelerine kay\u0131t yapt\u0131rmas\u0131na ra\u011fmen T\u00fcrkiye\u2019de bunlar\u0131 yerine getirmemekte \u0131srar etti\u011fini anlatt\u0131.<br \/>\nT\u00fcrkiye\u2019nin bunu kabul edip boyun e\u011fmeyece\u011fini belirten Y\u0131ld\u0131r\u0131m, \u2018Bu payla\u015f\u0131m sitesi bir\u00e7ok \u00fclkede yerli s\u00fcr\u00fcm yap\u0131yor ama T\u00fcrkiye\u2019de yapm\u0131yor. Yine d\u00fcnyan\u0131n bir\u00e7ok \u00fclkesinde adli makamlarla i\u015fbirli\u011fi yap\u0131yor ama \u00fclkemizde buna yana\u015fm\u0131yor. Bir siyasi partinin genel ba\u015fkan\u0131 ile ilgili yay\u0131mlanan videonun yay\u0131ndan kald\u0131r\u0131lmas\u0131 i\u00e7in arkada\u015flar\u0131m\u0131z giri\u015fimde bulundu, telefonlara bile \u00e7\u0131kmad\u0131lar. Bu kadar hukuk tan\u0131maz siteyi hararetle savunanlar var. Bunu k\u0131n\u0131yorum\u2019 dedi.<br \/>\nS\u00f6z konusu sitenin, IP giri\u015f numaralar\u0131 arac\u0131l\u0131\u011f\u0131yla Google\u2019a giri\u015fleri de yava\u015flatmaya, bu yolla tepkileri art\u0131r\u0131p T\u00fcrkiye\u2019yi dize getirmeye \u00e7al\u0131\u015ft\u0131\u011f\u0131n\u0131 belirten Y\u0131ld\u0131r\u0131m, \u2018Bu site, T\u00fcrkiye Cumhuriyeti ile bir m\u00fccadeleye giri\u015fti. T\u00fcrkiye asla bu durumu kabul etmeyecektir. Bu payla\u015f\u0131m sitesinin direktiflerine g\u00f6re tav\u0131r almak yerine, bu sitenin hukuk kurallar\u0131na sayg\u0131l\u0131 olmas\u0131n\u0131 sa\u011flamal\u0131y\u0131z\u2019 dedi. <\/p>\n<p>G\u00f6r\u00fc\u015fme yap\u0131lm\u0131\u015f<br \/>\nUla\u015ft\u0131rma Bakan\u0131 Y\u0131ld\u0131r\u0131m\u2019\u0131n bu tepkilerine kar\u015f\u0131n, YouTube yetkililerinin yasa\u011f\u0131n kald\u0131r\u0131lmas\u0131 i\u00e7in ge\u00e7ti\u011fimiz g\u00fcnlerde Bilgi Teknolojileri \u0130leti\u015fim Kurumu ile bir araya geldi\u011fi ortaya \u00e7\u0131kt\u0131. Sessiz sedas\u0131z ger\u00e7ekle\u015ftirilen g\u00f6r\u00fc\u015fmede iki taraf, Youtube\u2019un engellenmesi ve arama motoru Google\u2019un yava\u015flamas\u0131na ili\u015fkin kar\u015f\u0131l\u0131kl\u0131 kozlar\u0131n\u0131 payla\u015ft\u0131. Taraflar aras\u0131nda net bir uzla\u015fma sa\u011flanamazken, tekrar bir araya gelmeleri konusunda mutabakata var\u0131ld\u0131. <\/p>\n<p>\u2018Lokal versiyonu T\u00fcrkiye istemedi\u2019<br \/>\nBakan Binali Y\u0131ld\u0131r\u0131m\u2019\u0131n s\u00f6zlerine bili\u015fim hukuku konusunda uzman olan isimler kat\u0131lm\u0131yor. G\u00f6r\u00fc\u015fler \u015f\u00f6yle:<br \/>\nBilgi \u00dcniversitesi Bili\u015fim Hukuku \u00f6\u011fretim \u00fcyesi Do\u00e7. Dr \u00f6\u011fretim \u00fcyesi Yaman Akdeniz: \u2018Bakan Y\u0131ld\u0131r\u0131m\u2019\u0131n s\u00f6ylediklerine kat\u0131lm\u0131yorum. Google ya da YouTube\u2019un \u00f6zellikle bizimle u\u011fra\u015ft\u0131\u011f\u0131n\u0131 sanm\u0131yorum. YouTube hakk\u0131nda verilen mahkeme karar\u0131na iki hafta \u00f6nce itiraz ettik. Mahkeme itiraz\u0131m\u0131z\u0131 reddetti. Almanya, \u0130ngiltere ve Fransa\u2019da Youtube\u2019u test ettim. \u2018Lokal versiyonu mu, global versiyonu mu kullanmak istiyorsunuz?\u2019 diye soruyor. YouTube bu \u00fclkelerde yapt\u0131\u011f\u0131 anla\u015fmalarda hukuki olarak sadece lokal versiyondan sorumlu. Global versiyona kar\u0131\u015fm\u0131yor. YouTube, bunu T\u00fcrkiye\u2019ye \u00f6nerdi. Ancak T\u00fcrkiye kabul etmedi. T\u00fcrkiye, illa global versiyondan da bu videolar\u0131n kald\u0131r\u0131lmas\u0131n\u0131 talep etti. Problem de buradan kaynaklan\u0131yor. T\u00fcrkiye, burada ofis a\u00e7malar\u0131n\u0131 istiyor. Ancak hi\u00e7bir ulusla-raras\u0131 organizasyonda \u2018gelip burada ofis a\u00e7\u0131n\u2019 diyemezler. Obama, \u2018Ko\u00e7, Sabanc\u0131 gelip burada ofis a\u00e7acak\u2019 diyemez. Bu tart\u0131\u015fma bu tip a\u00e7\u0131klamalarla \u00e7\u00f6z\u00fclemez.\u2019<br \/>\nBili\u015fim Hukuk konusunda uzman avukat Ba\u015fak Purut: \u2018Bakan Y\u0131ld\u0131r\u0131m a\u00e7\u0131klamalar\u0131yla kamuoyunu yanl\u0131\u015f bilgilendiriyor. Neden sadece Google\u2019a bunlar yap\u0131l\u0131yor. T\u00fcrkiye\u2019de yurtd\u0131\u015f\u0131ndan i\u015f yapan binlerce site var. Vergi m\u00fckellefi de\u011filler. \u2018Google yasaklayay\u0131m, hizaya getirelim, di\u011ferlerine g\u00f6zda\u011f\u0131 olur\u2019 diye mi yap\u0131l\u0131yor bilmiyorum?\u2019 (Radikal)<\/p>\n","protected":false},"excerpt":{"rendered":"<p>Bakan Y\u0131ld\u0131r\u0131m YouTube\u2019a Sava\u015f A\u00e7t\u0131: Bu Site Hukuk Tan\u0131maz, Bizimle M\u00fccadeleye Giri\u015fti!: Ula\u015ft\u0131rma Bakan\u0131 Y\u0131ld\u0131r\u0131m, YouTube\u2019u sert ele\u015ftirdi: \u2018Bu site T\u00fcrkiye\u2019yle m\u00fccadeleye giri\u015fti, ama bunu kabul etmeyiz. Bu site bir\u00e7ok \u00fclkede yerli s\u00fcr\u00fcm yap\u0131yor, T\u00fcrkiye\u2019de yapm\u0131yor, adli i\u015fbirli\u011fine yana\u015fm\u0131yor. Bir parti lideriyle ilgili videonun kald\u0131r\u0131lmas\u0131 i\u00e7in arkada\u015flar\u0131m\u0131z giri\u015fimde bulundu, telefonlara \u00e7\u0131kmad\u0131lar.\u2019 25 Haziran 2010 Cuma 08:19 (TurkTime &#8211; Radikal) Ula\u015ft\u0131rma&#8230;<\/p>\n","protected":false},"author":1,"featured_media":0,"comment_status":"open","ping_status":"closed","sticky":false,"template":"","format":"standard","meta":{"jetpack_post_was_ever_published":false,"_jetpack_newsletter_access":"","_jetpack_dont_email_post_to_subs":false,"_jetpack_newsletter_tier_id":0,"_jetpack_memberships_contains_paywalled_content":false,"_jetpack_memberships_contains_paid_content":false,"footnotes":"","jetpack_publicize_message":"","jetpack_publicize_feature_enabled":true,"jetpack_social_post_already_shared":false,"jetpack_social_options":{"image_generator_settings":{"template":"highway","default_image_id":0,"font":"","enabled":false},"version":2}},"categories":[22,5,21,8,3,45,17,67,78,4],"tags":[],"class_list":["post-1107","post","type-post","status-publish","format-standard","hentry","category-5651-nolu-kanun","category-dusunce-ozgurlugu","category-erisim-engelleme","category-google","category-sansur","category-tbmm","category-tib","category-turkiye","category-yaman-akdeniz","category-youtube"],"jetpack_publicize_connections":[],"jetpack_featured_media_url":"","jetpack_sharing_enabled":true,"jetpack_shortlink":"https:\/\/wp.me\/p7wjA8-hR","jetpack-related-posts":[],"_links":{"self":[{"href":"https:\/\/privacy.cyber-rights.org.tr\/index.php?rest_route=\/wp\/v2\/posts\/1107","targetHints":{"allow":["GET"]}}],"collection":[{"href":"https:\/\/privacy.cyber-rights.org.tr\/index.php?rest_route=\/wp\/v2\/posts"}],"about":[{"href":"https:\/\/privacy.cyber-rights.org.tr\/index.php?rest_route=\/wp\/v2\/types\/post"}],"author":[{"embeddable":true,"href":"https:\/\/privacy.cyber-rights.org.tr\/index.php?rest_route=\/wp\/v2\/users\/1"}],"replies":[{"embeddable":true,"href":"https:\/\/privacy.cyber-rights.org.tr\/index.php?rest_route=%2Fwp%2Fv2%2Fcomments&post=1107"}],"version-history":[{"count":1,"href":"https:\/\/privacy.cyber-rights.org.tr\/index.php?rest_route=\/wp\/v2\/posts\/1107\/revisions"}],"predecessor-version":[{"id":1108,"href":"https:\/\/privacy.cyber-rights.org.tr\/index.php?rest_route=\/wp\/v2\/posts\/1107\/revisions\/1108"}],"wp:attachment":[{"href":"https:\/\/privacy.cyber-rights.org.tr\/index.php?rest_route=%2Fwp%2Fv2%2Fmedia&parent=1107"}],"wp:term":[{"taxonomy":"category","embeddable":true,"href":"https:\/\/privacy.cyber-rights.org.tr\/index.php?rest_route=%2Fwp%2Fv2%2Fcategories&post=1107"},{"taxonomy":"post_tag","embeddable":true,"href":"https:\/\/privacy.cyber-rights.org.tr\/index.php?rest_route=%2Fwp%2Fv2%2Ftags&post=1107"}],"curies":[{"name":"wp","href":"https:\/\/api.w.org\/{rel}","templated":true}]}}