{"id":1111,"date":"2010-06-26T16:38:01","date_gmt":"2010-06-26T13:38:01","guid":{"rendered":"http:\/\/privacy.cyber-rights.org.tr\/?p=1111"},"modified":"2010-06-26T16:38:05","modified_gmt":"2010-06-26T13:38:05","slug":"umit-kivanc-hain-internet-ve-turk-saginin-kaymayan-ekseni-taraf-gazetesi","status":"publish","type":"post","link":"https:\/\/privacy.cyber-rights.org.tr\/?p=1111","title":{"rendered":"\u00dcmit K\u0131van\u00e7 &#8211; &#8220;Hain internet ve T\u00fcrk sa\u011f\u0131n\u0131n kaymayan ekseni &#8221; &#8211; Taraf Gazetesi"},"content":{"rendered":"<p><a href=\"http:\/\/www.taraf.com.tr\/umit-kivanc\/makale-hain-internet-ve-turk-saginin-kaymayan-ekseni.htm\">\u00dcmit K\u0131van\u00e7 &#8211; &#8220;Hain internet ve T\u00fcrk sa\u011f\u0131n\u0131n kaymayan ekseni &#8221; ba\u015fl\u0131kl\u0131 yaz\u0131s\u0131 &#8211; Taraf Gazetesi<\/a><\/p>\n<p>A\u00c7IN T\u00dcRK\u0130YE&#8217;N\u0130N \u00d6N\u00dcN\u00dc 26.06.2010<br \/>\n\u00dcmit K\u0131van\u00e7: Hain internet ve T\u00fcrk sa\u011f\u0131n\u0131n kaymayan ekseni<\/p>\n<p>Ula\u015ft\u0131rma Bakan\u0131 Binali Y\u0131ld\u0131r\u0131m\u2019a \u00f6zel bir g\u0131c\u0131\u011f\u0131m yok. Belki olmal\u0131ym\u0131\u015f, bilemiyorum. Olsayd\u0131 \u015fimdi ikinci sar\u0131y\u0131 g\u00f6recek ve sonraki ma\u00e7ta yeralamayacakt\u0131.<\/p>\n<p>YouTube yasa\u011f\u0131 ve Google ile papaz olma vaziyetlerine dair s\u00f6ylediklerine bakarak, bu bakan\u0131m\u0131z\u0131n, T\u00fcrkiye Cumhuriyeti devlet gelene\u011fini, mant\u0131\u011f\u0131n\u0131 ve \u2018devlet y\u00f6neticisi\u2019 psikolojisini ve daha ba\u015fka, de\u011fi\u015ftirilmesi teklif dahi edilemez k\u00fclt\u00fcr varl\u0131klar\u0131n\u0131 \u015fahs\u0131nda cisimle\u015ftirdi\u011fini g\u00f6r\u00fcyoruz. \u2018T\u00fcrk devlet adam\u0131 nedir, nas\u0131l \u00e7al\u0131\u015f\u0131r\u2019 bahsinde gen\u00e7 nesillere y\u00f6nelik bir e\u011fitim program\u0131n\u0131n Ula\u015ft\u0131rma Bakan\u0131 taraf\u0131ndan y\u00fcr\u00fct\u00fcl\u00fcyor olmas\u0131, ayn\u0131 zamanda, devletimizi y\u00f6neten k\u0131ymetli \u015fah\u0131slar\u0131n, g\u00f6rev alanlar\u0131na ve tan\u0131mlar\u0131na bakmaks\u0131z\u0131n her t\u00fcrl\u00fc hizmete nas\u0131l canla ba\u015fla ko\u015ftu\u011funu da kan\u0131tl\u0131yor. Mill\u00ee E\u011fitim yetkililerinin de, Ula\u015ft\u0131rma Bakan\u0131\u2019n\u0131n bu jestine, YouTube ve Google\u2019\u0131n T\u00fcrkiye \u00fczerindeki kirli emellerini anlatan, Sar\u0131 Gelin gibi belgeseller yapt\u0131r\u0131p okullara da\u011f\u0131tarak kar\u015f\u0131l\u0131k vermesini umuyoruz. YouTube\u2019un ad\u0131n\u0131 \u2018Yunus Emre T\u00fcrk\u00e7esi\u2019yle h\u0131zla artarda s\u00f6ylerseniz \u2018yutup\u2019 sesine ula\u015faca\u011f\u0131n\u0131za, buradaki a\u00e7\u0131k emperyalizm \u00e7a\u011fr\u0131\u015f\u0131m\u0131na dikkatinizi \u00e7ekerim. Ne demek yutup? B\u00f6lmek par\u00e7alamak bitti, s\u0131ra yutmaya m\u0131 geldi? Filan yani&#8230; Buradan ba\u015flanabilir mesel\u00e2 belgesele. Sar\u0131 Gelin\u2019den daha sahtek\u00e2rca olmaz en az\u0131ndan.<\/p>\n<p>Muhterem Bakan, \u2018Bu site T\u00fcrkiye Cumhuriyeti ile u\u011fra\u015f\u0131yor, yasaklad\u0131k, \u00fcst mahkemeye itiraz bile etmediler, her yerde yerel s\u00fcr\u00fcm yap\u0131yorlar, burada yapm\u0131yorlar, vergi \u00f6demiyorlar, telefonumuza \u00e7\u0131km\u0131yorlar&#8230;\u2019 falan, bir s\u00fcr\u00fc laf s\u00f6ylemi\u015f.<\/p>\n<p>Cevab\u0131n\u0131,  Radikal\u2019in g\u00f6r\u00fc\u015ft\u00fc\u011f\u00fc hukuk\u00e7ular vermi\u015f. Bilgi \u00dcniversitesi Bili\u015fim Hukuku \u00d6\u011fretim \u00dcyesi Do\u00e7. Dr. Yaman Akdeniz\u2019in dedikleri \u015funlar: \u2018Bakan Y\u0131ld\u0131r\u0131m\u2019\u0131n s\u00f6ylediklerine kat\u0131lm\u0131yorum. Google ya da YouTube\u2019un \u00f6zellikle bizimle u\u011fra\u015ft\u0131\u011f\u0131n\u0131 sanm\u0131yorum. YouTube hakk\u0131nda verilen mahkeme karar\u0131na iki hafta \u00f6nce itiraz ettik. Mahkeme itiraz\u0131m\u0131z\u0131 reddetti. Almanya, \u0130ngiltere ve Fransa\u2019da YouTube\u2019u test ettim. \u2018Lokal versiyonu mu, global versiyonu mu kullanmak istiyorsunuz\u2019 diye soruyor. YouTube bu \u00fclkelerde yapt\u0131\u011f\u0131 anla\u015fmalarda hukuki olarak sadece lokal versiyondan sorumlu. Global versiyona kar\u0131\u015fm\u0131yor. YouTube, bunu T\u00fcrkiye\u2019ye \u00f6nerdi. Ancak T\u00fcrkiye kabul etmedi. T\u00fcrkiye, ill\u00e2 global versiyondan da bu videolar\u0131n kald\u0131r\u0131lmas\u0131n\u0131 talep etti. Problem de buradan kaynaklan\u0131yor. T\u00fcrkiye, burada ofis a\u00e7malar\u0131n\u0131 istiyor. Ancak hi\u00e7bir uluslararas\u0131 organizasyona \u2018gelip burada ofis a\u00e7\u0131n\u2019 diyemezler. Obama, \u2018Ko\u00e7, Sabanc\u0131 gelip burada ofis a\u00e7acak\u2019 diyemez. Bu tart\u0131\u015fma bu tip a\u00e7\u0131klamalarla \u00e7\u00f6z\u00fclemez.\u2019<\/p>\n<p>Bili\u015fim hukuku alan\u0131nda \u00e7al\u0131\u015fan avukat Ba\u015fak Purut da \u015f\u00f6yle konu\u015fmu\u015f  Radikal\u2019e: \u2018Bakan Y\u0131ld\u0131r\u0131m a\u00e7\u0131klamalar\u0131yla kamuoyunu yanl\u0131\u015f bilgilendiriyor. Neden sadece Google\u2019a bunlar yap\u0131l\u0131yor? T\u00fcrkiye\u2019de yurtd\u0131\u015f\u0131ndan i\u015f yapan binlerce site var. Vergi m\u00fckellefi de\u011filler. \u2018Google\u2019\u0131 yasaklayay\u0131m, hizaya getirelim, di\u011ferlerine g\u00f6zda\u011f\u0131 olur\u2019 diye mi yap\u0131l\u0131yor, bilmiyorum.\u2019<\/p>\n<p>Bu yaz\u0131y\u0131  okuyor olsayd\u0131, bakan Y\u0131ld\u0131r\u0131m\u2019\u0131n soraca\u011f\u0131 ilk soru \u015fu olurdu herhalde: \u2018Neden bu hukuk\u00e7ulara inan\u0131yorsun da benim dedi\u011fime inanm\u0131yorsun?\u2019<\/p>\n<p>Ben de \u015fu soruyla cevap verirdim: \u2018Sizce neden acaba?\u2019<\/p>\n<p>Binali Y\u0131ld\u0131r\u0131m asl\u0131nda baklay\u0131 a\u011fz\u0131nda tutmam\u0131\u015f, hakk\u0131n\u0131 vermek l\u00e2z\u0131m. \u015e\u00f6yle demi\u015f: \u2018T\u0131pk\u0131 ila\u00e7 gibi, internetin de hem yarar\u0131 hem zarar\u0131 var. Biz temiz kullan\u0131lmas\u0131n\u0131 sa\u011flamaya \u00e7al\u0131\u015f\u0131yoruz.\u2019<\/p>\n<p>D\u00fcnyan\u0131n hi\u00e7bir yerinde hi\u00e7bir sans\u00fcrc\u00fc, \u00f6zel, ola\u011fand\u0131\u015f\u0131 durumlar haricinde ba\u015fka t\u00fcrl\u00fc konu\u015fmaz zaten. Fakat buradaki as\u0131l mesele sans\u00fcr de\u011fil. D\u00fcnya \u00e7ap\u0131nda ya\u015fanm\u0131\u015f bir de\u011fi\u015fimi ve yeni bir ileti\u015fim ve sosyal ili\u015fki tarz\u0131n\u0131 kavrama konusunda bizi y\u00f6netenlerin g\u00f6sterdi\u011fi ak\u0131l almaz beceriksizlik. Ne internetin ne oldu\u011fu ve d\u00fcnyaya ne gibi de\u011fi\u015fiklikler getirdi\u011fi (sadece olumlu yanlar\u0131n\u0131 kastetmiyorum) hakk\u0131nda herhangi bir fikirleri var ne de att\u0131klar\u0131 ad\u0131mlarla nereye varacaklar\u0131n\u0131 \u00f6ng\u00f6rebiliyorlar.<\/p>\n<p>YouTube \u015funu yapm\u0131\u015f, Google bunu yapm\u0131\u015f, hepsi hik\u00e2yedir, muhterem okurlar. T\u00fcrkiye Cumhuriyeti y\u00f6neticileri, internetle ilgili olarak sadece bir hususu fark etmi\u015fler, bu y\u00fczden tela\u015fa d\u00fc\u015fm\u00fc\u015flerdir: \u0130nternet onlara ele avuca s\u0131\u011fmaz g\u00f6r\u00fcn\u00fcyor. Bu onlar\u0131 m\u00fcthi\u015f tedirgin ediyor.<\/p>\n<p>Kar\u015f\u0131 \u00e7\u0131kt\u0131\u011f\u0131n bir fikre, i\u00e7eri\u011fini, mesaj\u0131n\u0131 be\u011fenmedi\u011fin bir sanat eserine ya da z\u0131rval\u0131\u011fa ayn\u0131 y\u00f6ntemlerle cevap verebilece\u011fin, b\u00fct\u00fcn bunlar\u0131n ayn\u0131 ortamda bulunabilece\u011fi, \u00fcstelik sana anlams\u0131z ya da zararl\u0131 g\u00f6r\u00fcnen ama ba\u015fkalar\u0131n\u0131n bay\u0131ld\u0131\u011f\u0131 \u015feylerin de orada yeralabilece\u011fi d\u00fc\u015f\u00fcncesi de, \u00f6te yandan, devlet y\u00f6neticilerimizin uykular\u0131n\u0131 ka\u00e7\u0131r\u0131yor, onlar\u0131 Japonya kar\u015f\u0131s\u0131ndaki Danimarka tak\u0131m\u0131na benzetiyor. T\u00fcrk\u00e7eden her t\u00fcrl\u00fc \u00e7o\u011ful tak\u0131s\u0131n\u0131 kald\u0131rsak hepsi rahat edecek.<\/p>\n<p>\u0130\u015fin bir de ba\u015fka boyutu var: \u015eimdiye kadar, Ula\u015ft\u0131rma Bakan\u0131 ya da herhangi bir devlet yetkilisinin, internette \u2018T\u00fcrk gen\u00e7leri\u2019nin K\u00fcrtlere, Ermenilere \u2018kar\u015f\u0131\u2019 y\u00fcr\u00fctt\u00fc\u011f\u00fc, i\u011fren\u00e7 hakaretlerle, tehditlerle dolu faaliyetten rahats\u0131zl\u0131k duydu\u011funa dair tek laf i\u015fittiniz mi? Hrant\u2019\u0131n \u00fcst\u00fcne gazete \u00f6rt\u00fclm\u00fc\u015f cesedinin foto\u011fraf\u0131n\u0131 amblem yapan \u2018T\u00fcrk \u0130ntikam Tugay\u0131\u2019 grubunun yasaklanmas\u0131 i\u00e7in devletin Facebook nezdinde giri\u015fimde bulunmas\u0131 ihtimali var m\u0131d\u0131r? Ya da \u2018En iyi K\u00fcrt \u00f6l\u00fc K\u00fcrt\u2019t\u00fcr\u2019 grubu Binali Y\u0131ld\u0131r\u0131m\u2019da bir rahats\u0131zl\u0131k yarat\u0131yor mu? Bunlar y\u00fcz\u00fcndenFacebook\u2019la papaz olur mu Binali Y\u0131ld\u0131r\u0131m? Yoksa jandarman\u0131n e\u011fitim filmleri \u2018T\u00fcrk gen\u00e7li\u011fi\u2019nce, tuhaf ama, \u00f6v\u00fcnmek amac\u0131yla \u2018Turkish Gladio\u2019 diye sunuldu\u011fu i\u00e7in mi YouTube\u2019a k\u0131zm\u0131\u015f bakan\u0131m\u0131z?<\/p>\n<p>\u2018\u0130nternet\u2019in Ula\u015ft\u0131rma Bakan\u0131\u2019n\u0131n a\u011fz\u0131nda ulusalc\u0131lar\u0131n \u2018Amerikan emperyalizmi\u2019ne benzer bir anlam kazanmas\u0131 yak\u0131n herhalde.<\/p>\n<p>A\u011fz\u0131m\u0131z\u0131  asker de\u011fil siviller kapats\u0131n, T\u00fcrk sa\u011f\u0131n\u0131n eksenine bi\u015fey olmas\u0131n.<\/p>\n","protected":false},"excerpt":{"rendered":"<p>\u00dcmit K\u0131van\u00e7 &#8211; &#8220;Hain internet ve T\u00fcrk sa\u011f\u0131n\u0131n kaymayan ekseni &#8221; ba\u015fl\u0131kl\u0131 yaz\u0131s\u0131 &#8211; Taraf Gazetesi A\u00c7IN T\u00dcRK\u0130YE&#8217;N\u0130N \u00d6N\u00dcN\u00dc 26.06.2010 \u00dcmit K\u0131van\u00e7: Hain internet ve T\u00fcrk sa\u011f\u0131n\u0131n kaymayan ekseni Ula\u015ft\u0131rma Bakan\u0131 Binali Y\u0131ld\u0131r\u0131m\u2019a \u00f6zel bir g\u0131c\u0131\u011f\u0131m yok. Belki olmal\u0131ym\u0131\u015f, bilemiyorum. Olsayd\u0131 \u015fimdi ikinci sar\u0131y\u0131 g\u00f6recek ve sonraki ma\u00e7ta yeralamayacakt\u0131. YouTube yasa\u011f\u0131 ve Google ile papaz olma vaziyetlerine dair s\u00f6ylediklerine bakarak,&#8230;<\/p>\n","protected":false},"author":1,"featured_media":0,"comment_status":"open","ping_status":"closed","sticky":false,"template":"","format":"standard","meta":{"jetpack_post_was_ever_published":false,"_jetpack_newsletter_access":"","_jetpack_dont_email_post_to_subs":false,"_jetpack_newsletter_tier_id":0,"_jetpack_memberships_contains_paywalled_content":false,"_jetpack_memberships_contains_paid_content":false,"footnotes":"","jetpack_publicize_message":"","jetpack_publicize_feature_enabled":true,"jetpack_social_post_already_shared":false,"jetpack_social_options":{"image_generator_settings":{"template":"highway","default_image_id":0,"font":"","enabled":false},"version":2}},"categories":[22,5,21,8,3,17,67,78,4],"tags":[],"class_list":["post-1111","post","type-post","status-publish","format-standard","hentry","category-5651-nolu-kanun","category-dusunce-ozgurlugu","category-erisim-engelleme","category-google","category-sansur","category-tib","category-turkiye","category-yaman-akdeniz","category-youtube"],"jetpack_publicize_connections":[],"jetpack_featured_media_url":"","jetpack_sharing_enabled":true,"jetpack_shortlink":"https:\/\/wp.me\/p7wjA8-hV","jetpack-related-posts":[],"_links":{"self":[{"href":"https:\/\/privacy.cyber-rights.org.tr\/index.php?rest_route=\/wp\/v2\/posts\/1111","targetHints":{"allow":["GET"]}}],"collection":[{"href":"https:\/\/privacy.cyber-rights.org.tr\/index.php?rest_route=\/wp\/v2\/posts"}],"about":[{"href":"https:\/\/privacy.cyber-rights.org.tr\/index.php?rest_route=\/wp\/v2\/types\/post"}],"author":[{"embeddable":true,"href":"https:\/\/privacy.cyber-rights.org.tr\/index.php?rest_route=\/wp\/v2\/users\/1"}],"replies":[{"embeddable":true,"href":"https:\/\/privacy.cyber-rights.org.tr\/index.php?rest_route=%2Fwp%2Fv2%2Fcomments&post=1111"}],"version-history":[{"count":1,"href":"https:\/\/privacy.cyber-rights.org.tr\/index.php?rest_route=\/wp\/v2\/posts\/1111\/revisions"}],"predecessor-version":[{"id":1112,"href":"https:\/\/privacy.cyber-rights.org.tr\/index.php?rest_route=\/wp\/v2\/posts\/1111\/revisions\/1112"}],"wp:attachment":[{"href":"https:\/\/privacy.cyber-rights.org.tr\/index.php?rest_route=%2Fwp%2Fv2%2Fmedia&parent=1111"}],"wp:term":[{"taxonomy":"category","embeddable":true,"href":"https:\/\/privacy.cyber-rights.org.tr\/index.php?rest_route=%2Fwp%2Fv2%2Fcategories&post=1111"},{"taxonomy":"post_tag","embeddable":true,"href":"https:\/\/privacy.cyber-rights.org.tr\/index.php?rest_route=%2Fwp%2Fv2%2Ftags&post=1111"}],"curies":[{"name":"wp","href":"https:\/\/api.w.org\/{rel}","templated":true}]}}