{"id":1117,"date":"2010-06-29T17:48:21","date_gmt":"2010-06-29T14:48:21","guid":{"rendered":"http:\/\/privacy.cyber-rights.org.tr\/?p=1117"},"modified":"2010-06-29T17:48:24","modified_gmt":"2010-06-29T14:48:24","slug":"cnnturk-com-bakan-yildirimdan-hep-ayni-nakarat","status":"publish","type":"post","link":"https:\/\/privacy.cyber-rights.org.tr\/?p=1117","title":{"rendered":"CNNTurk.com: Bakan Y\u0131ld\u0131r\u0131m&#8217;dan hep ayn\u0131 nakarat"},"content":{"rendered":"<p><a href=\"http:\/\/www.cnnturk.com\/2010\/bilim.teknoloji\/teknoloji\/06\/29\/bakan.yildirimdan.hep.ayni.nakarat\/581604.0\/index.html\">Bakan Y\u0131ld\u0131r\u0131m&#8217;dan hep ayn\u0131 nakarat CNNTurk.com<\/a><\/p>\n<p>29.06.2010<\/p>\n<p>Ula\u015ft\u0131rma Bakan\u0131 Binali Y\u0131ld\u0131r\u0131m, CHP eski genel ba\u015fkan\u0131 Deniz Baykal ile ilgili yay\u0131nlanan videoyu sadece Youtube&#8217;un kald\u0131rmad\u0131\u011f\u0131n\u0131 ifade ederek &#8216;Herkes bu \u00fclkenin hukukuna uymak mecburiyetinde. Kimsenin \u00f6zg\u00fcrl\u00fc\u011f\u00fcyle internetiyle al\u0131\u015fveri\u015fiyle i\u015fimiz yok. T\u00fcrkiye bir hukuk devletidir. Hukukun g\u00fcc\u00fc herkesi ba\u011flamal\u0131d\u0131r&#8217; dedi.<\/p>\n<p>Y\u0131ld\u0131r\u0131m, \u0130nterpromedya Ara\u015ft\u0131rma Hizmetleri&#8217;nin yapt\u0131\u011f\u0131 &#8216;Bili\u015fim 500&#8217; ara\u015ft\u0131rmas\u0131n\u0131n \u00f6d\u00fcl t\u00f6reninde yapt\u0131\u011f\u0131 konu\u015fmada, Youtube internet sitesine eri\u015fimin engellenmesine y\u00f6nelik ele\u015ftirilere yan\u0131t verdi.<\/p>\n<p>Fatma neyse YouTube da o&#8230;<\/p>\n<p>T\u00fcrkiye&#8217;de kolayc\u0131l\u0131\u011f\u0131n art\u0131k gelenek haline geldi\u011fini belirten Y\u0131ld\u0131r\u0131m, \u015f\u00f6yle konu\u015ftu:<\/p>\n<p>&#8216;Bu d\u00fcnya markas\u0131 falan filan&#8230; &#8216;Efendim, sen bu koskocaman firmaya nas\u0131l kafa tutars\u0131n&#8217;. Kim olursan\u0131z olun, evrensel hukuka inan\u0131yorsan\u0131z, \u00fclkelerin h\u00fck\u00fcmranl\u0131\u011f\u0131na sayg\u0131n\u0131z varsa o \u00fclkenin kurallar\u0131na uyacaks\u0131n\u0131z. &#8216;X&#8217; \u00fclkesinin vatanda\u015f\u0131n\u0131n, &#8216;Y&#8217; \u00fclkesinde ge\u00e7i\u015f \u00fcst\u00fcnl\u00fc\u011f\u00fc olmaz. Bu anlay\u0131\u015f demokrasiyle de \u00e7a\u011fda\u015fl\u0131kla da ba\u011fda\u015fmaz. Ne yaz\u0131k ki \u00fclkemizde bunu \u00e7a\u011fda\u015fl\u0131k ad\u0131na savunanlar var. Ac\u0131 olan budur. Herkes bu \u00fclkenin hukukuna uymak mecburiyetinde. Kim olursa olsun kimsenin ge\u00e7i\u015f \u00fcst\u00fcnl\u00fc\u011f\u00fc yok. Onun burada g\u00f6n\u00fcll\u00fc m\u00fcmessilleri olabilir, ate\u015fli savunucular\u0131 olabilir, bu bizi ilgilendirmez. Diyoruz ki &#8216;buyurun, burada i\u015f yap\u0131yorsan\u0131z, buran\u0131n hukuku neyse, Fatma, Ay\u015fe T\u00fcrkiye Cumhuriyeti&#8217;nde nas\u0131l muamele g\u00f6r\u00fcyorsa siz de ayn\u0131 muameleyi g\u00f6receksiniz&#8217;. Kimsenin \u00f6zg\u00fcrl\u00fc\u011f\u00fcyle internetiyle al\u0131\u015fveri\u015fiyle i\u015fimiz yok. T\u00fcrkiye bir hukuk devletidir. Hukukun g\u00fcc\u00fc herkesi ba\u011flamal\u0131d\u0131r.&#8217;<\/p>\n<p>Ula\u015ft\u0131rma Bakan\u0131 Y\u0131ld\u0131r\u0131m, h\u00fck\u00fcmetin son g\u00fcnlerde ald\u0131\u011f\u0131 bir kararla Avrupa Siber Su\u00e7lar S\u00f6zle\u015fmesi&#8217;ne \u00fcye olma s\u00fcrecini ba\u015flatt\u0131\u011f\u0131n\u0131 an\u0131msatarak, bu anla\u015fmaya taraf olan \u00fclkelerin herhangi bir olay kar\u015f\u0131s\u0131nda hukuki al\u0131\u015fveri\u015fi olsun olmas\u0131 di\u011ferine hemen haber verece\u011fini anlatt\u0131.<\/p>\n<p>K\u0131rm\u0131z\u0131 kitapta cemaatlerin yerine YouTube mu girdi?<\/p>\n<p>Bu konuyu Youtube tart\u0131\u015fmalar\u0131 ile \u00f6rneklendiren Y\u0131ld\u0131r\u0131m, &#8216;Diyelim ki bir su\u00e7 te\u015fkil eden, hakaret i\u00e7eren bir veri var. Youtube&#8217;u savunanlara soruyorum. 47 siteye Genel Ba\u015fkan ile ilgili video koyuldu, giri\u015fimleri yapt\u0131k, bunlar\u0131n hepsini \u00e7\u0131kard\u0131lar. Tek \u00e7\u0131karmayan Youtube&#8217;du. Hala \u00e7\u0131karmam\u0131\u015flar. Atat\u00fcrk i\u00e7in ayn\u0131 \u015feyi yapm\u0131\u015ft\u0131r. Buradaki sorunumuz, biz firmalarla falan u\u011fra\u015famay\u0131z. Buradaki sorun, T\u00fcrkiye&#8217;yi muhatap al\u0131p almama sorunudur. Ben bunu tenkit ediyorum. Bu \u00fclkeyi bu kadar hafife almak, k\u00fc\u00e7\u00fcmsemek kimsenin hakk\u0131 de\u011fil&#8217; diye konu\u015ftu.<\/p>\n<p>NED\u0130R BU KIRMIZI K\u0130TAP?<\/p>\n<p>&#8216;Bili\u015fimle mevzuat iyi arkada\u015f olamaz&#8217;<\/p>\n<p>Binali Y\u0131ld\u0131r\u0131m, bili\u015fimle mevzuat\u0131n \u00e7ok iyi arkada\u015f olamayaca\u011f\u0131n\u0131 dile getirerek, bili\u015fimin ezberleri bozan, tutuculu\u011fu ortadan kald\u0131ran ve zihniyet d\u00f6n\u00fc\u015f\u00fcm\u00fc yaratan bir alan oldu\u011funu, mevzuat\u0131n ise her \u015feyi kontrol etmeye \u00e7al\u0131\u015ft\u0131\u011f\u0131n\u0131 ifade etti.<\/p>\n<p>&#8216;(Ben ak\u0131l i\u00e7in para vermem) anlay\u0131\u015f\u0131 sona ermedi\u011fi i\u00e7in biz burada yava\u015f b\u00fcy\u00fcyoruz&#8217; diyen Y\u0131ld\u0131r\u0131m, bili\u015fimin ilerlemesi gerekti\u011fini kaydetti.<\/p>\n<p>T\u00fcrkiye&#8217;nin ka\u011f\u0131t devletten elektronik devlete d\u00f6n\u00fc\u015ft\u00fc\u011f\u00fcn\u00fc anlatan Y\u0131ld\u0131r\u0131m, milyonlarca ka\u011f\u0131t belgenin sanal ar\u015fiv kentlere d\u00f6n\u00fc\u015fece\u011fini, sadece bir kurumun 100 milyondan fazla dok\u00fcman\u0131 oldu\u011funu ve bunlar dikkate al\u0131nd\u0131\u011f\u0131nda &#8216;i\u015fsizlik&#8217; diye bir \u015feyin kalmayaca\u011f\u0131n\u0131 s\u00f6yledi.<\/p>\n<p>Y\u0131ld\u0131r\u0131m, bazen b\u00fcrokrasi ve mevzuat\u0131n i\u015fleri yava\u015flatt\u0131\u011f\u0131n\u0131 ifade ederek, &#8216;Bakanl\u0131\u011f\u0131m\u0131n \u00e7a\u011fr\u0131 merkezi i\u00e7in d\u0131\u015far\u0131dan hizmet al\u0131m\u0131 i\u00e7in 1,5 sene m\u00fccadele ettim. G\u00fcya bende bakan\u0131m yani&#8230; O Bakanl\u0131\u011f\u0131n patronuyum ama mevzuat diye gizli bir g\u00fc\u00e7 var. Ne olursan\u0131z olun, her yerde kar\u015f\u0131n\u0131za \u00e7\u0131k\u0131yor. Mevzuatla tu\u015f birbirini sevmiyor&#8217; \u015feklinde konu\u015ftu.<\/p>\n<p>T\u00fcrkiye&#8217;de 17 milyon numara ta\u015f\u0131nmas\u0131 i\u015flemi yap\u0131ld\u0131\u011f\u0131n\u0131 hat\u0131rlatan Y\u0131ld\u0131r\u0131m, &#8216;Bu numara ta\u015f\u0131nmas\u0131n\u0131n bir k\u0131sm\u0131 da numara ama bu da bir kolayl\u0131k&#8217; dedi.<\/p>\n<p>Y\u0131ld\u0131r\u0131m, IP6 teknolojisinin \u00e7al\u0131\u015fmalar\u0131n\u0131 da s\u00fcrd\u00fcrd\u00fcklerini ifade ederek, 11 haneli telefon numaralar\u0131n\u0131n 16-17 haneye \u00e7\u0131kaca\u011f\u0131n\u0131 ve bununla ilgili \u00e7al\u0131\u015fmalar\u0131n da devam etti\u011fini s\u00f6yledi.<\/p>\n<p>Ula\u015ft\u0131rma Bakan\u0131 Y\u0131ld\u0131r\u0131m, \u00f6d\u00fcl gecesine kat\u0131lan T\u00fcrkiye Bankalar Birli\u011fi Ba\u015fkan\u0131 Ersin \u00d6zince&#8217;den bili\u015fim konusunda destek isterken Sermaye Piyasas\u0131 Kurumu Ba\u015fkan\u0131 Vedat Akgiray&#8217;a &#8216;Sermaye Piyasas\u0131 olarak vatanda\u015f\u0131n paras\u0131n\u0131 topluyorsunuz. Biraz da onlara hayr\u0131n\u0131z olsun&#8217; diye seslendi.<\/p>\n<p>Konu\u015fmalar\u0131n ard\u0131ndan \u0130nterpro Holding Y\u00fcr\u00fctme Kurulu Ba\u015fkan\u0131 Ru\u015fen Yayg\u0131n, Bakan Y\u0131ld\u0131r\u0131m&#8217;a bili\u015fim sekt\u00f6r\u00fcne katk\u0131lar\u0131ndan dolay\u0131 plaket sundu.Y\u0131ld\u0131r\u0131m bunun \u00fczerine &#8216;Bu plakete lay\u0131k olup olmad\u0131\u011f\u0131m\u0131 aziz milletim bilir. Ben amele bir bakan\u0131m&#8230;&#8217; dedi.<\/p>\n","protected":false},"excerpt":{"rendered":"<p>Bakan Y\u0131ld\u0131r\u0131m&#8217;dan hep ayn\u0131 nakarat CNNTurk.com 29.06.2010 Ula\u015ft\u0131rma Bakan\u0131 Binali Y\u0131ld\u0131r\u0131m, CHP eski genel ba\u015fkan\u0131 Deniz Baykal ile ilgili yay\u0131nlanan videoyu sadece Youtube&#8217;un kald\u0131rmad\u0131\u011f\u0131n\u0131 ifade ederek &#8216;Herkes bu \u00fclkenin hukukuna uymak mecburiyetinde. Kimsenin \u00f6zg\u00fcrl\u00fc\u011f\u00fcyle internetiyle al\u0131\u015fveri\u015fiyle i\u015fimiz yok. T\u00fcrkiye bir hukuk devletidir. Hukukun g\u00fcc\u00fc herkesi ba\u011flamal\u0131d\u0131r&#8217; dedi. Y\u0131ld\u0131r\u0131m, \u0130nterpromedya Ara\u015ft\u0131rma Hizmetleri&#8217;nin yapt\u0131\u011f\u0131 &#8216;Bili\u015fim 500&#8217; ara\u015ft\u0131rmas\u0131n\u0131n \u00f6d\u00fcl t\u00f6reninde yapt\u0131\u011f\u0131 konu\u015fmada, Youtube&#8230;<\/p>\n","protected":false},"author":1,"featured_media":0,"comment_status":"open","ping_status":"closed","sticky":false,"template":"","format":"standard","meta":{"jetpack_post_was_ever_published":false,"_jetpack_newsletter_access":"","_jetpack_dont_email_post_to_subs":false,"_jetpack_newsletter_tier_id":0,"_jetpack_memberships_contains_paywalled_content":false,"_jetpack_memberships_contains_paid_content":false,"footnotes":"","jetpack_publicize_message":"","jetpack_publicize_feature_enabled":true,"jetpack_social_post_already_shared":false,"jetpack_social_options":{"image_generator_settings":{"template":"highway","default_image_id":0,"font":"","enabled":false},"version":2}},"categories":[22,147,118,5,21,8,3,17,67,4],"tags":[],"class_list":["post-1117","post","type-post","status-publish","format-standard","hentry","category-5651-nolu-kanun","category-bakan-yildirim","category-btk","category-dusunce-ozgurlugu","category-erisim-engelleme","category-google","category-sansur","category-tib","category-turkiye","category-youtube"],"jetpack_publicize_connections":[],"jetpack_featured_media_url":"","jetpack_sharing_enabled":true,"jetpack_shortlink":"https:\/\/wp.me\/p7wjA8-i1","jetpack-related-posts":[],"_links":{"self":[{"href":"https:\/\/privacy.cyber-rights.org.tr\/index.php?rest_route=\/wp\/v2\/posts\/1117","targetHints":{"allow":["GET"]}}],"collection":[{"href":"https:\/\/privacy.cyber-rights.org.tr\/index.php?rest_route=\/wp\/v2\/posts"}],"about":[{"href":"https:\/\/privacy.cyber-rights.org.tr\/index.php?rest_route=\/wp\/v2\/types\/post"}],"author":[{"embeddable":true,"href":"https:\/\/privacy.cyber-rights.org.tr\/index.php?rest_route=\/wp\/v2\/users\/1"}],"replies":[{"embeddable":true,"href":"https:\/\/privacy.cyber-rights.org.tr\/index.php?rest_route=%2Fwp%2Fv2%2Fcomments&post=1117"}],"version-history":[{"count":1,"href":"https:\/\/privacy.cyber-rights.org.tr\/index.php?rest_route=\/wp\/v2\/posts\/1117\/revisions"}],"predecessor-version":[{"id":1118,"href":"https:\/\/privacy.cyber-rights.org.tr\/index.php?rest_route=\/wp\/v2\/posts\/1117\/revisions\/1118"}],"wp:attachment":[{"href":"https:\/\/privacy.cyber-rights.org.tr\/index.php?rest_route=%2Fwp%2Fv2%2Fmedia&parent=1117"}],"wp:term":[{"taxonomy":"category","embeddable":true,"href":"https:\/\/privacy.cyber-rights.org.tr\/index.php?rest_route=%2Fwp%2Fv2%2Fcategories&post=1117"},{"taxonomy":"post_tag","embeddable":true,"href":"https:\/\/privacy.cyber-rights.org.tr\/index.php?rest_route=%2Fwp%2Fv2%2Ftags&post=1117"}],"curies":[{"name":"wp","href":"https:\/\/api.w.org\/{rel}","templated":true}]}}