{"id":1119,"date":"2010-06-29T17:51:20","date_gmt":"2010-06-29T14:51:20","guid":{"rendered":"http:\/\/privacy.cyber-rights.org.tr\/?p=1119"},"modified":"2010-06-29T17:51:22","modified_gmt":"2010-06-29T14:51:22","slug":"cnnturk-com-btk-da-bunu-anlamakta-zorlaniyor","status":"publish","type":"post","link":"https:\/\/privacy.cyber-rights.org.tr\/?p=1119","title":{"rendered":"CNNTurk.com: BTK da bunu anlamakta zorlan\u0131yor"},"content":{"rendered":"<p><a href=\"http:\/\/www.cnnturk.com\/2010\/bilim.teknoloji\/teknoloji\/06\/29\/btk.da.bunu.anlamak.da.zorlaniyor\/581601.0\/\">BTK da bunu anlamakta zorlan\u0131yor CNNTurk.com<\/a><\/p>\n<p>29.06.2010 <\/p>\n<p>Bilgi Teknolojileri ve \u0130leti\u015fim Kurumu (BTK) Ba\u015fkan\u0131 Tayfun Acarer, son d\u00f6nemde internet sitelerinin yasaklanmas\u0131yla ilgili tart\u0131\u015fmalar\u0131 de\u011ferlendirirken, &#8216;Atat\u00fcrk ile ilgili hassasiyeti nedense ya biz anlatmakta zorlan\u0131yoruz ya da d\u0131\u015far\u0131daki arkada\u015flar\u0131m\u0131z anlamakta zorlan\u0131yorlar&#8217; dedi. Biz de kendisine &#8216;\u0130yi de say\u0131n Acarer, Atat\u00fcrk&#8217;le ilgili videolar\u0131 bizim d\u0131\u015f\u0131m\u0131zda b\u00fct\u00fcn d\u00fcnya izliyor. Ama baz\u0131 kurumlar bunu anlamakta zorlan\u0131yor&#8217; diye cevap veriyoruz.<\/p>\n<p>Bili\u015fim sekt\u00f6r\u00fc mensuplar\u0131n\u0131n \u00e7ok realist, pop\u00fclist ve uygulanmas\u0131 olanaks\u0131z yakla\u015f\u0131mlardan ka\u00e7malar\u0131 gerekti\u011fini ifade eden Acarer, \u015f\u00f6yle konu\u015ftu:<\/p>\n<p>&#8216;\u00dclke ger\u00e7eklerine ve milli mevzuata uymayan yakla\u015f\u0131m ve ifadelerin kamuoyunda geli\u015fig\u00fczel sarf edilmesini ben esefle k\u0131n\u0131yorum. \u00c7\u00fcnk\u00fc kullan\u0131mdaki ifadeler toplumdaki geni\u015f kitlelerin yanl\u0131\u015f alg\u0131lamalar\u0131na yol a\u00e7abiliyor. \u00d6zellikle son g\u00fcnlerde Youtube ve Google ile ilgili yap\u0131lan tart\u0131\u015fmalar bunun en g\u00fczel \u00f6rne\u011fi&#8230; \u0130leride kar\u015f\u0131la\u015faca\u011f\u0131m\u0131z karma\u015f\u0131k olaylar\u0131n \u00e7\u00f6z\u00fcm\u00fcne de maruz kald\u0131\u011f\u0131m\u0131z bu olay \u0131\u015f\u0131k tutacak.<\/p>\n<p>\u0130nternette \u00f6zg\u00fcrl\u00fck, bu \u00f6zg\u00fcrl\u00fck laf\u0131n\u0131n s\u0131n\u0131rlar\u0131n\u0131 mutlaka \u00e7izmemiz laz\u0131m. Ki\u015fisel hakaret sitelerinden, \u00f6zellikle se\u00e7im d\u00f6nemlerinde buna \u00e7ok rastl\u0131yoruz, o kadar \u00e7ok insan maddi, manevi ma\u011fdur oluyor, sosyal ya\u015fant\u0131lar\u0131 o kadar alt \u00fcst oluyor ki, bu konuda can\u0131 yanan insanlar bizlere &#8216;Neden m\u00fcdahale etmiyorsunuz?&#8217; diye ele\u015ftiride bulunuyor.<\/p>\n<p>Se\u00e7ime giren bir yerel ba\u015fkan aday\u0131 ile ilgili bir site a\u00e7\u0131l\u0131yor. Adam o siteyi kald\u0131rana kadar zaten se\u00e7imi kaybediyor. Bu nedenle d\u00fczenlemelerin, hem evrensel de\u011ferlere hem de \u00fclkelerin i\u00e7 mevzuat\u0131na uygun yap\u0131lmas\u0131 laz\u0131m. Atat\u00fcrk ile ilgili hassasiyeti nedense ya biz anlatmakta zorlan\u0131yoruz ya da d\u0131\u015far\u0131daki arkada\u015flar\u0131m\u0131z anlamakta zorlan\u0131yor. Halbuki, ayn\u0131 kurulu\u015flar Almanya&#8217;n\u0131n Nazilerle ilgili ABD&#8217;nin El-Kaide ile ilgili hassasiyetlerini hi\u00e7 itiraz etmeden kabul ediyor.&#8217;<\/p>\n<p>T\u00fcrkiye&#8217;nin de\u011ferlerine ve hassasiyetlerine sayg\u0131 duyulmas\u0131 gerekti\u011fini ifade eden Acarer, bir\u00e7ok \u00fclkede ne yap\u0131l\u0131yorsa T\u00fcrkiye&#8217;de de ayn\u0131s\u0131n\u0131n yap\u0131lmas\u0131 gerekti\u011fini belirtti.<\/p>\n","protected":false},"excerpt":{"rendered":"<p>BTK da bunu anlamakta zorlan\u0131yor CNNTurk.com 29.06.2010 Bilgi Teknolojileri ve \u0130leti\u015fim Kurumu (BTK) Ba\u015fkan\u0131 Tayfun Acarer, son d\u00f6nemde internet sitelerinin yasaklanmas\u0131yla ilgili tart\u0131\u015fmalar\u0131 de\u011ferlendirirken, &#8216;Atat\u00fcrk ile ilgili hassasiyeti nedense ya biz anlatmakta zorlan\u0131yoruz ya da d\u0131\u015far\u0131daki arkada\u015flar\u0131m\u0131z anlamakta zorlan\u0131yorlar&#8217; dedi. Biz de kendisine &#8216;\u0130yi de say\u0131n Acarer, Atat\u00fcrk&#8217;le ilgili videolar\u0131 bizim d\u0131\u015f\u0131m\u0131zda b\u00fct\u00fcn d\u00fcnya izliyor. Ama baz\u0131 kurumlar bunu anlamakta&#8230;<\/p>\n","protected":false},"author":1,"featured_media":0,"comment_status":"open","ping_status":"closed","sticky":false,"template":"","format":"standard","meta":{"jetpack_post_was_ever_published":false,"_jetpack_newsletter_access":"","_jetpack_dont_email_post_to_subs":false,"_jetpack_newsletter_tier_id":0,"_jetpack_memberships_contains_paywalled_content":false,"_jetpack_memberships_contains_paid_content":false,"footnotes":"","jetpack_publicize_message":"","jetpack_publicize_feature_enabled":true,"jetpack_social_post_already_shared":false,"jetpack_social_options":{"image_generator_settings":{"template":"highway","default_image_id":0,"font":"","enabled":false},"version":2}},"categories":[22,147,118,5,21,8,3,17,67,4],"tags":[],"class_list":["post-1119","post","type-post","status-publish","format-standard","hentry","category-5651-nolu-kanun","category-bakan-yildirim","category-btk","category-dusunce-ozgurlugu","category-erisim-engelleme","category-google","category-sansur","category-tib","category-turkiye","category-youtube"],"jetpack_publicize_connections":[],"jetpack_featured_media_url":"","jetpack_sharing_enabled":true,"jetpack_shortlink":"https:\/\/wp.me\/p7wjA8-i3","jetpack-related-posts":[],"_links":{"self":[{"href":"https:\/\/privacy.cyber-rights.org.tr\/index.php?rest_route=\/wp\/v2\/posts\/1119","targetHints":{"allow":["GET"]}}],"collection":[{"href":"https:\/\/privacy.cyber-rights.org.tr\/index.php?rest_route=\/wp\/v2\/posts"}],"about":[{"href":"https:\/\/privacy.cyber-rights.org.tr\/index.php?rest_route=\/wp\/v2\/types\/post"}],"author":[{"embeddable":true,"href":"https:\/\/privacy.cyber-rights.org.tr\/index.php?rest_route=\/wp\/v2\/users\/1"}],"replies":[{"embeddable":true,"href":"https:\/\/privacy.cyber-rights.org.tr\/index.php?rest_route=%2Fwp%2Fv2%2Fcomments&post=1119"}],"version-history":[{"count":1,"href":"https:\/\/privacy.cyber-rights.org.tr\/index.php?rest_route=\/wp\/v2\/posts\/1119\/revisions"}],"predecessor-version":[{"id":1120,"href":"https:\/\/privacy.cyber-rights.org.tr\/index.php?rest_route=\/wp\/v2\/posts\/1119\/revisions\/1120"}],"wp:attachment":[{"href":"https:\/\/privacy.cyber-rights.org.tr\/index.php?rest_route=%2Fwp%2Fv2%2Fmedia&parent=1119"}],"wp:term":[{"taxonomy":"category","embeddable":true,"href":"https:\/\/privacy.cyber-rights.org.tr\/index.php?rest_route=%2Fwp%2Fv2%2Fcategories&post=1119"},{"taxonomy":"post_tag","embeddable":true,"href":"https:\/\/privacy.cyber-rights.org.tr\/index.php?rest_route=%2Fwp%2Fv2%2Ftags&post=1119"}],"curies":[{"name":"wp","href":"https:\/\/api.w.org\/{rel}","templated":true}]}}