{"id":1129,"date":"2010-07-01T18:56:15","date_gmt":"2010-07-01T15:56:15","guid":{"rendered":"http:\/\/privacy.cyber-rights.org.tr\/?p=1129"},"modified":"2010-07-01T18:56:17","modified_gmt":"2010-07-01T15:56:17","slug":"sansur-karsiti-cephe-buyuyor-anf","status":"publish","type":"post","link":"https:\/\/privacy.cyber-rights.org.tr\/?p=1129","title":{"rendered":"Sans\u00fcr kar\u015f\u0131t\u0131 cephe b\u00fcy\u00fcyor | ANF"},"content":{"rendered":"<p><a href=\"http:\/\/www.firatnews.com\/index.php?rupel=nuce&#038;nuceID=28937\">Sans\u00fcr kar\u015f\u0131t\u0131 cephe b\u00fcy\u00fcyor | ANF<\/a>: &#8220;Sans\u00fcr kar\u015f\u0131t\u0131 cephe b\u00fcy\u00fcyor<br \/>\nDEL\u0130L FIRAT-ANF<br \/>\n12:10 \/ 01 Temmuz 2010<\/p>\n<p>HABER MERKEZ\u0130 &#8211; T\u00fcrk h\u00fck\u00fcmeti ve bask\u0131c\u0131 politikalar\u0131na kar\u015f\u0131 internet \u00fczerinde ifade \u00f6zg\u00fcrl\u00fc\u011f\u00fcn\u00fc savunan \u00e7ok say\u0131da organizasyon harekete ge\u00e7ti. 37 organizasyon yay\u0131nlad\u0131klar\u0131 ortak bir deklarasyonla \u0130nternette Sans\u00fcre Kar\u015f\u0131 Ortak Platform\u2019un kurulu\u015funu ilan etti. S\u0131n\u0131r Tan\u0131mayan Gazeteciler \u00d6rg\u00fct\u00fc (RSF) de bu giri\u015fime destek verdi.<\/p>\n<p>AKP h\u00fck\u00fcmetinin medya ve internete y\u00f6nelik artan bask\u0131 ve sans\u00fcr\u00fcne kar\u015f\u0131 tepkiler giderek b\u00fcy\u00fcyor. T\u00fcrkiye\u2019de ve uluslar aras\u0131 alanda bir\u00e7ok organizasyon, sans\u00fcr kar\u015f\u0131t\u0131 giri\u015fimlere kat\u0131ld\u0131. YouTube video payla\u015f\u0131m sitesini etkileyen k\u0131s\u0131tlamalar\u0131 \u2018illegal\u2019 olarak de\u011ferlendiren \u0130nternet Teknolojileri Derne\u011fi (INETD), 28 Haziran g\u00fcn\u00fc T\u00fcrk Devleti\u2019ne kar\u015f\u0131 Ankara\u2019da dava a\u00e7t\u0131.<\/p>\n<p>Ayn\u0131 dernek 8 Haziran g\u00fcn\u00fc de Google \u015firketi taraf\u0131ndan sunulan 30\u2019u a\u015fk\u0131n servisin etkilendi\u011fi k\u0131s\u0131tlamalara kar\u015f\u0131 benzer giri\u015fimde bulunmu\u015ftu. 4 Haziran\u2019dan beri bu servislere zorlukla ya da hi\u00e7 girilemiyor. INEDT, 2008\u2019de Youtube payla\u015f\u0131m sitesinin bloke edilmesine kar\u015f\u0131 T\u00fcrkiye\u2019yi 2009 y\u0131l\u0131nda Avrupa \u0130nsan Haklar\u0131 Komisyonu\u2019na da \u015fikayet etmi\u015fti.<\/p>\n<p>ANT\u0130-SANS\u00dcR PLATFORMU KURULDU<\/p>\n<p>23 Haziran g\u00fcn\u00fc de 37 organizasyon yay\u0131nlad\u0131klar\u0131 ortak bir deklarasyonla \u00f6zg\u00fcrl\u00fck kar\u015f\u0131t\u0131 politikalar\u0131 protesto ederek, \u0130nternette Sans\u00fcre Kar\u015f\u0131 Ortak Platform\u2019un kurulu\u015funu ilan etti. Deklarasyonda imzas\u0131 olanlar aras\u0131nda, INEDT, Bianet, Sans\u00fcreSans\u00fcr, T\u00fcrkiye \u0130nsan Haklar\u0131 Vakf\u0131, Korsan Partisi Olu\u015fumu, Ye\u015filler Partisi Korsan Cephesi, Antikapitalist \u00d6\u011frenciler ve Gen\u00e7 Siviller de yer al\u0131yor. Deklarasyonda temel hak ve \u00f6zg\u00fcrl\u00fcklerin engellenemeyece\u011fi 10 madde halinde s\u0131ralan\u0131rken, internet su\u00e7lar\u0131na ili\u015fkin 5651 Say\u0131l\u0131 Kanunun kald\u0131r\u0131lmas\u0131n\u0131 talep ediyor.<\/p>\n<p>SORUMLULAR \u0130ST\u0130FA ETMEL\u0130<\/p>\n<p>\u2018Vatanda\u015flar\u0131n Anayasa\u2019da g\u00fcvence alt\u0131na al\u0131nan temel hak ve \u00f6zg\u00fcrl\u00fcklerini korumak h\u00fck\u00fcmetin ve idarenin asli g\u00f6revidir\u2019 denilen deklarasyonda, bu g\u00fcvencenin sa\u011flanmamas\u0131 halinde sorumlular\u0131n istifa etmesinin demokratik bir toplumun zorunlu sonucu oldu\u011fu kaydediliyor. Deklarasyonda \u2018Bu nedenle, yukar\u0131da say\u0131lan \u00f6nlemleri en k\u0131sa s\u00fcrede almamalar\u0131 halinde geli\u015fmelerden sorumlu Telekom\u00fcnikasyon \u0130leti\u015fim Ba\u015fkanl\u0131\u011f\u0131 \u0130nternet Daire Ba\u015fkanl\u0131\u011f\u0131 Ba\u015fkan\u0131 Say\u0131n Osman Nihat \u015een, Bilgi Teknolojileri ve \u0130leti\u015fim Kurumu Ba\u015fkan\u0131 Say\u0131n Tayfun Acarer ve Ula\u015ft\u0131rma Bakan\u0131 Say\u0131n Binali Y\u0131ld\u0131r\u0131m\u2019\u0131n istifa etmesi acil bir zorunluluk haline gelecektir\u2019 diye belirtiliyor.<\/p>\n<p>RSF: T\u00dcRK\u0130YE WEB SANS\u00dcR\u00dcNDE KEND\u0130S\u0130NDEN EN FAZLA BAHSETT\u0130REN \u00dcLKE<\/p>\n<p>H\u00fck\u00fcmetin internet \u00fczeri ifade \u00f6zg\u00fcrl\u00fc\u011f\u00fcne kar\u015f\u0131 bask\u0131 ve k\u0131s\u0131tlamalar\u0131na kar\u015f\u0131 tepkilere bir destek de merkezi Paris\u2019te bulunan S\u0131n\u0131r Tan\u0131mayan Gazeteciler \u00d6rg\u00fct\u00fc (RSF)\u2019den geldi. RSF bu giri\u015fimleri desteklediklerini belirterek, \u2018Bloke edilen siteler art\u0131yor ve internet \u00fczeri gazetecilerin duru\u015fmalar\u0131 birbiri ard\u0131na geliyor. T\u00fcrkiye hi\u00e7 ku\u015fkusuz mevcut durumda Web sans\u00fcr\u00fc alan\u0131nda kendisinden en fazla bahsettiren \u00fclkedir. \u00d6zellikle de binlerce sitenin kapat\u0131lmas\u0131 ve \u00fclkenin imaj\u0131n\u0131n bozulmas\u0131 i\u00e7in kullan\u0131lan 5651 say\u0131l\u0131 yasa nedeniyle\u2019 dedi.<\/p>\n<p>AG\u0130T: 2 YILDA 5 B\u0130NDEN FAZLA S\u0130TE BLOKE ED\u0130LD\u0130<\/p>\n<p>Avrupa G\u00fcvenlik ve \u0130\u015fbirli\u011fi Te\u015fkilat\u0131 (AG\u0130T) de ge\u00e7ti\u011fimiz g\u00fcnlerde yay\u0131nlad\u0131\u011f\u0131 bir raporda, T\u00fcrkiye\u2019yi YouTube ve Google\u2019a getirdi\u011fi eri\u015fim engelinden dolay\u0131 ele\u015ftirerek, T\u00fcrkiye\u2019den internet yasas\u0131n\u0131 uluslararas\u0131 \u00f6zg\u00fcr ifade standartlar\u0131na uygun hale getirmeye \u00e7a\u011f\u0131rd\u0131. AG\u0130T, T\u00fcrkiye\u2019de son iki y\u0131lda 5 binden fazla web sitesinin bloke edildi\u011fini belirtti.<\/p>\n<p>AG\u0130T Medya \u00d6zg\u00fcrl\u00fc\u011f\u00fc Temsilcisi Dunja Mijatovic, T\u00fcrk D\u0131\u015fi\u015fleri Bakan\u0131 Ahmet Davuto\u011flu\u2019na bir mektup g\u00f6ndererek, T\u00fcrkiye\u2019nin internet \u00fczerinde artan eri\u015fim engellerine y\u00f6nelik kayg\u0131lar\u0131n\u0131 aktard\u0131. Mijatovic, Haziran\u2019da g\u00f6nderdi\u011fi mektubunda \u2018T\u00fcrk yetkililerine, vatanda\u015flar\u0131n\u0131n g\u00fcn\u00fcm\u00fczdeki k\u00fcresel bilgi toplumunun bir par\u00e7as\u0131 olmas\u0131n\u0131 engelleyen engelleme h\u00fck\u00fcmlerini geri \u00e7ekmeye \u00e7a\u011f\u0131r\u0131yorum. Bununla beraber \u00e7ok ihtiya\u00e7 duyulan 5651 say\u0131l\u0131 kanunda reform yapmaya \u00e7a\u011f\u0131r\u0131yorum\u2019 dedi. AG\u0130T Medya \u00d6zg\u00fcrl\u00fc\u011f\u00fc verilerine g\u00f6re T\u00fcrkiye\u2019de eri\u015fimi en \u00e7ok engellenen web sitelerinin ba\u015f\u0131nda K\u00fcrt haber siteleri ile sol kesimlere ait siteler geliyor.<\/p>\n<p>ANF NEWS AGENCY&#8221;<\/p>\n<p>(Via <a href=\"\"><\/a>.)<\/p>\n","protected":false},"excerpt":{"rendered":"<p>Sans\u00fcr kar\u015f\u0131t\u0131 cephe b\u00fcy\u00fcyor | ANF: &#8220;Sans\u00fcr kar\u015f\u0131t\u0131 cephe b\u00fcy\u00fcyor DEL\u0130L FIRAT-ANF 12:10 \/ 01 Temmuz 2010 HABER MERKEZ\u0130 &#8211; T\u00fcrk h\u00fck\u00fcmeti ve bask\u0131c\u0131 politikalar\u0131na kar\u015f\u0131 internet \u00fczerinde ifade \u00f6zg\u00fcrl\u00fc\u011f\u00fcn\u00fc savunan \u00e7ok say\u0131da organizasyon harekete ge\u00e7ti. 37 organizasyon yay\u0131nlad\u0131klar\u0131 ortak bir deklarasyonla \u0130nternette Sans\u00fcre Kar\u015f\u0131 Ortak Platform\u2019un kurulu\u015funu ilan etti. S\u0131n\u0131r Tan\u0131mayan Gazeteciler \u00d6rg\u00fct\u00fc (RSF) de bu giri\u015fime destek verdi&#8230;.<\/p>\n","protected":false},"author":1,"featured_media":0,"comment_status":"open","ping_status":"closed","sticky":false,"template":"","format":"standard","meta":{"jetpack_post_was_ever_published":false,"_jetpack_newsletter_access":"","_jetpack_dont_email_post_to_subs":false,"_jetpack_newsletter_tier_id":0,"_jetpack_memberships_contains_paywalled_content":false,"_jetpack_memberships_contains_paid_content":false,"footnotes":"","jetpack_publicize_message":"","jetpack_publicize_feature_enabled":true,"jetpack_social_post_already_shared":false,"jetpack_social_options":{"image_generator_settings":{"template":"highway","default_image_id":0,"font":"","enabled":false},"version":2}},"categories":[22,5,21,8,135,3,67,4],"tags":[],"class_list":["post-1129","post","type-post","status-publish","format-standard","hentry","category-5651-nolu-kanun","category-dusunce-ozgurlugu","category-erisim-engelleme","category-google","category-rsf","category-sansur","category-turkiye","category-youtube"],"jetpack_publicize_connections":[],"jetpack_featured_media_url":"","jetpack_sharing_enabled":true,"jetpack_shortlink":"https:\/\/wp.me\/p7wjA8-id","jetpack-related-posts":[],"_links":{"self":[{"href":"https:\/\/privacy.cyber-rights.org.tr\/index.php?rest_route=\/wp\/v2\/posts\/1129","targetHints":{"allow":["GET"]}}],"collection":[{"href":"https:\/\/privacy.cyber-rights.org.tr\/index.php?rest_route=\/wp\/v2\/posts"}],"about":[{"href":"https:\/\/privacy.cyber-rights.org.tr\/index.php?rest_route=\/wp\/v2\/types\/post"}],"author":[{"embeddable":true,"href":"https:\/\/privacy.cyber-rights.org.tr\/index.php?rest_route=\/wp\/v2\/users\/1"}],"replies":[{"embeddable":true,"href":"https:\/\/privacy.cyber-rights.org.tr\/index.php?rest_route=%2Fwp%2Fv2%2Fcomments&post=1129"}],"version-history":[{"count":1,"href":"https:\/\/privacy.cyber-rights.org.tr\/index.php?rest_route=\/wp\/v2\/posts\/1129\/revisions"}],"predecessor-version":[{"id":1130,"href":"https:\/\/privacy.cyber-rights.org.tr\/index.php?rest_route=\/wp\/v2\/posts\/1129\/revisions\/1130"}],"wp:attachment":[{"href":"https:\/\/privacy.cyber-rights.org.tr\/index.php?rest_route=%2Fwp%2Fv2%2Fmedia&parent=1129"}],"wp:term":[{"taxonomy":"category","embeddable":true,"href":"https:\/\/privacy.cyber-rights.org.tr\/index.php?rest_route=%2Fwp%2Fv2%2Fcategories&post=1129"},{"taxonomy":"post_tag","embeddable":true,"href":"https:\/\/privacy.cyber-rights.org.tr\/index.php?rest_route=%2Fwp%2Fv2%2Ftags&post=1129"}],"curies":[{"name":"wp","href":"https:\/\/api.w.org\/{rel}","templated":true}]}}