{"id":1135,"date":"2010-07-13T16:05:56","date_gmt":"2010-07-13T13:05:56","guid":{"rendered":"http:\/\/privacy.cyber-rights.org.tr\/?p=1135"},"modified":"2010-07-13T16:05:58","modified_gmt":"2010-07-13T13:05:58","slug":"sansur-genisledi-erisime-engellenecek-iceriklere-bir-yenisi-eklendi","status":"publish","type":"post","link":"https:\/\/privacy.cyber-rights.org.tr\/?p=1135","title":{"rendered":"Sans\u00fcr geni\u015fledi &#8211; Eri\u015fime engellenecek i\u00e7eriklere bir yenisi eklendi"},"content":{"rendered":"<p>Cyber-Rights.Org.TR Bas\u0131n Bildirisi &#8211; http:\/\/privacy.cyber-rights.org.tr\/ <\/p>\n<p> SANS\u00dcR GEN\u0130\u015eLED\u0130 \u2013 ER\u0130\u015e\u0130ME ENGELLENECEK \u0130\u00c7ER\u0130KLERE B\u0130R YEN\u0130S\u0130 EKLEND\u0130<\/p>\n<p>13 TEMMUZ 2010 (ANKARA\/\u0130STANBUL) \u2013 \u0130stanbul Bilgi \u00dcniversitesi Hukuk Fak\u00fcltesi \u00f6\u011fretim \u00fcyesi Do\u00e7. Dr. Yaman Akdeniz ve Ankara \u00dcniversitesi, Siyasal Bilgiler Fak\u00fcltesi \u00f6\u011fretim \u00fcyesi Yrd. Do\u00e7. Dr. Kerem Alt\u0131parmak bug\u00fcn yapt\u0131klar\u0131 a\u00e7\u0131klama ile sans\u00fcrlenecek i\u00e7erikler kapsam\u0131na hatal\u0131 ve noksan olarak bas\u0131ld\u0131\u011f\u0131 veya yay\u0131mland\u0131\u011f\u0131 Diyanet \u0130\u015fleri Ba\u015fkanl\u0131\u011f\u0131 kapsam\u0131nda olu\u015fturulacak olan yeni bir Kurul taraf\u0131ndan tespit edilen mushaf ve c\u00fczler ile sesli ve g\u00f6r\u00fcnt\u00fcl\u00fc Kur\u2019an-\u0131 Kerim yay\u0131nlar\u0131n\u0131n da eklendi\u011fini s\u00f6yledi. Diyanet \u0130\u015fleri Ba\u015fkanl\u0131\u011f\u0131 Kurulu\u015f ve G\u00f6revleri Hakkinda Kanun ile Baz\u0131 Kanunlarda De\u011fi\u015fiklik Yap\u0131lmas\u0131na Dair Kanun\u2019da yap\u0131lan de\u011fi\u015fiklik uyar\u0131nca Hatal\u0131 ve noksan olarak bas\u0131ld\u0131\u011f\u0131 veya yay\u0131mland\u0131\u011f\u0131 yeni kurulan Mushaflar\u0131 \u0130nceleme ve K\u0131raat Kurulu taraf\u0131ndan tespit edilen mushaf ve c\u00fczler ile sesli ve g\u00f6r\u00fcnt\u00fcl\u00fc Kur\u2019an-\u0131 Kerim yay\u0131nlar\u0131, Ba\u015fkanl\u0131\u011f\u0131n m\u00fcracaat\u0131 \u00fczerine, yay\u0131m\u0131n yap\u0131ld\u0131\u011f\u0131 yer sulh hukuk mahkemesi karar\u0131 ile toplat\u0131lacak ve imha edilecek. Be\u015finci f\u0131kra kapsam\u0131na giren yay\u0131n\u0131n \u0130nternet ortam\u0131nda yap\u0131lmas\u0131 halinde, Ba\u015fkanl\u0131\u011f\u0131n m\u00fcracaat\u0131 \u00fczerine, sulh hukuk mahkemesi bu yay\u0131nla ilgili olarak eri\u015fimin engellenmesi karar\u0131 verilecek. Kanun 13 Temmuz 2010 Sal\u0131 g\u00fcn\u00fc Resm\u00ee Gazete\u2019de (Say\u0131 : 27640) yay\u0131nland\u0131.<\/p>\n<p>Yeni yasaya g\u00f6re 5651 say\u0131l\u0131 Yasa\u2019da izlenen usulden farkl\u0131 bir usul \u00f6ng\u00f6r\u00fcl\u00fcyor. Buna g\u00f6re, s\u00f6z konusu i\u00e7eri\u011fe eri\u015fimin engellenmesi karar\u0131 Diyanet \u0130\u015fleri Ba\u015fkanl\u0131\u011f\u0131 talebi \u00fczerine hukuk mahkemeleri taraf\u0131ndan verilecek ve Telekom\u00fcnikasyon \u0130leti\u015fim Ba\u015fkanl\u0131\u011f\u0131\u2019n\u0131n res\u2019en eri\u015fim engelleme yetkisi olmayacak.<\/p>\n<p>Akdeniz ve Alt\u0131parmak yeni d\u00fczenlemenin hem esas hem de usul a\u00e7\u0131s\u0131ndan endi\u015fe verici oldu\u011funu vurgulad\u0131lar. A\u00e7\u0131klamaya g\u00f6re, laik bir hukuk d\u00fczeninde bir idari birimin \u0130nternet sitelerinin dini i\u00e7eri\u011fine m\u00fcdahale etmesinin kabul edilemez olmas\u0131 bir yana, d\u00fczenleme Anayasa\u2019da \u00f6ng\u00f6r\u00fclen temel haklar rejimine de her y\u00f6n\u00fcyle ayk\u0131r\u0131 bulunuyor. Anayasa\u2019n\u0131n 13. maddesine g\u00f6re temel haklar ve \u00f6zg\u00fcrl\u00fckler ancak Anayasan\u0131n ilgili maddelerinde belirtilen sebeplere g\u00f6re s\u0131n\u0131rland\u0131r\u0131labilirler. Ne var ki ne Anayasan\u0131n din ve vicdan \u00f6zg\u00fcrl\u00fc\u011f\u00fcn\u00fc d\u00fczenleyen 24. maddesi ne de 26. maddesinde d\u00fczenlenen d\u00fc\u015f\u00fcnceyi a\u00e7\u0131klama ve yayma h\u00fcrriyeti yasada g\u00f6sterilen t\u00fcrden bir gerek\u00e7eyle haklar\u0131n s\u0131n\u0131rland\u0131r\u0131lmas\u0131n\u0131 m\u00fcmk\u00fcn k\u0131l\u0131yor. <\/p>\n<p>Ayn\u0131 \u015fekilde 13. madde d\u00fczenlemelerin demokratik toplum d\u00fczeninin ve laik Cumhuriyetin gereklerine ayk\u0131r\u0131 olamayaca\u011f\u0131n\u0131 d\u00fczenliyor. Oysa d\u00fczenleme, dini farkl\u0131 yorumlayanlar kadar ele\u015ftirel yakla\u015fanlar\u0131n da inan\u00e7 \u00f6zg\u00fcrl\u00fc\u011f\u00fcn\u00fc tehdit etti\u011fi i\u00e7in hem demokratik toplum d\u00fczenine hem de laik Cumhuriyet gereklerine ayk\u0131r\u0131 bulunuyor. <\/p>\n<p>Akdeniz ve Alt\u0131parmak, yeni d\u00fczenlemenin usul a\u00e7\u0131s\u0131ndan da endi\u015fe verici oldu\u011funu belirttiler. T\u00fcrkiye\u2019de sans\u00fcr mekanizmas\u0131n\u0131n giderek da\u011f\u0131n\u0131k ve takibi imkans\u0131z bir hale b\u00fcr\u00fcnd\u00fc\u011f\u00fcn\u00fc belirten Akdeniz ve Alt\u0131parmak, Diyanet \u0130\u015fleri Ba\u015fkanl\u0131\u011f\u0131\u2019na verilen yetkiyle farkl\u0131 kamu idare ve kurumlar\u0131na sans\u00fcr yapma yolunun a\u00e7\u0131ld\u0131\u011f\u0131n\u0131 belirttiler. \u0130lgili yasan\u0131n uygulanmaya ba\u015flanmas\u0131 ile \u00e7ok say\u0131da yeni sans\u00fcr uygulamas\u0131n\u0131n g\u00fcndemimize girmesinin s\u00f6z konusu oldu\u011funun alt\u0131n\u0131 \u00e7izdiler. <\/p>\n<p>13 Temmuz 2010 SALI Resm\u00ee Gazete Say\u0131 : 27640<br \/>\nD\u0130YANET \u0130\u015eLER\u0130 BA\u015eKANLI\u011eI KURULU\u015e VE G\u00d6REVLER\u0130 HAKKINDA KANUN \u0130LE BAZI KANUNLARDA DE\u011e\u0130\u015e\u0130KL\u0130K YAPILMASINA DA\u0130R KANUN<br \/>\nKanun No. 6002 Kabul Tarihi: 1\/7\/2010      <\/p>\n<p>MADDE 5- 633 say\u0131l\u0131 Kanunun 6 nc\u0131 maddesi ba\u015fl\u0131\u011f\u0131yla birlikte a\u015fa\u011f\u0131daki \u015fekilde yeniden d\u00fczenlenmi\u015ftir.<br \/>\n\u201cMushaflar\u0131 \u0130nceleme ve K\u0131raat Kurulu:<br \/>\nMADDE 6- Mushaflar\u0131 \u0130nceleme ve K\u0131raat Kurulu, bir ba\u015fkan ile sekiz \u00fcyeden olu\u015fur. Kurul Ba\u015fkan ve \u00fcyelerinin g\u00f6rev s\u00fcreleri be\u015f y\u0131ld\u0131r. S\u00fcresi sona erenler yeniden atanabilir.<br \/>\nMushaflar\u0131 \u0130nceleme ve K\u0131raat Kurulu Ba\u015fkan ve \u00fcyelerinde a\u015fa\u011f\u0131daki nitelikler aran\u0131r:<br \/>\na) Ba\u015fkanl\u0131kta en az \u00fc\u00e7 y\u0131l g\u00f6rev yapm\u0131\u015f olmak.<br \/>\nb) Dini y\u00fcksek \u00f6\u011frenim mezunu olmak.<br \/>\nc) Haf\u0131z olmak.<br \/>\nd) A\u015fere, takrib, tayyibe alan\u0131nda yetkinli\u011fi Ba\u015fkanl\u0131k\u00e7a kabul edilmi\u015f olmak veya tefsir alan\u0131nda doktora yapm\u0131\u015f olmak.<br \/>\nMushaflar\u0131 \u0130nceleme ve K\u0131raat Kurulunun g\u00f6revleri \u015funlard\u0131r:<br \/>\na) Mushaflar\u0131n, c\u00fczlerin, mealli mushaflar\u0131n ve Kur\u2019an-\u0131 Kerim metinlerinin hatas\u0131z ve eksiksiz bas\u0131m ve yay\u0131m\u0131n\u0131 sa\u011flamak \u00fczere kontrol ettikten sonra m\u00fch\u00fcrlemek veya onaylamak.<br \/>\nb) Hatal\u0131 ve noksan olarak bas\u0131lan veya yay\u0131mlanan mushaf ve c\u00fczler ile sesli veya g\u00f6r\u00fcnt\u00fcl\u00fc Kur\u2019an-\u0131 Kerim yay\u0131nlar\u0131n\u0131 tespit etmek.<br \/>\nc) K\u0131raat ilmi ile ilgili \u00e7al\u0131\u015fmalar yapmak ve ar\u015fiv olu\u015fturmak.<br \/>\nBas\u0131mc\u0131 ve yay\u0131mc\u0131lar, bas\u0131m ve yay\u0131m\u0131n\u0131 yapt\u0131klar\u0131 mushaf ve c\u00fczler ile sesli ve g\u00f6r\u00fcnt\u00fcl\u00fc Kur\u2019an-\u0131 Kerim yay\u0131nlar\u0131ndan imzal\u0131 iki\u015fer adedini Ba\u015fkanl\u0131\u011fa g\u00f6nderir.<br \/>\nHatal\u0131 ve noksan olarak bas\u0131ld\u0131\u011f\u0131 veya yay\u0131mland\u0131\u011f\u0131 Kurul taraf\u0131ndan tespit edilen mushaf ve c\u00fczler ile sesli ve g\u00f6r\u00fcnt\u00fcl\u00fc Kur\u2019an-\u0131 Kerim yay\u0131nlar\u0131, Ba\u015fkanl\u0131\u011f\u0131n m\u00fcracaat\u0131 \u00fczerine, yay\u0131m\u0131n yap\u0131ld\u0131\u011f\u0131 yer sulh hukuk mahkemesi karar\u0131 ile toplat\u0131l\u0131r ve imha edilir.<br \/>\nBe\u015finci f\u0131kra kapsam\u0131na giren yay\u0131n\u0131n internet ortam\u0131nda yap\u0131lmas\u0131 halinde, Ba\u015fkanl\u0131\u011f\u0131n m\u00fcracaat\u0131 \u00fczerine, sulh hukuk mahkemesi bu yay\u0131nla ilgili olarak eri\u015fimin engellenmesi karar\u0131 verir. Bu karar\u0131n bir \u00f6rne\u011fi gere\u011fi yap\u0131lmak \u00fczere Telekom\u00fcnikasyon \u0130leti\u015fim Ba\u015fkanl\u0131\u011f\u0131na g\u00f6nderilir.<br \/>\nSulh hukuk mahkemesinin be\u015finci ve alt\u0131nc\u0131 f\u0131kralar h\u00fck\u00fcmlerine g\u00f6re verdi\u011fi kararlara ve Ba\u015fkanl\u0131\u011f\u0131n talebinin reddine dair kararlar\u0131na kar\u015f\u0131 tefhim veya tebli\u011fden itibaren iki hafta i\u00e7inde asliye hukuk mahkemesinde itiraz yoluna gidilebilir. \u0130tiraz \u00fczerine verilen karar kesindir.<br \/>\nToplatma ve imha karar\u0131na veya eri\u015fimin engellenmesi karar\u0131na itiraz edilmi\u015f olmas\u0131, karara konu te\u015fkil eden yay\u0131nlar\u0131n toplat\u0131lmas\u0131na ve eri\u015fimin engellenmesine engel te\u015fkil etmez.<br \/>\nToplatma ve imha karar\u0131na konu te\u015fkil eden yay\u0131nlar, bu karara s\u00fcresi i\u00e7inde itiraz edilmedi\u011fi veya yap\u0131lan itiraz reddedildi\u011fi takdirde imha edilir.\u201d<\/p>\n","protected":false},"excerpt":{"rendered":"<p>Cyber-Rights.Org.TR Bas\u0131n Bildirisi &#8211; http:\/\/privacy.cyber-rights.org.tr\/ SANS\u00dcR GEN\u0130\u015eLED\u0130 \u2013 ER\u0130\u015e\u0130ME ENGELLENECEK \u0130\u00c7ER\u0130KLERE B\u0130R YEN\u0130S\u0130 EKLEND\u0130 13 TEMMUZ 2010 (ANKARA\/\u0130STANBUL) \u2013 \u0130stanbul Bilgi \u00dcniversitesi Hukuk Fak\u00fcltesi \u00f6\u011fretim \u00fcyesi Do\u00e7. Dr. Yaman Akdeniz ve Ankara \u00dcniversitesi, Siyasal Bilgiler Fak\u00fcltesi \u00f6\u011fretim \u00fcyesi Yrd. Do\u00e7. Dr. Kerem Alt\u0131parmak bug\u00fcn yapt\u0131klar\u0131 a\u00e7\u0131klama ile sans\u00fcrlenecek i\u00e7erikler kapsam\u0131na hatal\u0131 ve noksan olarak bas\u0131ld\u0131\u011f\u0131 veya yay\u0131mland\u0131\u011f\u0131 Diyanet \u0130\u015fleri Ba\u015fkanl\u0131\u011f\u0131&#8230;<\/p>\n","protected":false},"author":1,"featured_media":0,"comment_status":"open","ping_status":"closed","sticky":false,"template":"","format":"standard","meta":{"jetpack_post_was_ever_published":false,"_jetpack_newsletter_access":"","_jetpack_dont_email_post_to_subs":false,"_jetpack_newsletter_tier_id":0,"_jetpack_memberships_contains_paywalled_content":false,"_jetpack_memberships_contains_paid_content":false,"footnotes":"","jetpack_publicize_message":"","jetpack_publicize_feature_enabled":true,"jetpack_social_post_already_shared":false,"jetpack_social_options":{"image_generator_settings":{"template":"highway","default_image_id":0,"font":"","enabled":false},"version":2}},"categories":[148,5,21,142,3,17,67,78],"tags":[],"class_list":["post-1135","post","type-post","status-publish","format-standard","hentry","category-diyanet","category-dusunce-ozgurlugu","category-erisim-engelleme","category-kerem-altiparmak","category-sansur","category-tib","category-turkiye","category-yaman-akdeniz"],"jetpack_publicize_connections":[],"jetpack_featured_media_url":"","jetpack_sharing_enabled":true,"jetpack_shortlink":"https:\/\/wp.me\/p7wjA8-ij","jetpack-related-posts":[],"_links":{"self":[{"href":"https:\/\/privacy.cyber-rights.org.tr\/index.php?rest_route=\/wp\/v2\/posts\/1135","targetHints":{"allow":["GET"]}}],"collection":[{"href":"https:\/\/privacy.cyber-rights.org.tr\/index.php?rest_route=\/wp\/v2\/posts"}],"about":[{"href":"https:\/\/privacy.cyber-rights.org.tr\/index.php?rest_route=\/wp\/v2\/types\/post"}],"author":[{"embeddable":true,"href":"https:\/\/privacy.cyber-rights.org.tr\/index.php?rest_route=\/wp\/v2\/users\/1"}],"replies":[{"embeddable":true,"href":"https:\/\/privacy.cyber-rights.org.tr\/index.php?rest_route=%2Fwp%2Fv2%2Fcomments&post=1135"}],"version-history":[{"count":1,"href":"https:\/\/privacy.cyber-rights.org.tr\/index.php?rest_route=\/wp\/v2\/posts\/1135\/revisions"}],"predecessor-version":[{"id":1136,"href":"https:\/\/privacy.cyber-rights.org.tr\/index.php?rest_route=\/wp\/v2\/posts\/1135\/revisions\/1136"}],"wp:attachment":[{"href":"https:\/\/privacy.cyber-rights.org.tr\/index.php?rest_route=%2Fwp%2Fv2%2Fmedia&parent=1135"}],"wp:term":[{"taxonomy":"category","embeddable":true,"href":"https:\/\/privacy.cyber-rights.org.tr\/index.php?rest_route=%2Fwp%2Fv2%2Fcategories&post=1135"},{"taxonomy":"post_tag","embeddable":true,"href":"https:\/\/privacy.cyber-rights.org.tr\/index.php?rest_route=%2Fwp%2Fv2%2Ftags&post=1135"}],"curies":[{"name":"wp","href":"https:\/\/api.w.org\/{rel}","templated":true}]}}