{"id":1137,"date":"2010-07-14T17:00:07","date_gmt":"2010-07-14T14:00:07","guid":{"rendered":"http:\/\/privacy.cyber-rights.org.tr\/?p=1137"},"modified":"2010-07-14T17:00:11","modified_gmt":"2010-07-14T14:00:11","slug":"radikal-diyanete-de-internete-sansur-hakki-verildi","status":"publish","type":"post","link":"https:\/\/privacy.cyber-rights.org.tr\/?p=1137","title":{"rendered":"Radikal: Diyanet&#8217;e de internete sans\u00fcr hakk\u0131 verildi"},"content":{"rendered":"<p><a href=\"http:\/\/www.radikal.com.tr\/Radikal.aspx?aType=RadikalDetay&#038;ArticleID=1007971&#038;Date=14.07.2010&#038;CategoryID=77#\">Diyanet&#8217;e de internete sans\u00fcr hakk\u0131 verildi \/ T\u00fcrkiye \/ Radikal \u0130nternet<\/a><\/p>\n<p>Diyanet&#8217;e de internete sans\u00fcr hakk\u0131 verildi<\/p>\n<p>14\/07\/2010 7:30<\/p>\n<p>Diyanet&#8217;in bundan sonra &#8216;hatal\u0131 ve noksan bas\u0131lan mushaf ve c\u00fczlerle, sesli &#8211; g\u00f6r\u00fcnt\u00fcl\u00fc Kur&#8217;an-\u0131 Kerim yay\u0131nlar\u0131&#8217;n\u0131 mahkeme karar\u0131yla engelleyebilece\u011fini belirten akademisyenler, \u2018Bu d\u00fczenleme, dini farkl\u0131 yorumlayanlar kadar ele\u015ftirel yakla\u015fanlar\u0131n da inan\u00e7 \u00f6zg\u00fcrl\u00fc\u011f\u00fcn\u00fc tehdit ediyor.<\/p>\n<p>\u0130STANBUL &#8211; Bilgi \u00dcniversitesi Hukuk Fak\u00fcltesi \u00f6\u011fretim \u00fcyesi Do\u00e7. Dr. Yaman Akdeniz ve Ankara \u00dcniversitesi, Siyasal Bilgiler Fak\u00fcltesi \u00f6\u011fretim \u00fcyesi Yrd. Do\u00e7. Dr. Kerem Alt\u0131parmak, Diyanet \u0130\u015fleri Ba\u015fkanl\u0131\u011f\u0131\u2019yla ilgili kanunda yap\u0131lan bir de\u011fi\u015fiklikle, Diyanet\u2019e internetteki yay\u0131nlara m\u00fcdahale hakk\u0131 tan\u0131nd\u0131\u011f\u0131n\u0131 belirtti.<\/p>\n<p>Diyanet\u2019in bundan sonra \u2018hatal\u0131 ve noksan bas\u0131lan mushaf ve c\u00fczlerle, sesli &#8211; g\u00f6r\u00fcnt\u00fcl\u00fc Kur\u2019an-\u0131 Kerim yay\u0131nlar\u0131\u2019n\u0131 mahkeme karar\u0131yla engelleyebilece\u011fini belirten akademisyenler, \u2018Bu d\u00fczenleme, dini farkl\u0131 yorumlayanlar kadar ele\u015ftirel yakla\u015fanlar\u0131n da inan\u00e7 \u00f6zg\u00fcrl\u00fc\u011f\u00fcn\u00fc tehdit ediyor. Ayr\u0131ca Diyanet \u0130\u015fleri Ba\u015fkanl\u0131\u011f\u0131\u2019na verilen yetkiyle farkl\u0131 kamu idare ve kurumlar\u0131na sans\u00fcr yapma yolu da a\u00e7\u0131lm\u0131\u015f olur\u2019 dedi.<\/p>\n<p>Akdeniz ve Alt\u0131parmak\u2019\u0131n yapt\u0131\u011f\u0131 a\u00e7\u0131klamaya g\u00f6re, Diyanet \u0130\u015fleri Ba\u015fkanl\u0131\u011f\u0131 Kurulu\u015f ve G\u00f6revleri Hakk\u0131nda Kanun\u2019da yap\u0131lan bir d\u00fczenleme kurumun \u2018internete m\u00fcdahalesi\u2019nin \u00f6n\u00fcn\u00fc a\u00e7t\u0131. Bu kanuna g\u00f6re Mushaflar\u0131 \u0130nceleme ve K\u0131raat Kurulu\u2019nun saptad\u0131\u011f\u0131 \u2018hatal\u0131 ve noksan bas\u0131lan mushaf ve c\u00fczlerle, sesli &#8211; g\u00f6r\u00fcnt\u00fcl\u00fc Kur\u2019an-\u0131 Kerim yay\u0131nlar\u0131\u2019 mahkeme karar\u0131yla toplat\u0131lacak ve imha edilecek.<\/p>\n<p>Bu kanun uyar\u0131nca bu yay\u0131n internet ortam\u0131nda yap\u0131l\u0131rsa yine ba\u015fkanl\u0131\u011f\u0131n m\u00fcracaat\u0131yla sulh hukuk mahkemesi eri\u015fimin engellenmesi karar\u0131 verebilecek. \u0130ki akademisyen s\u00f6z konusu kanun de\u011fi\u015fikli\u011finin \u2018internete yeni bir sans\u00fcr\u2019 getirece\u011fini belirterek, \u015fu g\u00f6r\u00fc\u015fleri dile getirdi:<\/p>\n<p>Laik hukuk d\u00fczenine ayk\u0131r\u0131<br \/>\n\u2018D\u00fczenleme hem esas hem de usul a\u00e7\u0131s\u0131ndan endi\u015fe verici. Laik bir hukuk d\u00fczeninde bir idari birimin internet sitelerinin dini i\u00e7eri\u011fine m\u00fcdahale etmesi kabul edilemez. D\u00fczenleme Anayasa\u2019da \u00f6ng\u00f6r\u00fclen temel haklar rejimine de her y\u00f6n\u00fcyle ayk\u0131r\u0131. Bu d\u00fczenleme, dini farkl\u0131 yorumlayanlar kadar ele\u015ftirel yakla\u015fanlar\u0131n da inan\u00e7 \u00f6zg\u00fcrl\u00fc\u011f\u00fcn\u00fc tehdit ediyor.<\/p>\n<p>Ayr\u0131ca usul a\u00e7\u0131s\u0131ndan da endi\u015fe verici. T\u00fcrkiye\u2019de sans\u00fcr mekanizmas\u0131 giderek da\u011f\u0131n\u0131k ve takibi imkans\u0131z bir hale b\u00fcr\u00fcn\u00fcyor. Diyanet \u0130\u015fleri Ba\u015fkanl\u0131\u011f\u0131\u2019na verilen yetkiyle farkl\u0131 kamu idare ve kurumlar\u0131na sans\u00fcr yapma yolu da a\u00e7\u0131lm\u0131\u015f olur.\u2019 (Radikal)<\/p>\n","protected":false},"excerpt":{"rendered":"<p>Diyanet&#8217;e de internete sans\u00fcr hakk\u0131 verildi \/ T\u00fcrkiye \/ Radikal \u0130nternet Diyanet&#8217;e de internete sans\u00fcr hakk\u0131 verildi 14\/07\/2010 7:30 Diyanet&#8217;in bundan sonra &#8216;hatal\u0131 ve noksan bas\u0131lan mushaf ve c\u00fczlerle, sesli &#8211; g\u00f6r\u00fcnt\u00fcl\u00fc Kur&#8217;an-\u0131 Kerim yay\u0131nlar\u0131&#8217;n\u0131 mahkeme karar\u0131yla engelleyebilece\u011fini belirten akademisyenler, \u2018Bu d\u00fczenleme, dini farkl\u0131 yorumlayanlar kadar ele\u015ftirel yakla\u015fanlar\u0131n da inan\u00e7 \u00f6zg\u00fcrl\u00fc\u011f\u00fcn\u00fc tehdit ediyor. \u0130STANBUL &#8211; Bilgi \u00dcniversitesi Hukuk Fak\u00fcltesi \u00f6\u011fretim&#8230;<\/p>\n","protected":false},"author":1,"featured_media":0,"comment_status":"open","ping_status":"closed","sticky":false,"template":"","format":"standard","meta":{"jetpack_post_was_ever_published":false,"_jetpack_newsletter_access":"","_jetpack_dont_email_post_to_subs":false,"_jetpack_newsletter_tier_id":0,"_jetpack_memberships_contains_paywalled_content":false,"_jetpack_memberships_contains_paid_content":false,"footnotes":"","jetpack_publicize_message":"","jetpack_publicize_feature_enabled":true,"jetpack_social_post_already_shared":false,"jetpack_social_options":{"image_generator_settings":{"template":"highway","default_image_id":0,"font":"","enabled":false},"version":2}},"categories":[148,21,142,3,67,78],"tags":[],"class_list":["post-1137","post","type-post","status-publish","format-standard","hentry","category-diyanet","category-erisim-engelleme","category-kerem-altiparmak","category-sansur","category-turkiye","category-yaman-akdeniz"],"jetpack_publicize_connections":[],"jetpack_featured_media_url":"","jetpack_sharing_enabled":true,"jetpack_shortlink":"https:\/\/wp.me\/p7wjA8-il","jetpack-related-posts":[],"_links":{"self":[{"href":"https:\/\/privacy.cyber-rights.org.tr\/index.php?rest_route=\/wp\/v2\/posts\/1137","targetHints":{"allow":["GET"]}}],"collection":[{"href":"https:\/\/privacy.cyber-rights.org.tr\/index.php?rest_route=\/wp\/v2\/posts"}],"about":[{"href":"https:\/\/privacy.cyber-rights.org.tr\/index.php?rest_route=\/wp\/v2\/types\/post"}],"author":[{"embeddable":true,"href":"https:\/\/privacy.cyber-rights.org.tr\/index.php?rest_route=\/wp\/v2\/users\/1"}],"replies":[{"embeddable":true,"href":"https:\/\/privacy.cyber-rights.org.tr\/index.php?rest_route=%2Fwp%2Fv2%2Fcomments&post=1137"}],"version-history":[{"count":1,"href":"https:\/\/privacy.cyber-rights.org.tr\/index.php?rest_route=\/wp\/v2\/posts\/1137\/revisions"}],"predecessor-version":[{"id":1138,"href":"https:\/\/privacy.cyber-rights.org.tr\/index.php?rest_route=\/wp\/v2\/posts\/1137\/revisions\/1138"}],"wp:attachment":[{"href":"https:\/\/privacy.cyber-rights.org.tr\/index.php?rest_route=%2Fwp%2Fv2%2Fmedia&parent=1137"}],"wp:term":[{"taxonomy":"category","embeddable":true,"href":"https:\/\/privacy.cyber-rights.org.tr\/index.php?rest_route=%2Fwp%2Fv2%2Fcategories&post=1137"},{"taxonomy":"post_tag","embeddable":true,"href":"https:\/\/privacy.cyber-rights.org.tr\/index.php?rest_route=%2Fwp%2Fv2%2Ftags&post=1137"}],"curies":[{"name":"wp","href":"https:\/\/api.w.org\/{rel}","templated":true}]}}