{"id":1139,"date":"2010-07-14T17:01:35","date_gmt":"2010-07-14T14:01:35","guid":{"rendered":"http:\/\/privacy.cyber-rights.org.tr\/?p=1139"},"modified":"2010-07-14T17:01:38","modified_gmt":"2010-07-14T14:01:38","slug":"bianet-internet-sansurunde-kuran-i-kerime-de-el-attik","status":"publish","type":"post","link":"https:\/\/privacy.cyber-rights.org.tr\/?p=1139","title":{"rendered":"Bianet: \u0130nternet Sans\u00fcr\u00fcnde Kur&#8217;an-\u0131 Kerim&#8217;e de El Att\u0131k!"},"content":{"rendered":"<p><a href=\"http:\/\/bianet.org\/bianet\/din\/123403-internet-sansurunde-kuran-i-kerime-de-el-attik\">Bianet: \u0130nternet Sans\u00fcr\u00fcnde Kur&#8217;an-\u0131 Kerim&#8217;e de El Att\u0131k! &#8211; Bianet<\/a><\/p>\n<p>Hatal\u0131 ve noksan Kur&#8217;an-\u0131 Kerim metinleri de sitelerden kald\u0131r\u0131labilecek. \u00d6\u011fretim \u00fcyeleri Yaman Akdeniz ve Kerem Alt\u0131parmak endi\u015feli: &#8216;Laik bir hukuk d\u00fczeninde bir idari birim sitelerin dini i\u00e7eri\u011fine m\u00fcdahale edemez&#8217;&#8230;<\/p>\n<p>Ankara &#8211; B\u0130A Haber Merkezi<br \/>\n14 Temmuz 2010, \u00c7ar\u015famba<\/p>\n<p>\u0130nternette sans\u00fcrlenecek i\u00e7eriklere &#8216;hatal\u0131 ve noksan olarak bas\u0131ld\u0131\u011f\u0131 veya yay\u0131mland\u0131\u011f\u0131&#8217; tespit edilen sesli ve g\u00f6r\u00fcnt\u00fcl\u00fc Kur&#8217;an-\u0131 Kerim yay\u0131nlar\u0131 da eklendi.<\/p>\n<p>\u0130stanbul Bilgi \u00dcniversitesi Hukuk Fak\u00fcltesi \u00f6\u011fretim \u00fcyesi Do\u00e7. Dr. Yaman Akdeniz ve Ankara \u00dcniversitesi, Siyasal Bilgiler Fak\u00fcltesi \u00f6\u011fretim \u00fcyesi Yrd. Do\u00e7. Dr. Kerem Alt\u0131parmak d\u00fcn (13 Temmuz) yapt\u0131klar\u0131 a\u00e7\u0131klamayla, yay\u0131ndan kald\u0131r\u0131lacak i\u00e7eriklere Diyanet \u0130\u015fleri Ba\u015fkanl\u0131\u011f\u0131 kapsam\u0131nda olu\u015fturulacak olan yeni bir Kurulun karar verece\u011fini bildirdiler.<br \/>\nKarar\u0131 mahkeme verecek, T\u0130B kapatacak<\/p>\n<p>Yeni kurulan s\u00f6z konusu Mushaflar\u0131 \u0130nceleme ve K\u0131raat Kurulu, &#8216;Hatal\u0131 ve noksan olarak bas\u0131ld\u0131\u011f\u0131 veya yay\u0131mland\u0131\u011f\u0131&#8217;na kanaat getirirse &#8216;mushaf ve c\u00fczler ile sesli ve g\u00f6r\u00fcnt\u00fcl\u00fc Kur&#8217;an-\u0131 Kerim yay\u0131nlar\u0131&#8217;, Ba\u015fkanl\u0131\u011f\u0131n m\u00fcracaat\u0131yla yay\u0131m\u0131n yap\u0131ld\u0131\u011f\u0131 yer sulh hukuk mahkemesi karar\u0131yla toplat\u0131lacak ve imha edilecek.<\/p>\n<p>Diyanet \u0130\u015fleri Ba\u015fkanl\u0131\u011f\u0131 Kurulu\u015f ve G\u00f6revleri Hakk\u0131nda Kanun ile Baz\u0131 Kanunlarda De\u011fi\u015fiklik Yap\u0131lmas\u0131na Dair Kanun&#8217;da yap\u0131lan de\u011fi\u015fiklik uyar\u0131nca, yay\u0131n\u0131n \u0130nternet ortam\u0131nda yap\u0131lmas\u0131 halinde, Ba\u015fkanl\u0131\u011f\u0131n m\u00fcracaat\u0131 \u00fczerine, sulh hukuk mahkemesi bu yay\u0131nla ilgili olarak eri\u015fimin engellenmesi karar\u0131 verilecek. Kanun d\u00fcn Resm\u00ee Gazete&#8217;de (Say\u0131 : 27640) yay\u0131mland\u0131.<\/p>\n<p>\u0130nternette sans\u00fcrlenecek i\u00e7erikler kapsam\u0131na hatal\u0131 ve noksan olarak bas\u0131ld\u0131\u011f\u0131 d\u00fc\u015f\u00fcn\u00fclen sesli ve g\u00f6r\u00fcnt\u00fcl\u00fc Kur&#8217;an-\u0131 Kerim yay\u0131nlar\u0131n\u0131n da eklendi\u011fini belirten Akdeniz ve Alt\u0131parmak, eri\u015fimin engellenmesi karar\u0131n\u0131n Diyanet \u0130\u015fleri Ba\u015fkanl\u0131\u011f\u0131 talebi \u00fczerine hukuk mahkemelerince verilece\u011fini ve bunda Telekom\u00fcnikasyon \u0130leti\u015fim Ba\u015fkanl\u0131\u011f\u0131&#8217;n\u0131n (T\u0130B) res&#8217;en eri\u015fim engelleme yetkisi olmayaca\u011f\u0131n\u0131 a\u00e7\u0131klad\u0131.<br \/>\n&#8216;Din ve vicdan \u00f6zg\u00fcrl\u00fc\u011f\u00fc ne olacak?&#8217;<\/p>\n<p>\u00d6\u011fretim \u00fcyeleri, bu a\u00e7\u0131dan d\u00fczenlemenin 5651 say\u0131l\u0131 \u0130nternet Ortam\u0131nda \u0130\u015flenen Su\u00e7lara \u0130li\u015fkin Yasan\u0131n \u00f6ng\u00f6rd\u00fc\u011f\u00fc usule g\u00f6re farkl\u0131l\u0131k g\u00f6sterdi\u011fini s\u00f6ylediler.<\/p>\n<p>Akdeniz ve Alt\u0131parmak yeni d\u00fczenlemenin hem esas hem de usul a\u00e7\u0131s\u0131ndan endi\u015fe verici oldu\u011funu vurgulad\u0131lar.<\/p>\n<p>&#8216;Laik bir hukuk d\u00fczeninde bir idari birimin \u0130nternet sitelerinin dini i\u00e7eri\u011fine m\u00fcdahale etmesinin kabul edilemez olmas\u0131 bir yana, d\u00fczenleme Anayasa&#8217;da \u00f6ng\u00f6r\u00fclen temel haklar rejimine de her y\u00f6n\u00fcyle ayk\u0131r\u0131d\u0131r.<\/p>\n<p>&#8216;Anayasa&#8217;n\u0131n 13. maddesine g\u00f6re temel haklar ve \u00f6zg\u00fcrl\u00fckler ancak Anayasan\u0131n ilgili maddelerinde belirtilen sebeplere g\u00f6re s\u0131n\u0131rland\u0131r\u0131labilirler. Ne var ki ne Anayasan\u0131n din ve vicdan \u00f6zg\u00fcrl\u00fc\u011f\u00fcn\u00fc d\u00fczenleyen 24. maddesi ne de 26. maddesinde d\u00fczenlenen d\u00fc\u015f\u00fcnceyi a\u00e7\u0131klama ve yayma h\u00fcrriyeti yasada g\u00f6sterilen t\u00fcrden bir gerek\u00e7eyle haklar\u0131n s\u0131n\u0131rland\u0131r\u0131lmas\u0131n\u0131 m\u00fcmk\u00fcn k\u0131l\u0131yor.<\/p>\n<p>&#8217;13. madde d\u00fczenlemelerin demokratik toplum d\u00fczeninin ve laik Cumhuriyetin gereklerine ayk\u0131r\u0131 olamayaca\u011f\u0131n\u0131 d\u00fczenliyor. Oysa d\u00fczenleme, dini farkl\u0131 yorumlayanlar kadar ele\u015ftirel yakla\u015fanlar\u0131n da inan\u00e7 \u00f6zg\u00fcrl\u00fc\u011f\u00fcn\u00fc tehdit etti\u011fi i\u00e7in hem demokratik toplum d\u00fczenine hem de laik Cumhuriyet gereklerine ayk\u0131r\u0131 bulunuyor.&#8217;<\/p>\n<p>Akdeniz ve Alt\u0131parmak, T\u00fcrkiye&#8217;de sans\u00fcr mekanizmas\u0131n\u0131n giderek da\u011f\u0131n\u0131k ve takibi imkans\u0131z bir hale b\u00fcr\u00fcnd\u00fc\u011f\u00fcn\u00fc belirttiler.  (E\u00d6)<\/p>\n","protected":false},"excerpt":{"rendered":"<p>Bianet: \u0130nternet Sans\u00fcr\u00fcnde Kur&#8217;an-\u0131 Kerim&#8217;e de El Att\u0131k! &#8211; Bianet Hatal\u0131 ve noksan Kur&#8217;an-\u0131 Kerim metinleri de sitelerden kald\u0131r\u0131labilecek. \u00d6\u011fretim \u00fcyeleri Yaman Akdeniz ve Kerem Alt\u0131parmak endi\u015feli: &#8216;Laik bir hukuk d\u00fczeninde bir idari birim sitelerin dini i\u00e7eri\u011fine m\u00fcdahale edemez&#8217;&#8230; Ankara &#8211; B\u0130A Haber Merkezi 14 Temmuz 2010, \u00c7ar\u015famba \u0130nternette sans\u00fcrlenecek i\u00e7eriklere &#8216;hatal\u0131 ve noksan olarak bas\u0131ld\u0131\u011f\u0131 veya yay\u0131mland\u0131\u011f\u0131&#8217; tespit edilen&#8230;<\/p>\n","protected":false},"author":1,"featured_media":0,"comment_status":"open","ping_status":"closed","sticky":false,"template":"","format":"standard","meta":{"jetpack_post_was_ever_published":false,"_jetpack_newsletter_access":"","_jetpack_dont_email_post_to_subs":false,"_jetpack_newsletter_tier_id":0,"_jetpack_memberships_contains_paywalled_content":false,"_jetpack_memberships_contains_paid_content":false,"footnotes":"","jetpack_publicize_message":"","jetpack_publicize_feature_enabled":true,"jetpack_social_post_already_shared":false,"jetpack_social_options":{"image_generator_settings":{"template":"highway","default_image_id":0,"font":"","enabled":false},"version":2}},"categories":[148,5,21,142,3,67,78],"tags":[],"class_list":["post-1139","post","type-post","status-publish","format-standard","hentry","category-diyanet","category-dusunce-ozgurlugu","category-erisim-engelleme","category-kerem-altiparmak","category-sansur","category-turkiye","category-yaman-akdeniz"],"jetpack_publicize_connections":[],"jetpack_featured_media_url":"","jetpack_sharing_enabled":true,"jetpack_shortlink":"https:\/\/wp.me\/p7wjA8-in","jetpack-related-posts":[],"_links":{"self":[{"href":"https:\/\/privacy.cyber-rights.org.tr\/index.php?rest_route=\/wp\/v2\/posts\/1139","targetHints":{"allow":["GET"]}}],"collection":[{"href":"https:\/\/privacy.cyber-rights.org.tr\/index.php?rest_route=\/wp\/v2\/posts"}],"about":[{"href":"https:\/\/privacy.cyber-rights.org.tr\/index.php?rest_route=\/wp\/v2\/types\/post"}],"author":[{"embeddable":true,"href":"https:\/\/privacy.cyber-rights.org.tr\/index.php?rest_route=\/wp\/v2\/users\/1"}],"replies":[{"embeddable":true,"href":"https:\/\/privacy.cyber-rights.org.tr\/index.php?rest_route=%2Fwp%2Fv2%2Fcomments&post=1139"}],"version-history":[{"count":1,"href":"https:\/\/privacy.cyber-rights.org.tr\/index.php?rest_route=\/wp\/v2\/posts\/1139\/revisions"}],"predecessor-version":[{"id":1140,"href":"https:\/\/privacy.cyber-rights.org.tr\/index.php?rest_route=\/wp\/v2\/posts\/1139\/revisions\/1140"}],"wp:attachment":[{"href":"https:\/\/privacy.cyber-rights.org.tr\/index.php?rest_route=%2Fwp%2Fv2%2Fmedia&parent=1139"}],"wp:term":[{"taxonomy":"category","embeddable":true,"href":"https:\/\/privacy.cyber-rights.org.tr\/index.php?rest_route=%2Fwp%2Fv2%2Fcategories&post=1139"},{"taxonomy":"post_tag","embeddable":true,"href":"https:\/\/privacy.cyber-rights.org.tr\/index.php?rest_route=%2Fwp%2Fv2%2Ftags&post=1139"}],"curies":[{"name":"wp","href":"https:\/\/api.w.org\/{rel}","templated":true}]}}