{"id":1141,"date":"2010-07-14T17:20:27","date_gmt":"2010-07-14T14:20:27","guid":{"rendered":"http:\/\/privacy.cyber-rights.org.tr\/?p=1141"},"modified":"2010-07-14T17:20:29","modified_gmt":"2010-07-14T14:20:29","slug":"bianet-vali-yardimcisi-sanliurfa-com-sitesini-erisime-kapattirdi","status":"publish","type":"post","link":"https:\/\/privacy.cyber-rights.org.tr\/?p=1141","title":{"rendered":"Bianet: Vali Yard\u0131mc\u0131s\u0131 sanliurfa.com Sitesini Eri\u015fime Kapatt\u0131rd\u0131"},"content":{"rendered":"<p><a href=\"http:\/\/bianet.org\/bianet\/ifade-ozgurlugu\/123413-vali-yardimcisi-sanliurfa-com-sitesini-erisime-kapattirdi\">Bianet: Vali Yard\u0131mc\u0131s\u0131 sanliurfa.com Sitesini Eri\u015fime Kapatt\u0131rd\u0131<\/a><\/p>\n<p>\u015eanl\u0131urfa 1. Asliye Hukuk Mahkemesi, Vali yard\u0131mc\u0131s\u0131 Y\u0131ld\u0131ray Mal\u011fa\u00e7 ile ilgili ele\u015ftirel haber ve yorumlar nedeniyle Sanliurfa.com \u0130nternet sitesi ile ilgili ihtiyati tedbir karar\u0131 ald\u0131. Do\u00e7. Dr. Akdeniz, &#8216;Bu tamamen hukuka ayk\u0131r\u0131&#8217; dedi.<\/p>\n<p>Erol \u00d6NDERO\u011eLU, hukuk@bianet.org<br \/>\n\u015fanl\u0131\u0131urfa &#8211; B\u0130A Haber Merkezi<br \/>\n14 Temmuz 2010, \u00c7ar\u015famba<\/p>\n<p>Sanliurfa.com \u0130nternet sitesi, \u015eanl\u0131urfa Vali yard\u0131mc\u0131s\u0131 Y\u0131ld\u0131ray Mal\u011fa\u00e7 ile ilgili \u00e7\u0131kan haber ve okur yorumlar\u0131 nedeniyle eri\u015fime kapat\u0131ld\u0131. 2 Temmuz&#8217;da siteye ihtiyati tedbir karar\u0131 alan \u015eanl\u0131urfa 1. Asliye Hukuk Mahkemesi, 10 g\u00fcn sonra da yap\u0131lan itiraz\u0131 reddetti.<\/p>\n<p>Karar, 4721 Say\u0131l\u0131 Medeni Yasa&#8217;n\u0131n ki\u015filik haklar\u0131na sald\u0131r\u0131y\u0131 d\u00fczenleyen 24. maddesine dayand\u0131r\u0131ld\u0131. Mahkeme ba\u015fkan\u0131 Hakim \u0130brahim Balkan, Muhammet Ta\u015f\u00e7\u0131lar&#8217;\u0131n yapt\u0131\u011f\u0131 itiraz\u0131 bu ki\u015finin sitenin sahibi veya yetkilisi olmad\u0131\u011f\u0131 gerek\u00e7esiyle geri \u00e7evirdi.<\/p>\n<p>Akdeniz: Tamamen hukuka ayk\u0131r\u0131<\/p>\n<p>Karar\u0131 bianet&#8217;e de\u011ferlendiren \u0130stanbul Bilgi \u00dcniversitesi Hukuk Fak\u00fcltesi \u00f6\u011fretim \u00fcyesi Do\u00e7. Dr. Yaman Akdeniz, &#8216;Mahkemenin verdi\u011fi eri\u015fime engeli karar\u0131 tamamen hukuka ayk\u0131r\u0131d\u0131r. Politik s\u00f6ylemler i\u00e7eren bu sitenin hukuka ayk\u0131r\u0131 bir \u015fekilde sans\u00fcrlenmesi kabul edilemez.  Bas\u0131n ve medya \u00f6zg\u00fcrl\u00fc\u011f\u00fc engellenemez, mahkemelerce engellenmemeli&#8217; dedi.<\/p>\n<p>Akdeniz, 5651 Say\u0131l\u0131 \u0130nternet Su\u00e7lar\u0131na \u0130li\u015fkin Yasan\u0131n 9. maddesinden &#8216;ki\u015filik haklar\u0131&#8217; ile ilgili itilaf\u0131n ne \u015fekilde \u00e7\u00f6z\u00fclmesi gerekti\u011fi konusunda yol g\u00f6sterdi\u011fini, &#8216;hakaret&#8217; gerek\u00e7esiyle sitelerin kapat\u0131lmamas\u0131 gerekti\u011fini a\u00e7\u0131klad\u0131.<\/p>\n<p>Mal\u011fa\u00e7&#8217;a kar\u015f\u0131 ele\u015ftiri ve yoruma yasak<\/p>\n<p>Sitede 25 Mart 2010&#8217;da yay\u0131nalanan &#8216;Mal\u011fa\u00e7 sus pus&#8217; ba\u015fl\u0131kl\u0131 haberde, Ge\u00e7ti\u011fimiz hafta Vali yard\u0131mc\u0131s\u0131 Y\u0131ld\u0131ray Mal\u011fa\u00e7 tyaraf\u0131ndan yap\u0131lan a\u00e7\u0131klamada harcanan ge\u00e7ti\u011fimiz y\u0131l \u00f6denen 1,5 trilyonun de\u011fi\u015fik kaynaklarca kar\u015f\u0131land\u0131\u011f\u0131 a\u00e7\u0131klamas\u0131 kamuoyunda \u015fa\u015fk\u0131nl\u0131k yaratt\u0131&#8217; ifadesi ve bu habere site yetkililerinden Metin \u00c7\u0131nar&#8217;\u0131n &#8216;Y\u0131ld\u0131ray Beyin \u00e7\u0131kmaz\u0131, bu harcamalar\u0131n sak\u0131n Sosyal Yard\u0131mla\u015fma Vakf\u0131 taraf\u0131ndan kar\u015f\u0131lanm\u0131\u015f olmas\u0131n?&#8217; \u015feklindeki yorumu, 9 \u015eubat 2010&#8217;deki habere yay\u0131mlanan, &#8216;&#8230;Mal\u011fa\u00e7 ay\u0131p, say\u0131n Y\u0131ld\u0131ray bey elini iyice alt\u0131na att\u0131, yak\u0131nda patlar, say\u0131n valimizden rica ediyoruz. Baz\u0131 ihalelerin alt\u0131na att\u0131\u011f\u0131 imzalar\u0131 kontrol edin, hep yanda\u015flar\u0131na veriyor&#8217; \u015feklinde yorum kapatmaya gerek\u00e7e g\u00f6sterildi.<\/p>\n<p>Ayr\u0131ca, Ali K\u0131ran isimli yorumcunun 23 May\u0131s 2010 tarihinde g\u00f6nderdi\u011fi &#8216;Herkesle u\u011fra\u015ft\u0131, \u00e7ayc\u0131yla u\u011fra\u015ft\u0131, m\u00fcd\u00fcrle u\u011fra\u015ft\u0131, valiyle u\u011fra\u015ft\u0131, bas\u0131nla u\u011fra\u015ft\u0131. ali k\u0131ran ba\u015fkesen gibiydi neyse gidiyor urfada ho\u015f seda ile an\u0131lmak dururken b\u00f6yle raats\u0131zl\u0131k vermek herkesin harc\u0131 de\u011fil bu sitede yaz\u0131lanlar \u00e7ok normal de\u011fil kedininde kuyru\u011funa basarsan onlarda b\u00f6yle yapar&#8217; \u015feklindeki yorum da buna dayanak olu\u015fturdu.<\/p>\n<p>24 May\u0131s 2010 tarihinde yap\u0131lan yorumda, &#8216;Say\u0131n Valim sizin bu sitedeki halinizi ibretle iziyorum sen herkese yukar\u0131dan bakt\u0131n bak \u015fimdi giderayak herkes seni konu\u015fuyor ne olurdu halk adam\u0131 olsayd\u0131n tamam vali oldun sonu\u00e7ta insans\u0131n mezar\u0131m\u0131zda ayn\u0131 olacak \u00f6b\u00fcr d\u00fcnyam\u0131zda sana gidece\u011fin yerde ba\u015far\u0131lar diliyorum. \u0130n\u015fallah gitti\u011fin yerde insanlara tepeden bakmazs\u0131n, insanlar senin k\u00f6len de\u011fil&#8217; deniyordu.<\/p>\n<p>23 May\u0131s&#8217;ta da, &#8216;Y\u0131ld\u0131ray Efendi Yeter!!! ba\u015fl\u0131\u011f\u0131 ile yaz\u0131lan yorumda Bu y\u0131ld\u0131ray varya urfay\u0131 bitirdi valili\u011fin anas\u0131n\u0131 a\u011flatt\u0131&#8217; diye yaz\u0131lm\u0131\u015ft\u0131.  (E\u00d6)<\/p>\n","protected":false},"excerpt":{"rendered":"<p>Bianet: Vali Yard\u0131mc\u0131s\u0131 sanliurfa.com Sitesini Eri\u015fime Kapatt\u0131rd\u0131 \u015eanl\u0131urfa 1. Asliye Hukuk Mahkemesi, Vali yard\u0131mc\u0131s\u0131 Y\u0131ld\u0131ray Mal\u011fa\u00e7 ile ilgili ele\u015ftirel haber ve yorumlar nedeniyle Sanliurfa.com \u0130nternet sitesi ile ilgili ihtiyati tedbir karar\u0131 ald\u0131. Do\u00e7. Dr. Akdeniz, &#8216;Bu tamamen hukuka ayk\u0131r\u0131&#8217; dedi. Erol \u00d6NDERO\u011eLU, hukuk@bianet.org \u015fanl\u0131\u0131urfa &#8211; B\u0130A Haber Merkezi 14 Temmuz 2010, \u00c7ar\u015famba Sanliurfa.com \u0130nternet sitesi, \u015eanl\u0131urfa Vali yard\u0131mc\u0131s\u0131 Y\u0131ld\u0131ray Mal\u011fa\u00e7&#8230;<\/p>\n","protected":false},"author":1,"featured_media":0,"comment_status":"open","ping_status":"closed","sticky":false,"template":"","format":"standard","meta":{"jetpack_post_was_ever_published":false,"_jetpack_newsletter_access":"","_jetpack_dont_email_post_to_subs":false,"_jetpack_newsletter_tier_id":0,"_jetpack_memberships_contains_paywalled_content":false,"_jetpack_memberships_contains_paid_content":false,"footnotes":"","jetpack_publicize_message":"","jetpack_publicize_feature_enabled":true,"jetpack_social_post_already_shared":false,"jetpack_social_options":{"image_generator_settings":{"template":"highway","default_image_id":0,"font":"","enabled":false},"version":2}},"categories":[22,5,21,28,3,67,78],"tags":[],"class_list":["post-1141","post","type-post","status-publish","format-standard","hentry","category-5651-nolu-kanun","category-dusunce-ozgurlugu","category-erisim-engelleme","category-hakaret","category-sansur","category-turkiye","category-yaman-akdeniz"],"jetpack_publicize_connections":[],"jetpack_featured_media_url":"","jetpack_sharing_enabled":true,"jetpack_shortlink":"https:\/\/wp.me\/p7wjA8-ip","jetpack-related-posts":[],"_links":{"self":[{"href":"https:\/\/privacy.cyber-rights.org.tr\/index.php?rest_route=\/wp\/v2\/posts\/1141","targetHints":{"allow":["GET"]}}],"collection":[{"href":"https:\/\/privacy.cyber-rights.org.tr\/index.php?rest_route=\/wp\/v2\/posts"}],"about":[{"href":"https:\/\/privacy.cyber-rights.org.tr\/index.php?rest_route=\/wp\/v2\/types\/post"}],"author":[{"embeddable":true,"href":"https:\/\/privacy.cyber-rights.org.tr\/index.php?rest_route=\/wp\/v2\/users\/1"}],"replies":[{"embeddable":true,"href":"https:\/\/privacy.cyber-rights.org.tr\/index.php?rest_route=%2Fwp%2Fv2%2Fcomments&post=1141"}],"version-history":[{"count":1,"href":"https:\/\/privacy.cyber-rights.org.tr\/index.php?rest_route=\/wp\/v2\/posts\/1141\/revisions"}],"predecessor-version":[{"id":1142,"href":"https:\/\/privacy.cyber-rights.org.tr\/index.php?rest_route=\/wp\/v2\/posts\/1141\/revisions\/1142"}],"wp:attachment":[{"href":"https:\/\/privacy.cyber-rights.org.tr\/index.php?rest_route=%2Fwp%2Fv2%2Fmedia&parent=1141"}],"wp:term":[{"taxonomy":"category","embeddable":true,"href":"https:\/\/privacy.cyber-rights.org.tr\/index.php?rest_route=%2Fwp%2Fv2%2Fcategories&post=1141"},{"taxonomy":"post_tag","embeddable":true,"href":"https:\/\/privacy.cyber-rights.org.tr\/index.php?rest_route=%2Fwp%2Fv2%2Ftags&post=1141"}],"curies":[{"name":"wp","href":"https:\/\/api.w.org\/{rel}","templated":true}]}}