{"id":1147,"date":"2010-07-16T23:06:28","date_gmt":"2010-07-16T20:06:28","guid":{"rendered":"http:\/\/privacy.cyber-rights.org.tr\/?p=1147"},"modified":"2010-07-16T23:09:57","modified_gmt":"2010-07-16T20:09:57","slug":"internet-sansurune-protesto-yuruyusu-17-temmuz-2010","status":"publish","type":"post","link":"https:\/\/privacy.cyber-rights.org.tr\/?p=1147","title":{"rendered":"Internet Sans\u00fcr\u00fcne Protesto Y\u00fcr\u00fcy\u00fc\u015f\u00fc: 17 Temmuz 2010"},"content":{"rendered":"<p>17 Temmuz 2010 Cumartesi saat: 17.00&#8217;de Taksim Meydan\u0131&#8217;nda bulu\u015fup \u0130stiklal Caddesi \u00dczerinden Galatasaray Meydan\u0131&#8217;na kadar y\u00fcr\u00fcyece\u011fiz! Sans\u00fcrs\u00fcz internet isteyece\u011fiz.<\/p>\n<p>Sans\u00fcre Kar\u015f\u0131 Ortak Platform &#8211; <a href=\"http:\/\/www.sansursuzinternet.org.tr\/\">http:\/\/www.sansursuzinternet.org.tr\/<\/a><\/p>\n<p>&#8220;Bizler, internet kullan\u0131c\u0131lar\u0131 olarak; Bilgi \u00c7a\u011f\u0131na uymayan hukuk kurallar\u0131n\u0131 kabul etmiyoruz. Devlet kurumlar\u0131 taraf\u0131ndan son zamanlarda izlenen Internet politikas\u0131n\u0131n aleni sans\u00fcr oldu\u011funu biliyoruz. 5651 say\u0131l\u0131 kanun ile bask\u0131layamad\u0131klar\u0131 internet kullan\u0131m\u0131n\u0131 hukuk d\u0131\u015f\u0131 keyfi uygulamalarla kontrol etmeye \u00e7al\u0131\u015fan zihniyeti art\u0131k dinlemek istemiyoruz!<\/p>\n<p>Bizler, 6.000\u2019den fazla web sitesi eri\u015fime engellenmi\u015fken, ve bu say\u0131 g\u00fcnden g\u00fcne artarken art\u0131k susmayaca\u011f\u0131z. Temel hak ve \u00f6zg\u00fcrl\u00fcklerimize m\u00fcdahale niteli\u011findeki uygulamalar kar\u015f\u0131s\u0131nda sessiz kalmayaca\u011f\u0131z.<\/p>\n<p>Bizler, vatanda\u015flar\u0131n ifade \u00f6zg\u00fcrl\u00fc\u011f\u00fc ve bilgi edinme hakk\u0131 engellenemez mantras\u0131yla internette biraraya geldik ve \u00e7\u00f6z\u00fcm\u00fc sokakta ar\u0131yoruz. Ula\u015ft\u0131rma Bakan\u0131\u2019n\u0131n, BTK, ve T\u0130B\u2019in ge\u00e7ti\u011fimiz ay i\u00e7inde keyfi sans\u00fcr uygulamalar\u0131 ile kamuoyunu yanl\u0131\u015f bilgilendirmesini ve T\u00fcrk Internet Sans\u00fcr Sistemi\u2019nin altyap\u0131s\u0131n\u0131 olu\u015fturan 5651 Say\u0131l\u0131 Kanunu protesto etmek, vatanda\u015flara hukuka ayk\u0131r\u0131 uygulamalar\u0131 anlatmak ve ger\u00e7eklerle bulu\u015fmak i\u00e7in 17 Temmuz g\u00fcn\u00fc saat 17.00\u2019da Taksim Meydan\u0131\u2019ndan Galatasaray Meydan\u0131\u2019na y\u00fcr\u00fcyoruz. Biz y\u00fcr\u00fcrken, minik kelebekler bizimle beraber u\u00e7acak.&#8221;<\/p>\n<p><strong>SANS\u00dcRS\u00dcZ \u0130NTERNET \u0130ST\u0130YORUZ!<\/strong><\/p>\n<div style=\"text-align:center;\"><img data-recalc-dims=\"1\" loading=\"lazy\" decoding=\"async\" src=\"https:\/\/i0.wp.com\/cyberlaw.org.uk\/wp-content\/uploads\/2010\/07\/sansursuz03.jpg?resize=450%2C675\" alt=\"sansursuz03.jpg\" border=\"0\" width=\"450\" height=\"675\" \/><\/div>\n","protected":false},"excerpt":{"rendered":"<p>17 Temmuz 2010 Cumartesi saat: 17.00&#8217;de Taksim Meydan\u0131&#8217;nda bulu\u015fup \u0130stiklal Caddesi \u00dczerinden Galatasaray Meydan\u0131&#8217;na kadar y\u00fcr\u00fcyece\u011fiz! Sans\u00fcrs\u00fcz internet isteyece\u011fiz. Sans\u00fcre Kar\u015f\u0131 Ortak Platform &#8211; http:\/\/www.sansursuzinternet.org.tr\/ &#8220;Bizler, internet kullan\u0131c\u0131lar\u0131 olarak; Bilgi \u00c7a\u011f\u0131na uymayan hukuk kurallar\u0131n\u0131 kabul etmiyoruz. Devlet kurumlar\u0131 taraf\u0131ndan son zamanlarda izlenen Internet politikas\u0131n\u0131n aleni sans\u00fcr oldu\u011funu biliyoruz. 5651 say\u0131l\u0131 kanun ile bask\u0131layamad\u0131klar\u0131 internet kullan\u0131m\u0131n\u0131 hukuk d\u0131\u015f\u0131 keyfi uygulamalarla kontrol&#8230;<\/p>\n","protected":false},"author":1,"featured_media":0,"comment_status":"open","ping_status":"closed","sticky":false,"template":"","format":"standard","meta":{"jetpack_post_was_ever_published":false,"_jetpack_newsletter_access":"","_jetpack_dont_email_post_to_subs":false,"_jetpack_newsletter_tier_id":0,"_jetpack_memberships_contains_paywalled_content":false,"_jetpack_memberships_contains_paid_content":false,"footnotes":"","jetpack_publicize_message":"","jetpack_publicize_feature_enabled":true,"jetpack_social_post_already_shared":false,"jetpack_social_options":{"image_generator_settings":{"template":"highway","default_image_id":0,"font":"","enabled":false},"version":2}},"categories":[22,5,21,150,3,151,17,67,78,4],"tags":[],"class_list":["post-1147","post","type-post","status-publish","format-standard","hentry","category-5651-nolu-kanun","category-dusunce-ozgurlugu","category-erisim-engelleme","category-protesto","category-sansur","category-sansursuz-internet","category-tib","category-turkiye","category-yaman-akdeniz","category-youtube"],"jetpack_publicize_connections":[],"jetpack_featured_media_url":"","jetpack_sharing_enabled":true,"jetpack_shortlink":"https:\/\/wp.me\/p7wjA8-iv","jetpack-related-posts":[],"_links":{"self":[{"href":"https:\/\/privacy.cyber-rights.org.tr\/index.php?rest_route=\/wp\/v2\/posts\/1147","targetHints":{"allow":["GET"]}}],"collection":[{"href":"https:\/\/privacy.cyber-rights.org.tr\/index.php?rest_route=\/wp\/v2\/posts"}],"about":[{"href":"https:\/\/privacy.cyber-rights.org.tr\/index.php?rest_route=\/wp\/v2\/types\/post"}],"author":[{"embeddable":true,"href":"https:\/\/privacy.cyber-rights.org.tr\/index.php?rest_route=\/wp\/v2\/users\/1"}],"replies":[{"embeddable":true,"href":"https:\/\/privacy.cyber-rights.org.tr\/index.php?rest_route=%2Fwp%2Fv2%2Fcomments&post=1147"}],"version-history":[{"count":7,"href":"https:\/\/privacy.cyber-rights.org.tr\/index.php?rest_route=\/wp\/v2\/posts\/1147\/revisions"}],"predecessor-version":[{"id":1154,"href":"https:\/\/privacy.cyber-rights.org.tr\/index.php?rest_route=\/wp\/v2\/posts\/1147\/revisions\/1154"}],"wp:attachment":[{"href":"https:\/\/privacy.cyber-rights.org.tr\/index.php?rest_route=%2Fwp%2Fv2%2Fmedia&parent=1147"}],"wp:term":[{"taxonomy":"category","embeddable":true,"href":"https:\/\/privacy.cyber-rights.org.tr\/index.php?rest_route=%2Fwp%2Fv2%2Fcategories&post=1147"},{"taxonomy":"post_tag","embeddable":true,"href":"https:\/\/privacy.cyber-rights.org.tr\/index.php?rest_route=%2Fwp%2Fv2%2Ftags&post=1147"}],"curies":[{"name":"wp","href":"https:\/\/api.w.org\/{rel}","templated":true}]}}