{"id":1175,"date":"2010-07-21T12:52:16","date_gmt":"2010-07-21T09:52:16","guid":{"rendered":"http:\/\/privacy.cyber-rights.org.tr\/?p=1175"},"modified":"2010-07-21T12:53:19","modified_gmt":"2010-07-21T09:53:19","slug":"cnet-turkiye-sansure-karsi-ilk-kursun","status":"publish","type":"post","link":"https:\/\/privacy.cyber-rights.org.tr\/?p=1175","title":{"rendered":"CNet T\u00fcrkiye: Sans\u00fcre kar\u015f\u0131 ilk kur\u015fun"},"content":{"rendered":"<p><a href=\"http:\/\/cnetturkiye.com\/editor-yorumlari\/4587-sansure-karsi-ilk-kursun\">Sans\u00fcre kar\u015f\u0131 ilk kur\u015fun<\/a><\/p>\n<p>Yazan:Hakan Kilyusufo\u011flu Sal\u0131, 20 Temmuz 2010 13:57<\/p>\n<p>\u0130nternet sans\u00fcr\u00fcne kar\u015f\u0131 ilk fiziksel eylem \u0130stanbul Taksim Meydan\u0131&#8217;nda ger\u00e7ekle\u015ftirildi. <\/p>\n<p>Youtube yasa\u011f\u0131 ile \u00f6zde\u015fle\u015fen sans\u00fcr uygulamalar\u0131na kar\u015f\u0131 \u015fimdiye kadar pek \u00e7ok sanal eylem d\u00fczenlendi. Ge\u00e7ti\u011fimiz cumartesi g\u00fcn\u00fc ise bamba\u015fka bir olay oldu ve g\u00fcn\u00fcn \u00e7o\u011funu bilgisayar ba\u015f\u0131nda ge\u00e7iren pek \u00e7ok ki\u015fi klavye ba\u015f\u0131ndan kalkarak Taksim meydan\u0131na indi!<\/p>\n<p>Meydandan Galatasaray Lisesi&#8217;ne kadar ellerinde pankartlarla y\u00fcr\u00fcyen yakla\u015f\u0131k 1000 ki\u015filik grup olduk\u00e7a renkli bir \u015fekilde seslerini y\u00fckseltti. Yap\u0131lan bas\u0131n a\u00e7\u0131klamas\u0131 ile 6 binden fazla sitenin \u015fu an \u00e7e\u015fitli sebeplere eri\u015fime kapat\u0131lm\u0131\u015f olmas\u0131n\u0131n alt\u0131 \u00e7izilerek vatanda\u015flar\u0131n ifade \u00f6zg\u00fcrl\u00fc\u011f\u00fc ve bilgi edinme hakk\u0131n\u0131n engellenemeyece\u011fine vurgu yap\u0131ld\u0131.<\/p>\n<p>Radikal Gazetesi yazarlar\u0131ndan Serdar Kuzulo\u011flu&#8217;nun \u00f6nemli katk\u0131lar\u0131yla ger\u00e7ekle\u015ftirilen bu eylem, hayat\u0131nda daha \u00f6nce hi\u00e7bir protesto y\u00fcr\u00fcy\u00fc\u015f\u00fcne kat\u0131lmam\u0131\u015f olmas\u0131 pek muhtemel y\u00fczlerce ki\u015finin ilk kur\u015funu beraber s\u0131kmas\u0131 a\u00e7\u0131s\u0131ndan ayr\u0131 bir \u00f6nem ta\u015f\u0131yor.<\/p>\n<div style=\"text-align:center;\"><img data-recalc-dims=\"1\" loading=\"lazy\" decoding=\"async\" src=\"https:\/\/i0.wp.com\/cyberlaw.org.uk\/wp-content\/uploads\/2010\/07\/34571_417356713515_705278515_4468180_4637070_n.jpg?resize=500%2C350\" alt=\"34571_417356713515_705278515_4468180_4637070_n.jpg\" border=\"0\" width=\"500\" height=\"350\" \/><\/div>\n<p>Sanal alemde \u00e7ok say\u0131da eylemle protesto edilen, hukuki ortamda da Do\u00e7. Dr. Yaman Akdeniz gibi akademisyenlerimizin \u00f6nc\u00fcl\u00fc\u011f\u00fcnde m\u00fccadele edilen internet sans\u00fcrleri i\u00e7in sanal alemden fiziksel aleme do\u011fru ya\u015fad\u0131\u011f\u0131m\u0131z bu eksen kaymas\u0131na galiba ihtiyac\u0131m\u0131z vard\u0131. Sosyal a\u011flarda birbirlerini takma isimleriyle ve profil foto\u011fraflar\u0131yla tan\u0131yan insanlar belki de ilk defa birbirlerinin g\u00f6z\u00fcnde sanall\u0131ktan \u00e7\u0131karak ger\u00e7ekli\u011fe b\u00fcr\u00fcnd\u00fcler.<\/p>\n<p>&#8216;T\u00fcrkiye&#8217;yi Youtube mu y\u00f6netiyor&#8217; ve benzeri sert a\u00e7\u0131klamalarla s\u00fcrekli sans\u00fcr\u00fc savunan Ula\u015ft\u0131rma Bakan\u0131 Binali Y\u0131ld\u0131r\u0131m&#8217;a g\u00f6re yap\u0131lan uygulaman\u0131n yanl\u0131\u015f oldu\u011funu s\u00f6yleyen biz bili\u015fim yazarlar\u0131 da Google&#8217;\u0131n sponsorlar\u0131y\u0131z. Vatan haini olmam\u0131za da ramak kald\u0131&#8230;<\/p>\n<p>Art\u0131k \u00e7ok iyi biliniyor ki yasa\u011f\u0131n ger\u00e7ek sebebi vergi meselesi. Nitekim &#8216;Vergilerini \u00f6desinler, istedikleri yay\u0131n\u0131 yaps\u0131nlar&#8217; a\u00e7\u0131klamas\u0131n\u0131n da sahibi olan Binali Y\u0131ld\u0131r\u0131m, milyonlarca internet kullan\u0131c\u0131s\u0131n\u0131n ma\u011fdur edilmesini de \u00e7ok fazla \u00f6nemsemiyor. Hatta vatanda\u015flar\u0131n bu yasaklamay\u0131 destekledi\u011fini s\u00f6ylemekte bir sak\u0131nca g\u00f6rm\u00fcyor.<\/p>\n<p>Youtube sans\u00fcr\u00fcnden kafam\u0131z\u0131 kald\u0131rd\u0131\u011f\u0131m\u0131zda bir iddiaya g\u00f6re 6000 bir di\u011ferine g\u00f6re 8000 internet sitesinin eri\u015fime kapal\u0131 oldu\u011fu ger\u00e7e\u011fini g\u00f6r\u00fcyoruz. Tam rakam\u0131 bilmiyoruz \u00e7\u00fcnk\u00fc ilgili devlet kurumlar\u0131 a\u00e7\u0131klama yapm\u0131yor. Bu noktada gittik\u00e7e keyfiyete d\u00f6nen ve T\u00fcrkiye&#8217;yi d\u00fcnyaya kapatan bir karanl\u0131\u011f\u0131n i\u00e7ine s\u00fcr\u00fcklenmek endi\u015fesiyle sesimizi y\u00fckseltiyoruz. &#8216;Yava\u015f yava\u015f uygulamaya sokulan gizli bir plan m\u0131 var?&#8217; d\u00fc\u015f\u00fcncesi kafalarda yer etmeye ba\u015fl\u0131yor&#8230;  <\/p>\n<p>Ula\u015ft\u0131rma Bakanl\u0131\u011f\u0131 ile arka bah\u00e7esi olan Bilgi Teknolojileri ve \u0130leti\u015fim Kurumu&#8217;nun en yetkili makamlar\u0131nda oturanlar bizim vatan sevgimizi sorgulamaya devam etsinler, biz de bildiklerimizi herkese anlatmaya devam edelim&#8230;   <\/p>\n<p>Uluslararas\u0131 bir kurumun \u00fclkemizde vergi ka\u00e7\u0131rd\u0131\u011f\u0131n\u0131 iddia ediyorsan\u0131z yap\u0131lmas\u0131 gereken \u015fey uluslararas\u0131 ticaret mahkemelerine ba\u015fvurmak ve devletleraras\u0131 ilgili kurumlar\u0131 ileti\u015fime ge\u00e7irmek de\u011fil midir? Hukuk ve diyalog yerine inatla\u015fma ve sans\u00fcr ile geldi\u011fimiz nokta ortada&#8230;<\/p>\n<p>\u00c7ocuk pornografisi, uyu\u015fturucu kullan\u0131m\u0131 \u00f6zendirme, ter\u00f6r \u00f6rg\u00fctlerinin propagandas\u0131 gibi konular\u0131 i\u015fleyen sitelerin yasaklanmas\u0131 hatta dijital iz takibi ile sorumlular\u0131n\u0131n bulunmas\u0131 konusunda kimsenin itiraz\u0131 yok. &#8216;Google d\u00fcnya devi uluslararas\u0131 bir \u015firkettir, vergi isteyemezsiniz&#8217; diyen de yok! Biz soruna kavgac\u0131 de\u011fil yap\u0131c\u0131 yakla\u015fan, d\u00fc\u011f\u00fcmlemeye de\u011fil \u00e7\u00f6zmeye \u00e7al\u0131\u015fan ve t\u00fcm bunlar\u0131 hukuki a\u00e7\u0131klar\u0131 silah olarak kullanmadan yapan y\u00f6neticiler g\u00f6rmek istiyoruz.<\/p>\n<p>G\u00f6sterilen tepkilerin soka\u011fa d\u00f6k\u00fclmesi asl\u0131nda sorunun \u00e7\u00f6z\u00fclmek istenmedi\u011fi, sans\u00fcrlerin geni\u015fleyerek devam edece\u011fi y\u00f6\u00fcn\u00fcndeki kayg\u0131lar\u0131n artmas\u0131n\u0131n bir yans\u0131mas\u0131 olarak g\u00f6r\u00fclmeli ve o \u015fekilde alg\u0131lanmal\u0131d\u0131r. <\/p>\n<p>Sans\u00fcrs\u00fcz internete kavu\u015fmak dile\u011fiyle&#8230;<\/p>\n","protected":false},"excerpt":{"rendered":"<p>Sans\u00fcre kar\u015f\u0131 ilk kur\u015fun Yazan:Hakan Kilyusufo\u011flu Sal\u0131, 20 Temmuz 2010 13:57 \u0130nternet sans\u00fcr\u00fcne kar\u015f\u0131 ilk fiziksel eylem \u0130stanbul Taksim Meydan\u0131&#8217;nda ger\u00e7ekle\u015ftirildi. Youtube yasa\u011f\u0131 ile \u00f6zde\u015fle\u015fen sans\u00fcr uygulamalar\u0131na kar\u015f\u0131 \u015fimdiye kadar pek \u00e7ok sanal eylem d\u00fczenlendi. Ge\u00e7ti\u011fimiz cumartesi g\u00fcn\u00fc ise bamba\u015fka bir olay oldu ve g\u00fcn\u00fcn \u00e7o\u011funu bilgisayar ba\u015f\u0131nda ge\u00e7iren pek \u00e7ok ki\u015fi klavye ba\u015f\u0131ndan kalkarak Taksim meydan\u0131na indi! Meydandan Galatasaray&#8230;<\/p>\n","protected":false},"author":1,"featured_media":0,"comment_status":"open","ping_status":"closed","sticky":false,"template":"","format":"standard","meta":{"jetpack_post_was_ever_published":false,"_jetpack_newsletter_access":"","_jetpack_dont_email_post_to_subs":false,"_jetpack_newsletter_tier_id":0,"_jetpack_memberships_contains_paywalled_content":false,"_jetpack_memberships_contains_paid_content":false,"footnotes":"","jetpack_publicize_message":"","jetpack_publicize_feature_enabled":true,"jetpack_social_post_already_shared":false,"jetpack_social_options":{"image_generator_settings":{"template":"highway","default_image_id":0,"font":"","enabled":false},"version":2}},"categories":[22,5,21,150,3,151,42,67,78,4],"tags":[],"class_list":["post-1175","post","type-post","status-publish","format-standard","hentry","category-5651-nolu-kanun","category-dusunce-ozgurlugu","category-erisim-engelleme","category-protesto","category-sansur","category-sansursuz-internet","category-sivil-toplum","category-turkiye","category-yaman-akdeniz","category-youtube"],"jetpack_publicize_connections":[],"jetpack_featured_media_url":"","jetpack_sharing_enabled":true,"jetpack_shortlink":"https:\/\/wp.me\/p7wjA8-iX","jetpack-related-posts":[],"_links":{"self":[{"href":"https:\/\/privacy.cyber-rights.org.tr\/index.php?rest_route=\/wp\/v2\/posts\/1175","targetHints":{"allow":["GET"]}}],"collection":[{"href":"https:\/\/privacy.cyber-rights.org.tr\/index.php?rest_route=\/wp\/v2\/posts"}],"about":[{"href":"https:\/\/privacy.cyber-rights.org.tr\/index.php?rest_route=\/wp\/v2\/types\/post"}],"author":[{"embeddable":true,"href":"https:\/\/privacy.cyber-rights.org.tr\/index.php?rest_route=\/wp\/v2\/users\/1"}],"replies":[{"embeddable":true,"href":"https:\/\/privacy.cyber-rights.org.tr\/index.php?rest_route=%2Fwp%2Fv2%2Fcomments&post=1175"}],"version-history":[{"count":3,"href":"https:\/\/privacy.cyber-rights.org.tr\/index.php?rest_route=\/wp\/v2\/posts\/1175\/revisions"}],"predecessor-version":[{"id":1178,"href":"https:\/\/privacy.cyber-rights.org.tr\/index.php?rest_route=\/wp\/v2\/posts\/1175\/revisions\/1178"}],"wp:attachment":[{"href":"https:\/\/privacy.cyber-rights.org.tr\/index.php?rest_route=%2Fwp%2Fv2%2Fmedia&parent=1175"}],"wp:term":[{"taxonomy":"category","embeddable":true,"href":"https:\/\/privacy.cyber-rights.org.tr\/index.php?rest_route=%2Fwp%2Fv2%2Fcategories&post=1175"},{"taxonomy":"post_tag","embeddable":true,"href":"https:\/\/privacy.cyber-rights.org.tr\/index.php?rest_route=%2Fwp%2Fv2%2Ftags&post=1175"}],"curies":[{"name":"wp","href":"https:\/\/api.w.org\/{rel}","templated":true}]}}