{"id":1179,"date":"2010-07-21T13:01:12","date_gmt":"2010-07-21T10:01:12","guid":{"rendered":"http:\/\/privacy.cyber-rights.org.tr\/?p=1179"},"modified":"2010-07-21T13:01:15","modified_gmt":"2010-07-21T10:01:15","slug":"bbc-turkce-turkiyede-internet-kisitlamasina-karsi-ilk-eylem","status":"publish","type":"post","link":"https:\/\/privacy.cyber-rights.org.tr\/?p=1179","title":{"rendered":"BBC T\u00fcrk\u00e7e: T\u00fcrkiye&#8217;de internet k\u0131s\u0131tlamas\u0131na kar\u015f\u0131 ilk eylem"},"content":{"rendered":"<p><a href=\"http:\/\/www.bbc.co.uk\/turkce\/multimedya\/2010\/07\/100720_aud_turkey_internet.shtml\">BBC Turkce &#8211; Multimedya &#8211; T\u00fcrkiye&#8217;de internet k\u0131s\u0131tlamas\u0131na kar\u015f\u0131 ilk eylem<\/a><\/p>\n<p>20.07.2010<\/p>\n<p>T\u00fcrkiye&#8217;de haftalard\u0131r tart\u0131\u015f\u0131lan internet k\u0131s\u0131tlamalar\u0131 hafta sonunda ilk kez, \u0130stanbul&#8217;da bir protesto eylemine hedef oldu.<\/p>\n<p>T\u00fcrkiye&#8217;deki kullan\u0131c\u0131lar Google ve Youtube&#8217;un da aralar\u0131nda oldu\u011fu binlerce siteye eri\u015fimde k\u0131s\u0131tlamalarla kar\u015f\u0131la\u015f\u0131yor.<\/p>\n<p>sans\u00fcrs\u00fczinternet.org.tr adl\u0131 bir platform alt\u0131nda bir araya gelen y\u00fczlerce g\u00f6sterici, Taksim Meydan\u0131&#8217;nda bulu\u015farak, Galatasaray Lisesi \u00f6n\u00fcne kadar y\u00fcr\u00fcd\u00fc.<\/p>\n<p>Talepleri, baz\u0131 sitelere eri\u015fimin engellemesine kar\u015f\u0131 \u00e7\u0131kmakt\u0131.<\/p>\n<p>\u0130stanbul&#8217;dan K\u00fcr\u015fat Akyol, bu g\u00f6steriyi izledi ve eyleme kat\u0131lanlarla konu\u015ftu.<\/p>\n<p>G\u00f6stericiler \u00f6zellikle eri\u015fim engellemelerine gerek\u00e7e g\u00f6sterilen 5651 say\u0131l\u0131 yasan\u0131n kald\u0131r\u0131lmas\u0131n\u0131 istiyor.<\/p>\n<p>Eylemciler bu gibi g\u00f6sterileri Ankara ve \u0130zmir&#8217;de de d\u00fczenlemeyi planl\u0131yor.<\/p>\n<p>sans\u00fcrs\u00fczinternet.org.tr platformu eylemlerine \u00f6zellikle Eyl\u00fcl&#8217;den sonra h\u0131z vermeyi \u00f6ng\u00f6r\u00fcyor.<\/p>\n","protected":false},"excerpt":{"rendered":"<p>BBC Turkce &#8211; Multimedya &#8211; T\u00fcrkiye&#8217;de internet k\u0131s\u0131tlamas\u0131na kar\u015f\u0131 ilk eylem 20.07.2010 T\u00fcrkiye&#8217;de haftalard\u0131r tart\u0131\u015f\u0131lan internet k\u0131s\u0131tlamalar\u0131 hafta sonunda ilk kez, \u0130stanbul&#8217;da bir protesto eylemine hedef oldu. T\u00fcrkiye&#8217;deki kullan\u0131c\u0131lar Google ve Youtube&#8217;un da aralar\u0131nda oldu\u011fu binlerce siteye eri\u015fimde k\u0131s\u0131tlamalarla kar\u015f\u0131la\u015f\u0131yor. sans\u00fcrs\u00fczinternet.org.tr adl\u0131 bir platform alt\u0131nda bir araya gelen y\u00fczlerce g\u00f6sterici, Taksim Meydan\u0131&#8217;nda bulu\u015farak, Galatasaray Lisesi \u00f6n\u00fcne kadar y\u00fcr\u00fcd\u00fc. Talepleri, baz\u0131&#8230;<\/p>\n","protected":false},"author":1,"featured_media":0,"comment_status":"open","ping_status":"closed","sticky":false,"template":"","format":"standard","meta":{"jetpack_post_was_ever_published":false,"_jetpack_newsletter_access":"","_jetpack_dont_email_post_to_subs":false,"_jetpack_newsletter_tier_id":0,"_jetpack_memberships_contains_paywalled_content":false,"_jetpack_memberships_contains_paid_content":false,"footnotes":"","jetpack_publicize_message":"","jetpack_publicize_feature_enabled":true,"jetpack_social_post_already_shared":false,"jetpack_social_options":{"image_generator_settings":{"template":"highway","default_image_id":0,"font":"","enabled":false},"version":2}},"categories":[22,21,150,67,78,4],"tags":[],"class_list":["post-1179","post","type-post","status-publish","format-standard","hentry","category-5651-nolu-kanun","category-erisim-engelleme","category-protesto","category-turkiye","category-yaman-akdeniz","category-youtube"],"jetpack_publicize_connections":[],"jetpack_featured_media_url":"","jetpack_sharing_enabled":true,"jetpack_shortlink":"https:\/\/wp.me\/p7wjA8-j1","jetpack-related-posts":[],"_links":{"self":[{"href":"https:\/\/privacy.cyber-rights.org.tr\/index.php?rest_route=\/wp\/v2\/posts\/1179","targetHints":{"allow":["GET"]}}],"collection":[{"href":"https:\/\/privacy.cyber-rights.org.tr\/index.php?rest_route=\/wp\/v2\/posts"}],"about":[{"href":"https:\/\/privacy.cyber-rights.org.tr\/index.php?rest_route=\/wp\/v2\/types\/post"}],"author":[{"embeddable":true,"href":"https:\/\/privacy.cyber-rights.org.tr\/index.php?rest_route=\/wp\/v2\/users\/1"}],"replies":[{"embeddable":true,"href":"https:\/\/privacy.cyber-rights.org.tr\/index.php?rest_route=%2Fwp%2Fv2%2Fcomments&post=1179"}],"version-history":[{"count":1,"href":"https:\/\/privacy.cyber-rights.org.tr\/index.php?rest_route=\/wp\/v2\/posts\/1179\/revisions"}],"predecessor-version":[{"id":1180,"href":"https:\/\/privacy.cyber-rights.org.tr\/index.php?rest_route=\/wp\/v2\/posts\/1179\/revisions\/1180"}],"wp:attachment":[{"href":"https:\/\/privacy.cyber-rights.org.tr\/index.php?rest_route=%2Fwp%2Fv2%2Fmedia&parent=1179"}],"wp:term":[{"taxonomy":"category","embeddable":true,"href":"https:\/\/privacy.cyber-rights.org.tr\/index.php?rest_route=%2Fwp%2Fv2%2Fcategories&post=1179"},{"taxonomy":"post_tag","embeddable":true,"href":"https:\/\/privacy.cyber-rights.org.tr\/index.php?rest_route=%2Fwp%2Fv2%2Ftags&post=1179"}],"curies":[{"name":"wp","href":"https:\/\/api.w.org\/{rel}","templated":true}]}}