{"id":1185,"date":"2010-08-03T16:16:02","date_gmt":"2010-08-03T13:16:02","guid":{"rendered":"http:\/\/privacy.cyber-rights.org.tr\/?p=1185"},"modified":"2010-08-03T16:16:05","modified_gmt":"2010-08-03T13:16:05","slug":"bianet-fatih-altayli-eksi-sozlukte-97-metni-kaldirtti","status":"publish","type":"post","link":"https:\/\/privacy.cyber-rights.org.tr\/?p=1185","title":{"rendered":"Bianet: Fatih Altayl\u0131 Ek\u015fi S\u00f6zl\u00fck&#8217;te 97 Metni Kald\u0131rtt\u0131"},"content":{"rendered":"<p><a href=\"http:\/\/www.bianet.org\/bianet\/ifade-ozgurlugu\/123882-fatih-altayli-eksi-sozlukte-97-metni-kaldirtti\">Bianet: Fatih Altayl\u0131 Ek\u015fi S\u00f6zl\u00fck&#8217;te 97 Metni Kald\u0131rtt\u0131<\/a><\/p>\n<p>Beyo\u011flu 4. Sulh Ceza Mahkemesi, HaberT\u00fcrk gazetesi yetkilisi Fatih Altayl\u0131 ile ilgili Ek\u015fi S\u00f6zl\u00fck&#8217;te girilen 97 metne yasak getirdi. S\u00f6zl\u00fck kullan\u0131c\u0131lar\u0131 karara tepkili&#8230;<br \/>\n\u0130stanbul &#8211; B\u0130A Haber Merkezi<br \/>\n03 A\u011fustos 2010, Sal\u0131<\/p>\n<p>Gazeteci Fatih Altayl\u0131, Ek\u015fi S\u00f6zl\u00fck&#8217;te kendi ad\u0131 alt\u0131nda kaleme al\u0131nm\u0131\u015f 97 yaz\u0131ya ki\u015filik haklar\u0131n\u0131n hedef al\u0131nd\u0131\u011f\u0131 iddias\u0131yla avukat\u0131 arac\u0131l\u0131\u011f\u0131yla yasak getirilmesini istedi.<\/p>\n<p>Habert\u00fcrk gazetesi Yay\u0131n Y\u00f6netmeni Altayl\u0131, avukat\u0131 Emine Rezzan Ayd\u0131no\u011flu arac\u0131l\u0131\u011f\u0131yla Beyo\u011flu 4. Sulh Ceza Mahkemesi&#8217;nden s\u00f6z konusu i\u00e7eriklerin yay\u0131ndan kald\u0131r\u0131lmas\u0131n\u0131 talep etti.<\/p>\n<p>9 Temmuz&#8217;da mahkeme, 5651 say\u0131l\u0131 \u0130nternet Su\u00e7lar\u0131na \u0130li\u015fkin Yasa uyar\u0131nca Ek\u015fi S\u00f6zl\u00fck&#8217;teki 97 metni yay\u0131ndan kald\u0131rd\u0131. Yasak, Ek\u015fi S\u00f6zl\u00fck&#8217;te \u0130nternet kullan\u0131c\u0131lar\u0131n\u0131n tepkilerine neden oluyor. Ek\u015fi S\u00f6zl\u00fck&#8217;te yay\u0131ndan kald\u0131rma karar\u0131, 1221. yaz\u0131 giri\u015finde duyuruluyor.<br \/>\nEk\u015fi S\u00f6zl\u00fck\u00e7\u00fclerden tepkiler<\/p>\n<p>Bir Ek\u015fi S\u00f6zl\u00fck yazar\u0131, &#8216;hakk\u0131nda yazd\u0131\u011f\u0131m birka\u00e7 entry&#8217;m (girdi) mahkeme karar\u0131nca silinmi\u015f bulunmakta. o de\u011fil de, y\u00fcz ki\u015fiye sorsalar y\u00fcz\u00fc de legal derdi, hatta birinde kendi s\u00f6ylediklerini al\u0131nt\u0131 yapm\u0131\u015ft\u0131m. eh hakim gg demi\u015f, yapacak bir \u015fey yok. tarih\u00e7emde kara leke oldu&#8217; diyor.<\/p>\n<p>Di\u011feriyse, &#8216;Yine de \u00f6zg\u00fcrl\u00fc\u011f\u00fcm\u00fcz\u00fc haber kanallar\u0131nda savundu\u011fu i\u00e7in, daha \u00f6zg\u00fcr bir t\u00fcrkiye&#8217;nin hayalini kurabildi\u011fimiz i\u00e7in te\u015fekk\u00fcrler. \u0130yi ki var kendisi&#8217; s\u00f6zleriyle Altayl\u0131&#8217;ya sahip \u00e7\u0131k\u0131yor.<\/p>\n<p>Bu g\u00f6r\u00fc\u015fe bir  di\u011feri yan\u0131t veriyor: &#8216;ek\u015fici koku\u015fmu\u015flar adl\u0131 yaz\u0131s\u0131ndan sonra kendisi hakk\u0131nda ne yaz\u0131lm\u0131\u015fsa sildiren t\u00fcrkiye&#8217;nin gelmi\u015f ge\u00e7mi\u015f en iyi gazetecisi!&#8217; (E\u00d6)<\/p>\n<p><a href=\"http:\/\/www.medyaradar.com\/haber\/-47668\/fatih-altaylinin-eksi-sozluk-zaferi-altayli-siteyi-nasil-altetti-medyaradar---ozel.html\">Ek Not:<\/a><br \/>\nEk\u015fi S\u00f6zl\u00fck\u2019\u00fc bu sabah a\u00e7anlar \u015f\u00f6yle bir yaz\u0131yla kar\u015f\u0131la\u015ft\u0131:<br \/>\n&#8220;fatih altayl\u0131 ba\u015fl\u0131\u011f\u0131nda yer alan yaz\u0131lardan 97 adedi &#8220;av. emine rezzan ayd\u0131no\u011flu\u2019nun talebi ile 5651 say\u0131l\u0131 yasa gere\u011fince beyo\u011flu 4. sulh ceza mahkemesi\u2019nin 09\/07\/2010 tarih ve 2010\/64m\u00fct. karar\u0131 ile yay\u0131ndan s\u00fcrekli olarak \u00e7\u0131kart\u0131lm\u0131\u015ft\u0131r.&#8221;<\/p>\n","protected":false},"excerpt":{"rendered":"<p>Bianet: Fatih Altayl\u0131 Ek\u015fi S\u00f6zl\u00fck&#8217;te 97 Metni Kald\u0131rtt\u0131 Beyo\u011flu 4. Sulh Ceza Mahkemesi, HaberT\u00fcrk gazetesi yetkilisi Fatih Altayl\u0131 ile ilgili Ek\u015fi S\u00f6zl\u00fck&#8217;te girilen 97 metne yasak getirdi. S\u00f6zl\u00fck kullan\u0131c\u0131lar\u0131 karara tepkili&#8230; \u0130stanbul &#8211; B\u0130A Haber Merkezi 03 A\u011fustos 2010, Sal\u0131 Gazeteci Fatih Altayl\u0131, Ek\u015fi S\u00f6zl\u00fck&#8217;te kendi ad\u0131 alt\u0131nda kaleme al\u0131nm\u0131\u015f 97 yaz\u0131ya ki\u015filik haklar\u0131n\u0131n hedef al\u0131nd\u0131\u011f\u0131 iddias\u0131yla avukat\u0131 arac\u0131l\u0131\u011f\u0131yla yasak&#8230;<\/p>\n","protected":false},"author":1,"featured_media":0,"comment_status":"open","ping_status":"closed","sticky":false,"template":"","format":"standard","meta":{"jetpack_post_was_ever_published":false,"_jetpack_newsletter_access":"","_jetpack_dont_email_post_to_subs":false,"_jetpack_newsletter_tier_id":0,"_jetpack_memberships_contains_paywalled_content":false,"_jetpack_memberships_contains_paid_content":false,"footnotes":"","jetpack_publicize_message":"","jetpack_publicize_feature_enabled":true,"jetpack_social_post_already_shared":false,"jetpack_social_options":{"image_generator_settings":{"template":"highway","default_image_id":0,"font":"","enabled":false},"version":2}},"categories":[22,153,154],"tags":[],"class_list":["post-1185","post","type-post","status-publish","format-standard","hentry","category-5651-nolu-kanun","category-9-madde","category-eksi-sozluk"],"jetpack_publicize_connections":[],"jetpack_featured_media_url":"","jetpack_sharing_enabled":true,"jetpack_shortlink":"https:\/\/wp.me\/p7wjA8-j7","jetpack-related-posts":[],"_links":{"self":[{"href":"https:\/\/privacy.cyber-rights.org.tr\/index.php?rest_route=\/wp\/v2\/posts\/1185","targetHints":{"allow":["GET"]}}],"collection":[{"href":"https:\/\/privacy.cyber-rights.org.tr\/index.php?rest_route=\/wp\/v2\/posts"}],"about":[{"href":"https:\/\/privacy.cyber-rights.org.tr\/index.php?rest_route=\/wp\/v2\/types\/post"}],"author":[{"embeddable":true,"href":"https:\/\/privacy.cyber-rights.org.tr\/index.php?rest_route=\/wp\/v2\/users\/1"}],"replies":[{"embeddable":true,"href":"https:\/\/privacy.cyber-rights.org.tr\/index.php?rest_route=%2Fwp%2Fv2%2Fcomments&post=1185"}],"version-history":[{"count":1,"href":"https:\/\/privacy.cyber-rights.org.tr\/index.php?rest_route=\/wp\/v2\/posts\/1185\/revisions"}],"predecessor-version":[{"id":1186,"href":"https:\/\/privacy.cyber-rights.org.tr\/index.php?rest_route=\/wp\/v2\/posts\/1185\/revisions\/1186"}],"wp:attachment":[{"href":"https:\/\/privacy.cyber-rights.org.tr\/index.php?rest_route=%2Fwp%2Fv2%2Fmedia&parent=1185"}],"wp:term":[{"taxonomy":"category","embeddable":true,"href":"https:\/\/privacy.cyber-rights.org.tr\/index.php?rest_route=%2Fwp%2Fv2%2Fcategories&post=1185"},{"taxonomy":"post_tag","embeddable":true,"href":"https:\/\/privacy.cyber-rights.org.tr\/index.php?rest_route=%2Fwp%2Fv2%2Ftags&post=1185"}],"curies":[{"name":"wp","href":"https:\/\/api.w.org\/{rel}","templated":true}]}}