{"id":1199,"date":"2010-09-30T14:20:23","date_gmt":"2010-09-30T11:20:23","guid":{"rendered":"http:\/\/privacy.cyber-rights.org.tr\/?p=1199"},"modified":"2010-09-30T14:20:25","modified_gmt":"2010-09-30T11:20:25","slug":"bu-da-oldu-vimeo-com%e2%80%99a-da-erisim-yasaklandi-%c2%ab-pc-extra-online","status":"publish","type":"post","link":"https:\/\/privacy.cyber-rights.org.tr\/?p=1199","title":{"rendered":"Bu da oldu: Vimeo.com\u2019a da eri\u015fim yasakland\u0131 \u00ab PC Extra Online"},"content":{"rendered":"<p><a href=\"http:\/\/www.pcextra.com.tr\/haber\/2010\/09\/bu-da-oldu-vimeo-coma-da-erisim-yasaklandi\/\">Bu da oldu: Vimeo.com\u2019a da eri\u015fim yasakland\u0131 \u00ab PC Extra Online<\/a><\/p>\n<p>30 Eyl\u00fcl 2010 &#8211; 12:45, Haberler<\/p>\n<p>Youtube yasa\u011f\u0131 hala y\u00fcr\u00fcrl\u00fc\u011f\u00fcn\u00fc korurken bir haber de Vimeo\u2019dan geldi. Vimeo\u2019ya eri\u015fim Ankara Cumhuriyet Ba\u015fsavc\u0131l\u0131\u011f\u0131\u2019n\u0131n ald\u0131\u011f\u0131 koruma tedbiri karar\u0131 kapsam\u0131nda engellendi. Gerek\u00e7e ise CHP Trabzon milletvekili Mehmet Akif Hamza\u00e7ebi ile ilgili.<\/p>\n<p>Peki Vimeo neden engellendi ya da yasakland\u0131? Cumhurba\u015fkan\u0131m\u0131z Abdullah G\u00fcl\u2019\u00fcn bile son bir haftada iki kere ele\u015ftird\u011fi Youtube yasa\u011f\u0131n\u0131n yank\u0131lar\u0131 durulmadan, bir haber de Vimeo.com\u2019dan geldi. Bu siteye eri\u015fim Ankara Cumhuriyet Ba\u015fsavc\u0131l\u0131\u011f\u0131n\u0131n ald\u0131\u011f\u0131 koruma tedbiri karar\u0131 gere\u011fi engellendi.<\/p>\n<p>Engelleme karar\u0131na neden olaraksa Bili\u015fim Su\u00e7lar\u0131 kapsam\u0131nda hala y\u00fcr\u00fcrl\u00fckte olan yasalar\u0131m\u0131za istinaden CHP Trabzon Milletvekili Mehmet Akif Hamza\u00e7ebi\u2019ye ait oldu\u011fu iddia edilen ve \u00f6zel ya\u015fama \/ ki\u015filik haklar\u0131na sald\u0131r\u0131 niteli\u011fi ta\u015f\u0131yan baz\u0131 videolar\u0131n bu sitede yay\u0131nda olmas\u0131 g\u00f6sterildi.<\/p>\n<p>Ankara Cumhuriyet Ba\u015fsavc\u0131l\u0131\u011f\u0131 Bili\u015fim Su\u00e7lar\u0131 Savc\u0131s\u0131 Adem Can\u2019\u0131n PC Extra\u2019ya yapt\u0131\u011f\u0131 a\u00e7\u0131klamaya g\u00f6re al\u0131nan bu karar, vimeo.com sitesinde yay\u0131nlanan baz\u0131 videolar\u0131n Mehmet Akif Hamza\u00e7ebi ile ilgili yap\u0131lan ba\u015fvurular sonucunda y\u00fcr\u00fct\u00fclen soru\u015fturma kapsam\u0131nda sadece tedbir ama\u00e7l\u0131 olarak y\u00fcr\u00fcrl\u00fc\u011fe girmi\u015f.<\/p>\n<p>K\u0131sacas\u0131 Vimeo.com\u2019un tekrar a\u00e7\u0131lmas\u0131 i\u00e7in s\u00f6z konusu videolar\u0131n yay\u0131ndan kald\u0131r\u0131lmas\u0131 ve yap\u0131lan ba\u015fvurunun da geri \u00e7ekilmesi gerekiyor. Geli\u015fmeleri merakla izliyor olaca\u011f\u0131z.<\/p>\n","protected":false},"excerpt":{"rendered":"<p>Bu da oldu: Vimeo.com\u2019a da eri\u015fim yasakland\u0131 \u00ab PC Extra Online 30 Eyl\u00fcl 2010 &#8211; 12:45, Haberler Youtube yasa\u011f\u0131 hala y\u00fcr\u00fcrl\u00fc\u011f\u00fcn\u00fc korurken bir haber de Vimeo\u2019dan geldi. Vimeo\u2019ya eri\u015fim Ankara Cumhuriyet Ba\u015fsavc\u0131l\u0131\u011f\u0131\u2019n\u0131n ald\u0131\u011f\u0131 koruma tedbiri karar\u0131 kapsam\u0131nda engellendi. Gerek\u00e7e ise CHP Trabzon milletvekili Mehmet Akif Hamza\u00e7ebi ile ilgili. Peki Vimeo neden engellendi ya da yasakland\u0131? Cumhurba\u015fkan\u0131m\u0131z Abdullah G\u00fcl\u2019\u00fcn bile son&#8230;<\/p>\n","protected":false},"author":1,"featured_media":0,"comment_status":"open","ping_status":"closed","sticky":false,"template":"","format":"standard","meta":{"jetpack_post_was_ever_published":false,"_jetpack_newsletter_access":"","_jetpack_dont_email_post_to_subs":false,"_jetpack_newsletter_tier_id":0,"_jetpack_memberships_contains_paywalled_content":false,"_jetpack_memberships_contains_paid_content":false,"footnotes":"","jetpack_publicize_message":"","jetpack_publicize_feature_enabled":true,"jetpack_social_post_already_shared":false,"jetpack_social_options":{"image_generator_settings":{"template":"highway","default_image_id":0,"font":"","enabled":false},"version":2}},"categories":[22,21,3,157,17],"tags":[],"class_list":["post-1199","post","type-post","status-publish","format-standard","hentry","category-5651-nolu-kanun","category-erisim-engelleme","category-sansur","category-tedbir","category-tib"],"jetpack_publicize_connections":[],"jetpack_featured_media_url":"","jetpack_sharing_enabled":true,"jetpack_shortlink":"https:\/\/wp.me\/p7wjA8-jl","jetpack-related-posts":[],"_links":{"self":[{"href":"https:\/\/privacy.cyber-rights.org.tr\/index.php?rest_route=\/wp\/v2\/posts\/1199","targetHints":{"allow":["GET"]}}],"collection":[{"href":"https:\/\/privacy.cyber-rights.org.tr\/index.php?rest_route=\/wp\/v2\/posts"}],"about":[{"href":"https:\/\/privacy.cyber-rights.org.tr\/index.php?rest_route=\/wp\/v2\/types\/post"}],"author":[{"embeddable":true,"href":"https:\/\/privacy.cyber-rights.org.tr\/index.php?rest_route=\/wp\/v2\/users\/1"}],"replies":[{"embeddable":true,"href":"https:\/\/privacy.cyber-rights.org.tr\/index.php?rest_route=%2Fwp%2Fv2%2Fcomments&post=1199"}],"version-history":[{"count":1,"href":"https:\/\/privacy.cyber-rights.org.tr\/index.php?rest_route=\/wp\/v2\/posts\/1199\/revisions"}],"predecessor-version":[{"id":1200,"href":"https:\/\/privacy.cyber-rights.org.tr\/index.php?rest_route=\/wp\/v2\/posts\/1199\/revisions\/1200"}],"wp:attachment":[{"href":"https:\/\/privacy.cyber-rights.org.tr\/index.php?rest_route=%2Fwp%2Fv2%2Fmedia&parent=1199"}],"wp:term":[{"taxonomy":"category","embeddable":true,"href":"https:\/\/privacy.cyber-rights.org.tr\/index.php?rest_route=%2Fwp%2Fv2%2Fcategories&post=1199"},{"taxonomy":"post_tag","embeddable":true,"href":"https:\/\/privacy.cyber-rights.org.tr\/index.php?rest_route=%2Fwp%2Fv2%2Ftags&post=1199"}],"curies":[{"name":"wp","href":"https:\/\/api.w.org\/{rel}","templated":true}]}}