{"id":1201,"date":"2010-10-02T19:11:23","date_gmt":"2010-10-02T16:11:23","guid":{"rendered":"http:\/\/privacy.cyber-rights.org.tr\/?p=1201"},"modified":"2010-10-02T19:11:26","modified_gmt":"2010-10-02T16:11:26","slug":"umit-kivanc-internet-yasaklari-giderek-genisliyor-taraf-gazetesi","status":"publish","type":"post","link":"https:\/\/privacy.cyber-rights.org.tr\/?p=1201","title":{"rendered":"\u00dcmit K\u0131van\u00e7: &#8220;\u0130nternet yasaklar\u0131 giderek geni\u015fliyor&#8221; &#8211; Taraf Gazetesi"},"content":{"rendered":"<p><a href=\"http:\/\/taraf.com.tr\/umit-kivanc\/makale-internet-yasaklari-giderek-genisliyor.htm\">\u00dcmit K\u0131van\u00e7 &#8211; &#8220;\u0130nternet yasaklar\u0131 giderek geni\u015fliyor&#8221; ba\u015fl\u0131kl\u0131 yaz\u0131s\u0131 &#8211; Taraf Gazetesi<\/a><\/p>\n<p>02.10.2010<br \/>\n\u00dcmit K\u0131van\u00e7<br \/>\n\u0130nternet yasaklar\u0131 giderek geni\u015fliyor<\/p>\n<p>\u015eimdi K\u00fcrt meselesinden, referandumdan, Hanefi Avc\u0131\u2019dan, Fethullah\u00e7\u0131lardan, y\u00fckselen Anadolu sermayesinden, asker\u00ee vesayetten bahsetmeyece\u011fiz. Basit ger\u00e7eklerle ilgilenece\u011fiz. Hani T\u00fcrkiye acayip geli\u015fip g\u00fczelle\u015fiyor ve internet \u00e7a\u011f\u0131nda d\u00fcnyan\u0131n lider \u00fclkelerinden biri olmaya do\u011fru ilerliyor ya, biz de p\u0131r\u0131l p\u0131r\u0131l mavi g\u00f6ky\u00fcz\u00fc alt\u0131nda \u015f\u0131r\u0131l \u015f\u0131r\u0131l \u015felalelerin falan yerald\u0131\u011f\u0131 resmi duvardan indirip arkas\u0131ndaki \u00e7atlaklara, d\u00f6k\u00fclm\u00fc\u015f boyalara, pusuda bekleyen kan emicilere g\u00f6z atal\u0131m.<\/p>\n<p>Vimeo.com diye bir video payla\u015f\u0131m sitesi var. Youtube ve benzerlerinden farkl\u0131 olarak buraya sadece kendi eserlerinizi koyabiliyorsunuz. Teknolojisi ve sundu\u011fu hizmetler \u00e7ok iyi. Filmler aksamadan teklemeden ve internet \u00f6l\u00e7\u00fclerinde baya\u011f\u0131 y\u00fcksek kalitede izlenebiliyor. Eserlerini ba\u015fka mecralarda sunma \u015fans\u0131na sahip olamayan ya da internet \u00e2leminde ayr\u0131ca tan\u0131tmak isteyen ya da \u00f6zellikle internet i\u00e7in eser \u00fcreten onbinlerce insan vimeo\u2019ya filmlerini koyuyor. Ki\u015fisel hat\u0131ra, gezi vs. filmleri pek az. Genellikle k\u0131sa filmler, m\u00fczik videolar\u0131, klipler, belgeseller, video-art t\u00fcr\u00fc eserler, animasyonlar, ekipman, film \u00e7ekimi, kurgu konular\u0131nda teknik bilgi verme amac\u0131yla haz\u0131rlanm\u0131\u015f filmler, yani \u2018eser\u2019 s\u0131fat\u0131n\u0131 hak edecek y\u00fcz binlerce video yeral\u0131yor burada.<\/p>\n<p>T\u00fcrkiye\u2019de belgesel veya k\u0131sa film \u00fcretiyorsan\u0131z, bizim televizyon kanallar\u0131n\u0131n eserlerinizle uzaktan yak\u0131ndan ilgilenmeyece\u011fini zaten biliyorsunuz. En fazla, becerebiliyorsan\u0131z g\u00f6sterimler tertipleyebilir ya da filmlerinizi birtak\u0131m festivallere yollayabilirsiniz. Bunlardan zaten gelir elde etmiyorsunuz, ama hi\u00e7 de\u011filse birileri yapt\u0131klar\u0131n\u0131z\u0131 izliyor. Vimeo, bu konumdaki T\u00fcrkiyeli sanat\u00e7\u0131lar i\u00e7in g\u00fczel bir mecra.<\/p>\n<p>Mesel\u00e2 ben de, kendi sitem gecetreni\u2019ne filmlerim hakk\u0131nda bilgi sayfalar\u0131 koydum, filmleri de vimeo\u2019dan kiralad\u0131\u011f\u0131m yere koyuyorum, d\u00fcnyan\u0131n her taraf\u0131ndan insanlar izleyebiliyor. D\u00fcnyada ayn\u0131 \u015feyi yapan pek \u00e7ok insan var. Vimeo\u2019nun bir g\u00fczelli\u011fi de, hangi filmi ka\u00e7 ki\u015fi izlemi\u015f, nerelerden gelip izlemi\u015fler, bunlar\u0131 takip edebilmeniz.<\/p>\n<p>Asl\u0131nda b\u00fct\u00fcn bunlar\u0131 ge\u00e7mi\u015f zaman kipinde anlatmam l\u00e2z\u0131m. \u00c7\u00fcnk\u00fc per\u015fembe g\u00fcn\u00fc, oraya yeni koydu\u011fum bir film ne kadar izlenmi\u015f diye bakmak \u00fczere vimeo\u2019ya girmeye \u00e7al\u0131\u015ft\u0131\u011f\u0131mda \u015fu yaz\u0131yla kar\u015f\u0131la\u015ft\u0131m: \u2018Ankara Cumhuriyet Ba\u015fsavc\u0131l\u0131\u011f\u0131n\u0131n 28\/09\/2010 tarih ve 2010\/93921 no\u2019lu koruma tedbiri kapsam\u0131nda bu internet sitesi hakk\u0131nda verdi\u011fi karar Telekom\u00fcnikasyon \u0130leti\u015fim Ba\u015fkanl\u0131\u011f\u0131\u2019nca uygulanmaktad\u0131r.\u2019 Yani: Yasak karde\u015fim!<\/p>\n<p>Bir y\u0131l\u0131 a\u015fk\u0131n s\u00fcredir, filmlerimi oraya g\u00f6re haz\u0131rlamak, y\u00fcklemek i\u00e7in g\u00fcnlerce u\u011fra\u015ft\u0131m. Para \u00f6dedim. Yapt\u0131klar\u0131m hi\u00e7 de\u011filse orada, internet \u00e2leminde bir kar\u015f\u0131l\u0131k buluyor diye \u015fevk duyup birka\u00e7 \u015fey daha yapt\u0131m. Kendi sitemi, filmlerim vimeo \u00fczerinden izlensin diye yeniden d\u00fczenlemek i\u00e7in de epey u\u011fra\u015ft\u0131m. \u015eimdi kar\u015f\u0131mda Ankara CBS\u2019nin bilmemne karar\u0131 var.<\/p>\n<p>B\u00fcy\u00fck ihtimalle, d\u00fcnyan\u0131n d\u00f6rt bir taraf\u0131ndan onbinlerce ki\u015finin oraya koydu\u011fu videolardan birinde, hayat\u0131m\u0131z\u0131 karartmak ve ruhumuzu kurutmaktan ba\u015fka bir \u015fey yapt\u0131klar\u0131n\u0131 hi\u00e7 ama hi\u00e7 g\u00f6rmedi\u011fim, ya\u015famad\u0131\u011f\u0131m devlet g\u00f6revlilerimizin sinirine dokunan bir\u015feyler vard\u0131r. Cart, yasaklam\u0131\u015flar. Aferin.<\/p>\n<p>De\u011ferli okurlar, ben bug\u00fcne kadar bu memlekette devletten ba\u015fka t\u00fcrl\u00fc bir davran\u0131\u015f g\u00f6rmedim. Herhangi bir \u015fey \u00fcretmeye kalkan kimse de g\u00f6rmedi. Devlet ya bizzat bize hayat\u0131 zindan etti ya da bulabildi\u011fimiz her soluk alma aral\u0131\u011f\u0131n\u0131 hunharca kapatt\u0131.<\/p>\n<p>Sahiden merak ediyorum: \u2018Yasaklay\u0131n \u015furay\u0131!\u2019 diyen resm\u00ee m\u00fchimadamlar\u0131n zihnindeki d\u00fcnya ne kadard\u0131r? Ak\u0131llar\u0131 neyi ne kadar kavramaya yetiyor? B\u00f6yle bir siteye eri\u015fimi yasaklarken bir t\u00fcr ki\u015fisel tatmin mi duyuyorlar? Ve as\u0131l soru: Nas\u0131l oluyor da, bir-iki insan, kendilerine verilmi\u015f ola\u011fan ve insan\u00fcst\u00fc yetkilerle bir anda benim ve vimeo\u2019da eserlerini sergileyen T\u00fcrkiyeli ba\u015fka sanat\u00e7\u0131lar\u0131n \u00fcst\u00fcne \u00e7ullan\u0131veriyor. B\u00fct\u00fcn TC vatanda\u015flar\u0131n\u0131 da oradaki her \u015feyden yoksun b\u0131rak\u0131yor.<\/p>\n<p>Ve ba\u011fl\u0131 olarak: Acaba Tophane\u2019deki sald\u0131rganlar m\u0131 daha tehlikelidir, devlet g\u00f6revlileri mi?<\/p>\n<p>\u015e\u00fcphesiz beni duymayacakt\u0131r, ama buradan, ge\u00e7en haftaki yaz\u0131m\u0131 da hat\u0131rlatarak, cumhurba\u015fkan\u0131na seslenmek istiyorum. Kendisinin vaktini almamak i\u00e7in k\u0131sa yoldan ifade etmeye \u00e7al\u0131\u015faca\u011f\u0131m: Yurtd\u0131\u015f\u0131nda birileriyle s\u00f6yle\u015firken T\u00fcrkiye\u2019deki yasak\u00e7\u0131l\u0131ktan yak\u0131nmak, yasaklar\u0131n kalkmas\u0131 gere\u011finden s\u00f6zetmek ne kadar kolay ve ne kadar ho\u015f. Siz de yasaklara \u00e7ok \u00fcz\u00fcl\u00fcyorsunuz belli ki. Ya art\u0131k allah a\u015fk\u0131na \u015fu \u00fcz\u00fclmeyi b\u0131rak\u0131p bir hareket g\u00f6sterin. Bu t\u00fcr bir yasaklama-engelleme, hangi akla hizmet s\u00fcrd\u00fcr\u00fcl\u00fcyor? \u00dcstelik geni\u015fletilerek.<\/p>\n<p>Yap\u0131lan i\u015f, herhangi bir d\u00fckk\u00e2nda yasak yay\u0131n sat\u0131l\u0131yor diye gelip b\u00fct\u00fcn \u00e7ar\u015f\u0131y\u0131 kapatmakt\u0131r. Youtube yasa\u011f\u0131 zaten b\u00f6yle bir \u015feydi; vimeo yasa\u011f\u0131yla g\u00f6rd\u00fck ki, bu mant\u0131ktan kimse \u015f\u00fcphe duymuyor. G\u00f6r\u00fcnen \u015fudur: bir s\u00fcre sonra, T\u00fcrkiye\u2019den, hi\u00e7bir video payla\u015f\u0131m sitesine eri\u015filemeyecek. \u00c7\u00fcnk\u00fc hepsinde bizim savc\u0131lar\u0131 harekete ge\u00e7irecek \u015feyler bulunur istenirse.<\/p>\n<p>Pek yavan bir \u015fekilde ifade ettim durumu, biliyorum. Ama esas s\u00f6ylenmesi gerekenleri ve i\u00e7imden ge\u00e7enleri nas\u0131l s\u00f6yleyebilirim ki? Vimeo, benim yapt\u0131klar\u0131m\u0131 sergilemem i\u00e7in tek \u015fans\u0131md\u0131; onu elimden alan savc\u0131ya benzer yo\u011funlukta bir manev\u00ee zarar verebilmeyi elbette isterim, ama hem onun b\u00f6yle bir manev\u00ee \u00e2lemi bulunmad\u0131\u011f\u0131ndan bu m\u00fcmk\u00fcn de\u011fil hem de o isterse beni de yasaklar, kapat\u0131r, vs.<\/p>\n","protected":false},"excerpt":{"rendered":"<p>\u00dcmit K\u0131van\u00e7 &#8211; &#8220;\u0130nternet yasaklar\u0131 giderek geni\u015fliyor&#8221; ba\u015fl\u0131kl\u0131 yaz\u0131s\u0131 &#8211; Taraf Gazetesi 02.10.2010 \u00dcmit K\u0131van\u00e7 \u0130nternet yasaklar\u0131 giderek geni\u015fliyor \u015eimdi K\u00fcrt meselesinden, referandumdan, Hanefi Avc\u0131\u2019dan, Fethullah\u00e7\u0131lardan, y\u00fckselen Anadolu sermayesinden, asker\u00ee vesayetten bahsetmeyece\u011fiz. Basit ger\u00e7eklerle ilgilenece\u011fiz. Hani T\u00fcrkiye acayip geli\u015fip g\u00fczelle\u015fiyor ve internet \u00e7a\u011f\u0131nda d\u00fcnyan\u0131n lider \u00fclkelerinden biri olmaya do\u011fru ilerliyor ya, biz de p\u0131r\u0131l p\u0131r\u0131l mavi g\u00f6ky\u00fcz\u00fc alt\u0131nda \u015f\u0131r\u0131l \u015f\u0131r\u0131l&#8230;<\/p>\n","protected":false},"author":1,"featured_media":0,"comment_status":"open","ping_status":"closed","sticky":false,"template":"","format":"standard","meta":{"jetpack_post_was_ever_published":false,"_jetpack_newsletter_access":"","_jetpack_dont_email_post_to_subs":false,"_jetpack_newsletter_tier_id":0,"_jetpack_memberships_contains_paywalled_content":false,"_jetpack_memberships_contains_paid_content":false,"footnotes":"","jetpack_publicize_message":"","jetpack_publicize_feature_enabled":true,"jetpack_social_post_already_shared":false,"jetpack_social_options":{"image_generator_settings":{"template":"highway","default_image_id":0,"font":"","enabled":false},"version":2}},"categories":[22,21,3,17,67,158],"tags":[],"class_list":["post-1201","post","type-post","status-publish","format-standard","hentry","category-5651-nolu-kanun","category-erisim-engelleme","category-sansur","category-tib","category-turkiye","category-vimeo"],"jetpack_publicize_connections":[],"jetpack_featured_media_url":"","jetpack_sharing_enabled":true,"jetpack_shortlink":"https:\/\/wp.me\/p7wjA8-jn","jetpack-related-posts":[],"_links":{"self":[{"href":"https:\/\/privacy.cyber-rights.org.tr\/index.php?rest_route=\/wp\/v2\/posts\/1201","targetHints":{"allow":["GET"]}}],"collection":[{"href":"https:\/\/privacy.cyber-rights.org.tr\/index.php?rest_route=\/wp\/v2\/posts"}],"about":[{"href":"https:\/\/privacy.cyber-rights.org.tr\/index.php?rest_route=\/wp\/v2\/types\/post"}],"author":[{"embeddable":true,"href":"https:\/\/privacy.cyber-rights.org.tr\/index.php?rest_route=\/wp\/v2\/users\/1"}],"replies":[{"embeddable":true,"href":"https:\/\/privacy.cyber-rights.org.tr\/index.php?rest_route=%2Fwp%2Fv2%2Fcomments&post=1201"}],"version-history":[{"count":1,"href":"https:\/\/privacy.cyber-rights.org.tr\/index.php?rest_route=\/wp\/v2\/posts\/1201\/revisions"}],"predecessor-version":[{"id":1202,"href":"https:\/\/privacy.cyber-rights.org.tr\/index.php?rest_route=\/wp\/v2\/posts\/1201\/revisions\/1202"}],"wp:attachment":[{"href":"https:\/\/privacy.cyber-rights.org.tr\/index.php?rest_route=%2Fwp%2Fv2%2Fmedia&parent=1201"}],"wp:term":[{"taxonomy":"category","embeddable":true,"href":"https:\/\/privacy.cyber-rights.org.tr\/index.php?rest_route=%2Fwp%2Fv2%2Fcategories&post=1201"},{"taxonomy":"post_tag","embeddable":true,"href":"https:\/\/privacy.cyber-rights.org.tr\/index.php?rest_route=%2Fwp%2Fv2%2Ftags&post=1201"}],"curies":[{"name":"wp","href":"https:\/\/api.w.org\/{rel}","templated":true}]}}