{"id":1203,"date":"2010-10-02T19:13:51","date_gmt":"2010-10-02T16:13:51","guid":{"rendered":"http:\/\/privacy.cyber-rights.org.tr\/?p=1203"},"modified":"2010-10-02T19:13:52","modified_gmt":"2010-10-02T16:13:52","slug":"bianet-video-paylasim-sitesi-vimeo-com-da-artik-yasakli","status":"publish","type":"post","link":"https:\/\/privacy.cyber-rights.org.tr\/?p=1203","title":{"rendered":"Bianet: Video Payla\u015f\u0131m Sitesi Vimeo.com da Art\u0131k Yasakl\u0131"},"content":{"rendered":"<p><a href=\"http:\/\/bianet.org\/bianet\/bilisim\/125165-video-paylasim-sitesi-vimeo-com-da-artik-yasakli\">Bianet: Video Payla\u015f\u0131m Sitesi Vimeo.com da Art\u0131k Yasakl\u0131 &#8211; Bianet<\/a><\/p>\n<p>\u00dc\u00e7 y\u0131ld\u0131r yasakl\u0131 olan Youtube&#8217;un ard\u0131ndan bir ba\u015fka video payla\u015f\u0131m sitesi &#8216;vimeo&#8217; da yasakland\u0131. T\u0130B, Ankara Cumhuriyet Ba\u015fsavc\u0131l\u0131\u011f\u0131&#8217;n\u0131n &#8216;koruma karar\u0131yla&#8217;, vimeo&#8217;ya eri\u015fimi engelledi.<\/p>\n<p>B\u0130A Haber Merkezi &#8211; Ankara<br \/>\n01 Ekim 2010, Cuma<\/p>\n<p>T\u00fcrkiye&#8217;de sans\u00fcrlenen sitelere bir video payla\u015f\u0131m sitesi daha eklendi. Telekom\u00fcnikasyon \u0130leti\u015fim Ba\u015fkanl\u0131\u011f\u0131 (T\u0130B) &#8216;Ankara Cumhuriyet Ba\u015fsavc\u0131l\u0131\u011f\u0131n\u0131n 28 Eyl\u00fcl 2010 tarihli ve 2010\/93921 soru\u015fturma numaral\u0131 Koruma Tedbiri kapsam\u0131nda&#8217; Vimeo.com sitesine eri\u015fimi engelledi.<\/p>\n<p>Kararla birlikte, siteye alan ad\u0131ndan ve \u0130nternet Protokol (IP) adresinden giri\u015f yap\u0131lam\u0131yor.<br \/>\nVimeo: \u00dczg\u00fcn\u00fcz, ama yapabilece\u011fimiz bir \u015fey yok<\/p>\n<p>Vimeo yetkililerinden Matt Schwarz, sitenin forumunda yapt\u0131\u011f\u0131 bir a\u00e7\u0131klamada &#8216;Haberi duydu\u011fumuza \u00fcz\u00fcld\u00fck fakat yapabilece\u011fimiz fazla bir \u015fey yok. Vimeo&#8217;nun bu karar \u00fczerinde hi\u00e7bir yapt\u0131r\u0131m\u0131 yoktur. B\u00f6lgedeki kullan\u0131c\u0131lar\u0131m\u0131zdan bu rahats\u0131zl\u0131k nedeniyle \u00f6z\u00fcr diliyoruz, \u015fimdilik bizim elimizden gelecek bir \u015fey yok gibi g\u00f6r\u00fcn\u00fcyor&#8217; dedi.<\/p>\n<p>Sitenin engellenmesine gerek\u00e7e olarak, sitenin &#8216;m\u00fcstehcen&#8217; yay\u0131nlar\u0131 g\u00f6sterildi. \u0130nternet Yay\u0131nc\u0131lar\u0131 Derne\u011fi (\u0130YAD), vimeo.com ile ilgili engelleme karar\u0131n\u0131n bir Cumhuriyet Halk Partisi (CHP) milletvekilinin neden oldu\u011fu duyumlar\u0131n\u0131n, CHP taraf\u0131ndan yalanland\u0131\u011f\u0131n\u0131 bildirdi<\/p>\n<p>T\u00fcrkiye&#8217;de 7 bini a\u015fk\u0131n internet sitesi halen eri\u015fime engelli. K\u00fcresel video payla\u015f\u0131m sitesi YouTube.com da, 5 May\u0131s 2008&#8217;den bu yana T\u00fcrkiye&#8217;de eri\u015fime kapal\u0131.<\/p>\n<p>Cumhurba\u015fkan\u0131 Abdullah G\u00fcl ge\u00e7ti\u011fimiz g\u00fcnlerde Amerika Birle\u015fik Devletleri&#8217;nde (ABD) yapt\u0131\u011f\u0131 bir konu\u015fmada, T\u00fcrkiye&#8217;de internet sans\u00fcr\u00fcn\u00fcn olmad\u0131\u011f\u0131n\u0131 s\u00f6ylemi\u015fti. (E\u00c7\/E\u00d6)<\/p>\n","protected":false},"excerpt":{"rendered":"<p>Bianet: Video Payla\u015f\u0131m Sitesi Vimeo.com da Art\u0131k Yasakl\u0131 &#8211; Bianet \u00dc\u00e7 y\u0131ld\u0131r yasakl\u0131 olan Youtube&#8217;un ard\u0131ndan bir ba\u015fka video payla\u015f\u0131m sitesi &#8216;vimeo&#8217; da yasakland\u0131. T\u0130B, Ankara Cumhuriyet Ba\u015fsavc\u0131l\u0131\u011f\u0131&#8217;n\u0131n &#8216;koruma karar\u0131yla&#8217;, vimeo&#8217;ya eri\u015fimi engelledi. B\u0130A Haber Merkezi &#8211; Ankara 01 Ekim 2010, Cuma T\u00fcrkiye&#8217;de sans\u00fcrlenen sitelere bir video payla\u015f\u0131m sitesi daha eklendi. Telekom\u00fcnikasyon \u0130leti\u015fim Ba\u015fkanl\u0131\u011f\u0131 (T\u0130B) &#8216;Ankara Cumhuriyet Ba\u015fsavc\u0131l\u0131\u011f\u0131n\u0131n 28 Eyl\u00fcl&#8230;<\/p>\n","protected":false},"author":1,"featured_media":0,"comment_status":"open","ping_status":"closed","sticky":false,"template":"","format":"standard","meta":{"jetpack_post_was_ever_published":false,"_jetpack_newsletter_access":"","_jetpack_dont_email_post_to_subs":false,"_jetpack_newsletter_tier_id":0,"_jetpack_memberships_contains_paywalled_content":false,"_jetpack_memberships_contains_paid_content":false,"footnotes":"","jetpack_publicize_message":"","jetpack_publicize_feature_enabled":true,"jetpack_social_post_already_shared":false,"jetpack_social_options":{"image_generator_settings":{"template":"highway","default_image_id":0,"font":"","enabled":false},"version":2}},"categories":[1],"tags":[],"class_list":["post-1203","post","type-post","status-publish","format-standard","hentry","category-uncategorized"],"jetpack_publicize_connections":[],"jetpack_featured_media_url":"","jetpack_sharing_enabled":true,"jetpack_shortlink":"https:\/\/wp.me\/p7wjA8-jp","jetpack-related-posts":[],"_links":{"self":[{"href":"https:\/\/privacy.cyber-rights.org.tr\/index.php?rest_route=\/wp\/v2\/posts\/1203","targetHints":{"allow":["GET"]}}],"collection":[{"href":"https:\/\/privacy.cyber-rights.org.tr\/index.php?rest_route=\/wp\/v2\/posts"}],"about":[{"href":"https:\/\/privacy.cyber-rights.org.tr\/index.php?rest_route=\/wp\/v2\/types\/post"}],"author":[{"embeddable":true,"href":"https:\/\/privacy.cyber-rights.org.tr\/index.php?rest_route=\/wp\/v2\/users\/1"}],"replies":[{"embeddable":true,"href":"https:\/\/privacy.cyber-rights.org.tr\/index.php?rest_route=%2Fwp%2Fv2%2Fcomments&post=1203"}],"version-history":[{"count":1,"href":"https:\/\/privacy.cyber-rights.org.tr\/index.php?rest_route=\/wp\/v2\/posts\/1203\/revisions"}],"predecessor-version":[{"id":1204,"href":"https:\/\/privacy.cyber-rights.org.tr\/index.php?rest_route=\/wp\/v2\/posts\/1203\/revisions\/1204"}],"wp:attachment":[{"href":"https:\/\/privacy.cyber-rights.org.tr\/index.php?rest_route=%2Fwp%2Fv2%2Fmedia&parent=1203"}],"wp:term":[{"taxonomy":"category","embeddable":true,"href":"https:\/\/privacy.cyber-rights.org.tr\/index.php?rest_route=%2Fwp%2Fv2%2Fcategories&post=1203"},{"taxonomy":"post_tag","embeddable":true,"href":"https:\/\/privacy.cyber-rights.org.tr\/index.php?rest_route=%2Fwp%2Fv2%2Ftags&post=1203"}],"curies":[{"name":"wp","href":"https:\/\/api.w.org\/{rel}","templated":true}]}}