{"id":1209,"date":"2010-10-21T13:06:52","date_gmt":"2010-10-21T10:06:52","guid":{"rendered":"http:\/\/privacy.cyber-rights.org.tr\/?p=1209"},"modified":"2010-10-21T13:06:55","modified_gmt":"2010-10-21T10:06:55","slug":"abdullah-gul-turkiyede-internet-sansuru-yok","status":"publish","type":"post","link":"https:\/\/privacy.cyber-rights.org.tr\/?p=1209","title":{"rendered":"Abdullah G\u00fcl: &#8216;T\u00fcrkiye&#8217;de internet sans\u00fcr\u00fc yok&#8217;"},"content":{"rendered":"<p><a href=\"http:\/\/www.cumhuriyet.com.tr\/?hn=176360\">Cumhuriyet Portal<\/a><\/p>\n<p>25 Eyl\u00fcl 2010 tarihli bu makaleyi siteye y\u00fcklemeyi unutmu\u015fum.<\/p>\n<p>Cumhuriyet: &#8216;T\u00fcrkiye&#8217;de internet sans\u00fcr\u00fc yok&#8217;<\/p>\n<p>Cumhurba\u015fkan\u0131 Abdullah G\u00fcl, &#8216;D\u00fcnya Liderler Forumu&#8217;nda yapt\u0131\u011f\u0131 konu\u015fmas\u0131nda, T\u00fcrkiye&#8217;de internet sans\u00fcr\u00fc olmad\u0131\u011f\u0131n\u0131, baz\u0131 internet sitelerine eri\u015fememe konusunun vergi kanunlar\u0131n\u0131n yetersizli\u011finden kaynakland\u0131\u011f\u0131n\u0131 s\u00f6yledi.<\/p>\n<p>AA<\/p>\n<p>New York- Columbia \u00dcniversitesi K\u00fct\u00fcphane salonunda d\u00fczenlenen &#8221;D\u00fcnya Liderler Forumu&#8221;nda konu\u015fma yapan Cumhurba\u015fkan\u0131 Abdullah G\u00fcl, T\u00fcrkiye&#8217;de ifade \u00f6zg\u00fcrl\u00fc\u011f\u00fc konusunda son d\u00f6nemde inan\u0131lmaz bir a\u00e7\u0131l\u0131m ve serbestle\u015fme ya\u015fand\u0131\u011f\u0131n\u0131 vurgulad\u0131.<\/p>\n<p>Medyada art\u0131k tekelle\u015fmenin kalkt\u0131\u011f\u0131n\u0131 ve kendi g\u00fcndemleri ve g\u00fc\u00e7leri olan pek \u00e7ok medya grubu bulundu\u011funu belirten G\u00fcl, T\u00fcrkiye&#8217;de 40&#8217;tan fazla ulusal, y\u00fczlerce yerel TV kanal\u0131, y\u00fczlerce yerel ve ulusal radyo kanal\u0131 oldu\u011funu, internet kullan\u0131m\u0131n\u0131n rekor k\u0131rd\u0131\u011f\u0131n\u0131 dile getirdi.<\/p>\n<p>&#8221;T\u00fcrkiye, \u0130ngilizce konu\u015fulan \u00fclkelerden sonra Facebook kullan\u0131c\u0131s\u0131 en y\u00fcksek \u00fclke&#8221; diyen G\u00fcl, kendi Twitter sayfas\u0131n\u0131n s\u00fcrekli takip edildi\u011fini, Twitter&#8217;\u0131n kendisi i\u00e7in okudu\u011fu bas\u0131n raporlar\u0131ndan \u00e7ok daha direk bir bilgi kayna\u011f\u0131 oldu\u011funu s\u00f6yledi.<\/p>\n<p>T\u00fcrkiye&#8217;de internet a\u00e7\u0131s\u0131ndan baz\u0131 sorunlar da oldu\u011funu belirten G\u00fcl, T\u00fcrkiye&#8217;de say\u0131lar\u0131 az da olsa baz\u0131 k\u00fcresel sitelere ula\u015f\u0131m\u0131n sa\u011flanamad\u0131\u011f\u0131n\u0131, kendisine bu konuda bir sorunun ge\u00e7en g\u00fcn CNN&#8217;e verdi\u011fi bir m\u00fclakatta da soruldu\u011funu aktard\u0131.<\/p>\n<p>Cumhurba\u015fkan\u0131 Abdullah G\u00fcl, &#8221;Size de onlara da s\u00f6yledi\u011fimi s\u00f6yleyeyim. Bunun sans\u00fcrle ilgisi yok. Bu, bizim vergi kanunlar\u0131m\u0131z\u0131n yetersizli\u011finden kaynaklan\u0131yor. Hem h\u00fck\u00fcmeti hem de Meclisi, bu kanunlar\u0131 en k\u0131sa zamanda g\u00fcncellemeleri konusunda te\u015fvik ediyorum. T\u00fcrkiye bunu yapmakta gecikmeyecektir&#8221; diye konu\u015ftu.<\/p>\n<p>T\u00fcrkiye&#8217;de bug\u00fcn pek \u00e7ok K\u00fcrt\u00e7e yay\u0131n yapan \u00f6zel TV kanallar\u0131 d\u0131\u015f\u0131nda TRT&#8217;nin de K\u00fcrt\u00e7e yay\u0131n yapan kanal\u0131 oldu\u011funu s\u00f6yleyen G\u00fcl, T\u00fcrkiye&#8217;de bug\u00fcn her konunun s\u0131n\u0131rlara tabii tutulmadan konu\u015fulabildi\u011fini,sorunlar\u0131n a\u00e7\u0131k\u00e7a tart\u0131\u015f\u0131labildi\u011fini, sivil toplumun giderek geli\u015fti\u011fini ve \u00fclkede insan haklar\u0131, hukukun \u00fcst\u00fcnl\u00fc\u011f\u00fc ve \u00f6zg\u00fcrl\u00fcklerin hakim oldu\u011funu s\u00f6yledi.<\/p>\n<p>Bu noktaya gelmenin kolay olmad\u0131\u011f\u0131n\u0131, T\u00fcrkiye&#8217;nin bunun bedelini \u00f6dedi\u011fini ifade eden G\u00fcl, T\u00fcrk toplumunun her kesiminin zor zamanlardan ge\u00e7ti\u011fine dikkati \u00e7ekti.<\/p>\n<p>Herkese mesaj verdi<\/p>\n<p>Cumhurba\u015fkan\u0131 Abdullah G\u00fcl, Mavi Marmara bask\u0131n\u0131 nedeniyle T\u00fcrkiye&#8217;nin \u0130srail&#8217;den \u00f6z\u00fcr ve tazminat talebini yineledi. G\u00fcl&#8217;\u00fcn AB&#8217;ye mesajlar\u0131 da vard\u0131. Baz\u0131 \u00fcye \u00fclkelerin T\u00fcrkiye&#8217;yi yapay sorunlar \u00e7\u0131kard\u0131\u011f\u0131n\u0131 s\u00f6yleyen G\u00fcl, &#8216;En b\u00fcy\u00fck zorluk, birlikteki stratejik vizyon eksikli\u011fi&#8217; dedi.<\/p>\n<p>BM Genel Kurulu toplant\u0131s\u0131 i\u00e7in New York&#8217;ta bulunan Cumhurba\u015fkan\u0131 G\u00fcl&#8217;e en \u00e7ok sorulan soru, Mavi Marmara bask\u0131n\u0131 sonras\u0131 \u0130srail-T\u00fcrkiye ili\u015fkileriydi.<\/p>\n<p>Bu soru, G\u00fcl&#8217;\u00fcn D\u0131\u015f \u0130li\u015fkiler Konseyi adl\u0131 d\u00fc\u015f\u00fcnce kurulu\u015funda yapt\u0131\u011f\u0131 konu\u015fmada da g\u00fcndemdeydi.<\/p>\n<p>G\u00fcl, T\u00fcrkiye&#8217;nin duru\u015fundan \u00f6d\u00fcn vermedi. &#8216;Birle\u015fmi\u015f Milletler \u0130nsan Haklar\u0131 Konseyi&#8217;nin raporu olayla ilgili sa\u011flam ve yasal bir \u00e7er\u00e7eve olu\u015fturmakta&#8217; dedi. Ankara&#8217;n\u0131n \u00f6z\u00fcr ve tazminat talebini yineledi.<\/p>\n<p>T\u00fcrkiye-ABD ili\u015fkileri<\/p>\n<p>T\u00fcrk &#8211; Amerikan ili\u015fkileri de Cumhurba\u015fkan\u0131 G\u00fcl&#8217;\u00fcn g\u00fcndemindeydi. Eksen kaymas\u0131 tart\u0131\u015fmalar\u0131n\u0131 reddeden G\u00fcl, Amerikan medyas\u0131 ve kongresinde \u00f6nyarg\u0131l\u0131 de\u011ferlendirmelerin oldu\u011funu belirtti; T\u00fcrkiye ile ilgili &#8216;Alg\u0131lamalarla, ger\u00e7ekler aras\u0131nda farkl\u0131l\u0131klar var&#8217; dedi.<\/p>\n<p>&#8216;T\u00fcrkiye, ABD&#8217;nin her zaman g\u00fcvenilir m\u00fcttefiki olacakt\u0131r&#8217; diyen Cumhurba\u015fkan\u0131, iki \u00fclke aras\u0131nda ilk stratejik ekonomik i\u015fbirli\u011fi toplant\u0131s\u0131n\u0131n 19 Ekim&#8217;de Washington&#8217;da d\u00fczenlenece\u011fini de s\u00f6yledi.<\/p>\n<p>T\u00fcrkiye&#8217;nin AB yolculu\u011fu<\/p>\n<p>G\u00fcl&#8217;\u00fcn g\u00fcndeminde, T\u00fcrkiye&#8217;nin Avrupa Birli\u011fi s\u00fcreci de vard\u0131. &#8216;S\u00fcreci bitirmekte kararl\u0131y\u0131z&#8217; mesaj\u0131 veren G\u00fcl, Washington&#8217;dan Avrupal\u0131 liderlere mesaj g\u00f6ndermeyi ihmal etmedi:<\/p>\n<p>&#8216;Maalesef AB zaman zaman bu s\u00fcreci yava\u015flat\u0131c\u0131 politik bir tav\u0131r al\u0131yor. Bunu a\u00e7\u0131k\u00e7a s\u00f6yl\u00fcyorum, Avrupa&#8217;n\u0131n stratejik bak\u0131\u015f\u0131 \u00e7ok noksan. 50-60 sene sonras\u0131n\u0131 hi\u00e7 d\u00fc\u015f\u00fcnmeyen bir Avrupa var kar\u015f\u0131m\u0131zda, bu de\u011fi\u015fecektir.<\/p>\n<p>Bu stratejik bak\u0131\u015f geldi\u011fi anda bizim s\u00fcrecimizi h\u0131zland\u0131racaklard\u0131r. Biz otomatik \u015fekilde girelim demiyoruz, biz &#8216;\u015fartlar\u0131 yerine getirdikten sonra girelim&#8217; diyoruz, ama bu \u015fartlar\u0131 yerine getirme konusunda bizi engellememeleri laz\u0131m, \u015fimdi engelliyorlar. Biz AB standartlar\u0131n\u0131, hukukunu adapte ediyoruz, bunu adapte etmemizi adeta engelliyorlar a\u00e7\u0131k\u00e7as\u0131, b\u00f6yle \u015fey olmaz.&#8217;<\/p>\n<p>\u0130ran&#8217;in n\u00fckleer faaliyetleri<\/p>\n<p>T\u00fcrkiye&#8217;nin \u0130ran&#8217;\u0131n n\u00fckleer program\u0131yla ilgili konuyu hafife almad\u0131\u011f\u0131n\u0131 vurgulayan G\u00fcl, &#8216;\u0130ranl\u0131 liderlerle konu\u015fabilen bir tek biz var\u0131z&#8217; dedi. Cumhurba\u015fkan\u0131, &#8216;B\u00f6lgemizde n\u00fckleer silaha taham\u00fcl\u00fcm\u00fcz yok&#8217; ifadesini kulland\u0131.<\/p>\n<p>25 Eyl\u00fcl 2010<\/p>\n","protected":false},"excerpt":{"rendered":"<p>Cumhuriyet Portal 25 Eyl\u00fcl 2010 tarihli bu makaleyi siteye y\u00fcklemeyi unutmu\u015fum. Cumhuriyet: &#8216;T\u00fcrkiye&#8217;de internet sans\u00fcr\u00fc yok&#8217; Cumhurba\u015fkan\u0131 Abdullah G\u00fcl, &#8216;D\u00fcnya Liderler Forumu&#8217;nda yapt\u0131\u011f\u0131 konu\u015fmas\u0131nda, T\u00fcrkiye&#8217;de internet sans\u00fcr\u00fc olmad\u0131\u011f\u0131n\u0131, baz\u0131 internet sitelerine eri\u015fememe konusunun vergi kanunlar\u0131n\u0131n yetersizli\u011finden kaynakland\u0131\u011f\u0131n\u0131 s\u00f6yledi. AA New York- Columbia \u00dcniversitesi K\u00fct\u00fcphane salonunda d\u00fczenlenen &#8221;D\u00fcnya Liderler Forumu&#8221;nda konu\u015fma yapan Cumhurba\u015fkan\u0131 Abdullah G\u00fcl, T\u00fcrkiye&#8217;de ifade \u00f6zg\u00fcrl\u00fc\u011f\u00fc konusunda son d\u00f6nemde&#8230;<\/p>\n","protected":false},"author":1,"featured_media":0,"comment_status":"open","ping_status":"closed","sticky":false,"template":"","format":"standard","meta":{"jetpack_post_was_ever_published":false,"_jetpack_newsletter_access":"","_jetpack_dont_email_post_to_subs":false,"_jetpack_newsletter_tier_id":0,"_jetpack_memberships_contains_paywalled_content":false,"_jetpack_memberships_contains_paid_content":false,"footnotes":"","jetpack_publicize_message":"","jetpack_publicize_feature_enabled":true,"jetpack_social_post_already_shared":false,"jetpack_social_options":{"image_generator_settings":{"template":"highway","default_image_id":0,"font":"","enabled":false},"version":2}},"categories":[22,5,21,3],"tags":[],"class_list":["post-1209","post","type-post","status-publish","format-standard","hentry","category-5651-nolu-kanun","category-dusunce-ozgurlugu","category-erisim-engelleme","category-sansur"],"jetpack_publicize_connections":[],"jetpack_featured_media_url":"","jetpack_sharing_enabled":true,"jetpack_shortlink":"https:\/\/wp.me\/p7wjA8-jv","jetpack-related-posts":[],"_links":{"self":[{"href":"https:\/\/privacy.cyber-rights.org.tr\/index.php?rest_route=\/wp\/v2\/posts\/1209","targetHints":{"allow":["GET"]}}],"collection":[{"href":"https:\/\/privacy.cyber-rights.org.tr\/index.php?rest_route=\/wp\/v2\/posts"}],"about":[{"href":"https:\/\/privacy.cyber-rights.org.tr\/index.php?rest_route=\/wp\/v2\/types\/post"}],"author":[{"embeddable":true,"href":"https:\/\/privacy.cyber-rights.org.tr\/index.php?rest_route=\/wp\/v2\/users\/1"}],"replies":[{"embeddable":true,"href":"https:\/\/privacy.cyber-rights.org.tr\/index.php?rest_route=%2Fwp%2Fv2%2Fcomments&post=1209"}],"version-history":[{"count":1,"href":"https:\/\/privacy.cyber-rights.org.tr\/index.php?rest_route=\/wp\/v2\/posts\/1209\/revisions"}],"predecessor-version":[{"id":1210,"href":"https:\/\/privacy.cyber-rights.org.tr\/index.php?rest_route=\/wp\/v2\/posts\/1209\/revisions\/1210"}],"wp:attachment":[{"href":"https:\/\/privacy.cyber-rights.org.tr\/index.php?rest_route=%2Fwp%2Fv2%2Fmedia&parent=1209"}],"wp:term":[{"taxonomy":"category","embeddable":true,"href":"https:\/\/privacy.cyber-rights.org.tr\/index.php?rest_route=%2Fwp%2Fv2%2Fcategories&post=1209"},{"taxonomy":"post_tag","embeddable":true,"href":"https:\/\/privacy.cyber-rights.org.tr\/index.php?rest_route=%2Fwp%2Fv2%2Ftags&post=1209"}],"curies":[{"name":"wp","href":"https:\/\/api.w.org\/{rel}","templated":true}]}}