{"id":1223,"date":"2010-10-21T19:16:11","date_gmt":"2010-10-21T16:16:11","guid":{"rendered":"http:\/\/privacy.cyber-rights.org.tr\/?p=1223"},"modified":"2010-10-21T19:16:12","modified_gmt":"2010-10-21T16:16:12","slug":"tib-baskani%e2%80%99na-%e2%80%98gorevini-yapmadi%e2%80%99-davasi-hurriyet-gundem-2","status":"publish","type":"post","link":"https:\/\/privacy.cyber-rights.org.tr\/?p=1223","title":{"rendered":"T\u0130B Ba\u015fkan\u0131\u2019na \u2018G\u00f6revini yapmad\u0131\u2019 davas\u0131 &#8211; H\u00fcrriyet G\u00fcndem"},"content":{"rendered":"<p><a href=\"http:\/\/www.hurriyet.com.tr\/gundem\/15869409.asp?gid=233\">T\u0130B Ba\u015fkan\u0131\u2019na \u2018G\u00f6revini yapmad\u0131\u2019 davas\u0131 &#8211; H\u00fcrriyet G\u00fcndem<\/a><\/p>\n<p>Nurettin KURT ANKARA \t26 Eyl\u00fcl 2010<br \/>\nT\u0130B Ba\u015fkan\u0131\u2019na \u2018G\u00f6revini yapmad\u0131\u2019 davas\u0131<\/p>\n<p>CHP Lideri K\u0131l\u0131\u00e7daro\u011flu hakk\u0131nda \u2018PKK\u2019l\u0131d\u0131r\u2019 diye yay\u0131n yapan bir internet sitesine eri\u015fimin engellenmesi i\u00e7in mahkemeden al\u0131nan tedbir karar\u0131n\u0131 \u2018Engellemeler yaln\u0131zca cinsel su\u00e7larla s\u0131n\u0131rl\u0131\u2019 gerek\u00e7esiyle uygulamayan T\u0130B Ba\u015fkan\u0131 \u015eim\u015fek\u2019e dava a\u00e7\u0131ld\u0131. \u015eim\u015fek\u2019in 3 y\u0131la kadar hapsi isteniyor.<\/p>\n<p>TELEKOM\u00dcN\u0130KASYON \u0130leti\u015fim Ba\u015fkanl\u0131\u011f\u0131 (T\u0130B) Ba\u015fkan\u0131 Fethi \u015eim\u015fek hakk\u0131nda, \u2018Mahkeme karar\u0131n\u0131n gere\u011fini yerine getirmedi\u011fi\u2019 gerek\u00e7esiyle 1 y\u0131ldan 3 y\u0131la kadar hapis istemiyle dava a\u00e7\u0131ld\u0131. CHP Genel Ba\u015fkan\u0131 Kemal K\u0131l\u0131\u00e7daro\u011flu hakk\u0131nda, \u2018PKK\u2019l\u0131d\u0131r\u2019 diye yay\u0131n yapan internet sitesine eri\u015fimin engellenmesi i\u00e7in mahkemeden tedbir karar\u0131 al\u0131nd\u0131. Karar, gere\u011fini yapmak \u00fczere T\u0130B\u2019e tebli\u011f edildi.<\/p>\n<p>Sadece cinsel su\u00e7larla s\u0131n\u0131rl\u0131<\/p>\n<p>Ancak T\u0130B, yasa gere\u011fi bu tedbir karar\u0131n\u0131n uygulanmas\u0131n\u0131n m\u00fcmk\u00fcn olmad\u0131\u011f\u0131n\u0131 savc\u0131l\u0131\u011fa bildirdi. T\u0130B, bunun gerek\u00e7esini yaz\u0131s\u0131nda \u015f\u00f6yle a\u00e7\u0131klad\u0131: \u2018D\u00fc\u015f\u00fcnce a\u00e7\u0131klama \u00f6zg\u00fcrl\u00fc\u011f\u00fcn\u00fc k\u0131s\u0131tlama ba\u011flam\u0131nda ele\u015ftirilere maruz kalmamak amac\u0131yla, kapsam internet ortam\u0131nda yap\u0131lan, \u00e7ocuklar\u0131n ve gen\u00e7lerin olumsuz olarak etkilenebilece\u011fi ya da \u00e7ocuklar\u0131n cinsel y\u00f6nden istismar edilmesi suretiyle olu\u015fturulmu\u015f yay\u0131nlarla s\u0131n\u0131rl\u0131 tutulmu\u015ftur.\u2019<\/p>\n<p>Karar\u0131 uygulamad\u0131<\/p>\n<p>K\u0131l\u0131\u00e7daro\u011flu\u2019nun avukat\u0131 Mutluhan Karag\u00f6zo\u011flu, mahkeme karar\u0131n\u0131 uygulamayan \u015eim\u015fek hakk\u0131nda su\u00e7 duyurusunda bulundu. Ankara Cumhuriyet Ba\u015fsavc\u0131l\u0131\u011f\u0131 \u2018takipsizlik\u2019 karar\u0131 verdi. Karag\u00f6zo\u011flu karara itiraz etti. Dosyay\u0131 inceleyen Yarg\u0131tay Cumhuriyet Ba\u015fsavc\u0131l\u0131\u011f\u0131, \u015eim\u015fek\u2019in yarg\u0131lanmas\u0131 y\u00f6n\u00fcnde karar verdi. Adalet Bakanl\u0131\u011f\u0131 bu kez Yarg\u0131tay Cumhuriyet Ba\u015fsavc\u0131l\u0131\u011f\u0131\u2019na itirazda bulundu. Ancak bu itiraz da reddedildi. Bunun \u00fczerine Ankara Cumhuriyet Ba\u015fsavc\u0131l\u0131\u011f\u0131 da \u015eim\u015fek hakk\u0131nda Ankara 20\u2019nci Asliye Hukuk Mahkemesi\u2019nde dava a\u00e7t\u0131. \u015eim\u015fek\u2019in, \u2018Mahkeme karar\u0131n\u0131n gere\u011fini yerine getirmedi\u011fi\u2019 gerek\u00e7esiyle 1 y\u0131ldan 3 y\u0131la kadar hapsi isteniyor.<\/p>\n","protected":false},"excerpt":{"rendered":"<p>T\u0130B Ba\u015fkan\u0131\u2019na \u2018G\u00f6revini yapmad\u0131\u2019 davas\u0131 &#8211; H\u00fcrriyet G\u00fcndem Nurettin KURT ANKARA 26 Eyl\u00fcl 2010 T\u0130B Ba\u015fkan\u0131\u2019na \u2018G\u00f6revini yapmad\u0131\u2019 davas\u0131 CHP Lideri K\u0131l\u0131\u00e7daro\u011flu hakk\u0131nda \u2018PKK\u2019l\u0131d\u0131r\u2019 diye yay\u0131n yapan bir internet sitesine eri\u015fimin engellenmesi i\u00e7in mahkemeden al\u0131nan tedbir karar\u0131n\u0131 \u2018Engellemeler yaln\u0131zca cinsel su\u00e7larla s\u0131n\u0131rl\u0131\u2019 gerek\u00e7esiyle uygulamayan T\u0130B Ba\u015fkan\u0131 \u015eim\u015fek\u2019e dava a\u00e7\u0131ld\u0131. \u015eim\u015fek\u2019in 3 y\u0131la kadar hapsi isteniyor. TELEKOM\u00dcN\u0130KASYON \u0130leti\u015fim Ba\u015fkanl\u0131\u011f\u0131 (T\u0130B) Ba\u015fkan\u0131&#8230;<\/p>\n","protected":false},"author":1,"featured_media":0,"comment_status":"open","ping_status":"closed","sticky":false,"template":"","format":"standard","meta":{"jetpack_post_was_ever_published":false,"_jetpack_newsletter_access":"","_jetpack_dont_email_post_to_subs":false,"_jetpack_newsletter_tier_id":0,"_jetpack_memberships_contains_paywalled_content":false,"_jetpack_memberships_contains_paid_content":false,"footnotes":"","jetpack_publicize_message":"","jetpack_publicize_feature_enabled":true,"jetpack_social_post_already_shared":false,"jetpack_social_options":{"image_generator_settings":{"template":"highway","default_image_id":0,"font":"","enabled":false},"version":2}},"categories":[1],"tags":[],"class_list":["post-1223","post","type-post","status-publish","format-standard","hentry","category-uncategorized"],"jetpack_publicize_connections":[],"jetpack_featured_media_url":"","jetpack_sharing_enabled":true,"jetpack_shortlink":"https:\/\/wp.me\/p7wjA8-jJ","jetpack-related-posts":[],"_links":{"self":[{"href":"https:\/\/privacy.cyber-rights.org.tr\/index.php?rest_route=\/wp\/v2\/posts\/1223","targetHints":{"allow":["GET"]}}],"collection":[{"href":"https:\/\/privacy.cyber-rights.org.tr\/index.php?rest_route=\/wp\/v2\/posts"}],"about":[{"href":"https:\/\/privacy.cyber-rights.org.tr\/index.php?rest_route=\/wp\/v2\/types\/post"}],"author":[{"embeddable":true,"href":"https:\/\/privacy.cyber-rights.org.tr\/index.php?rest_route=\/wp\/v2\/users\/1"}],"replies":[{"embeddable":true,"href":"https:\/\/privacy.cyber-rights.org.tr\/index.php?rest_route=%2Fwp%2Fv2%2Fcomments&post=1223"}],"version-history":[{"count":1,"href":"https:\/\/privacy.cyber-rights.org.tr\/index.php?rest_route=\/wp\/v2\/posts\/1223\/revisions"}],"predecessor-version":[{"id":1224,"href":"https:\/\/privacy.cyber-rights.org.tr\/index.php?rest_route=\/wp\/v2\/posts\/1223\/revisions\/1224"}],"wp:attachment":[{"href":"https:\/\/privacy.cyber-rights.org.tr\/index.php?rest_route=%2Fwp%2Fv2%2Fmedia&parent=1223"}],"wp:term":[{"taxonomy":"category","embeddable":true,"href":"https:\/\/privacy.cyber-rights.org.tr\/index.php?rest_route=%2Fwp%2Fv2%2Fcategories&post=1223"},{"taxonomy":"post_tag","embeddable":true,"href":"https:\/\/privacy.cyber-rights.org.tr\/index.php?rest_route=%2Fwp%2Fv2%2Ftags&post=1223"}],"curies":[{"name":"wp","href":"https:\/\/api.w.org\/{rel}","templated":true}]}}