{"id":1229,"date":"2010-10-21T19:25:46","date_gmt":"2010-10-21T16:25:46","guid":{"rendered":"http:\/\/privacy.cyber-rights.org.tr\/?p=1229"},"modified":"2010-10-21T19:25:48","modified_gmt":"2010-10-21T16:25:48","slug":"kilicdaroglundan-facebook-aciklamasi-milliyet-com-tr","status":"publish","type":"post","link":"https:\/\/privacy.cyber-rights.org.tr\/?p=1229","title":{"rendered":"K\u0131l\u0131\u00e7daro\u011flu&#8217;ndan Facebook a\u00e7\u0131klamas\u0131 &#8211; Milliyet.com.tr"},"content":{"rendered":"<p><a href=\"http:\/\/www.milliyet.com.tr\/Siyaset\/SonDakika.aspx?aType=SonDakika&#038;ArticleID=1298609&#038;Date=07.10.2010&#038;Kategori=siyaset&#038;b=Kilicdaroglundan%20Facebook%20aciklamasi\">K\u0131l\u0131\u00e7daro\u011flu&#8217;ndan Facebook a\u00e7\u0131klamas\u0131 &#8211; Milliyet.com.tr<\/a><\/p>\n<p>CHP Genel Ba\u015fkan\u0131 Kemal K\u0131l\u0131\u00e7daro\u011flu, &#8216;Facebook&#8217;un kapat\u0131lmas\u0131na y\u00f6nelik bir giri\u015fimimiz yok. Bu iddialar do\u011fru de\u011fil&#8217; dedi.<\/p>\n<p>15:55 | 07 Ekim 2010<\/p>\n<p>&#8216;Sanal alem&#8217;de &#8216;CHP Facebook&#8217;u kapatt\u0131r\u0131yor&#8217; ba\u015fl\u0131\u011f\u0131yla yay\u0131mlanan haberlere &#8216;en yetkili a\u011f\u0131z&#8217;dan cevap geldi. Gercekgundem&#8217;den Bar\u0131\u015f Yarkada\u015f&#8217;a konu\u015fan CHP Genel Ba\u015fkan\u0131 Kemal K\u0131l\u0131\u00e7daro\u011flu, &#8216;Bu iddia do\u011fru de\u011fil&#8217; dedi.<\/p>\n<p>&#8216;KILI\u00c7DARO\u011eLU PKK&#8217;LIDIR \u0130S\u0130ML\u0130 B\u0130R GRUP VARDI&#8217;<\/p>\n<p>\u0130stanbul B\u00fcy\u00fck\u015fehir Belediye Ba\u015fkan adayl\u0131\u011f\u0131 d\u00f6neminde Facebook&#8217;ta kendisi hakk\u0131nda a\u00e7\u0131lan bir sayfay\u0131 mahkemeye \u015fikayet etti\u011fini s\u00f6yleyen K\u0131l\u0131\u00e7daro\u011flu \u015f\u00f6yle konu\u015ftu: &#8216;O d\u00f6nem, Facebook&#8217;ta &#8216;K\u0131l\u0131\u00e7daro\u011flu PKK&#8217;l\u0131d\u0131r&#8217; ad\u0131 alt\u0131nda bir grup olu\u015fturulmu\u015ftu. Biz bunu hemen \u015fikayet ettik. Ad\u0131 ge\u00e7en grubun i\u00e7eri\u011finin sayfadan kald\u0131r\u0131lmas\u0131n\u0131 talep ettik. Mahkeme bu y\u00f6nde karar vermesine ra\u011fmen, T\u0130B Ba\u015fkan\u0131 i\u00e7eri\u011fin kald\u0131r\u0131lmas\u0131 i\u00e7in harekete ge\u00e7medi.&#8217;<\/p>\n<p>&#8216;T\u0130B YETK\u0130L\u0130LER\u0130NE DAVA A\u00c7TIK, KEND\u0130 A\u00c7IKLARINI KAPATMAK \u0130\u00c7\u0130N B\u0130Z\u0130 SU\u00c7LUYORLAR&#8217;<\/p>\n<p>CHP Genel Ba\u015fkan\u0131 K\u0131l\u0131\u00e7daro\u011flu, bunun \u00fczerine Telekom\u00fcnikasyon \u0130leti\u015fim Ba\u015fkanl\u0131\u011f\u0131 (T\u0130B) yetkilileri hakk\u0131nda da dava a\u00e7t\u0131\u011f\u0131n\u0131 an\u0131msatarak s\u00fcreci anlatt\u0131. T\u0130B Ba\u015fkan\u0131 Fethi \u015eim\u015fek&#8217;i &#8216;g\u00f6revi ihmal etti\u011fi gerek\u00e7esiyle&#8217; mahkemeye verdi\u011fini belirten K\u0131l\u0131\u00e7daro\u011flu, &#8216;\u015eim\u015fek&#8217;in g\u00f6revini yapmad\u0131\u011f\u0131 ortaya \u00e7\u0131kt\u0131. Kendisi 1 ile 3 y\u0131l hapis cezas\u0131yla yarg\u0131lan\u0131yor. Bu y\u00fczden, kendi ihmalini saklamak i\u00e7in, bizim Facebook&#8217;u kapatt\u0131rmaya \u00e7al\u0131\u015ft\u0131\u011f\u0131m\u0131z\u0131 s\u00f6yl\u00fcyorlar&#8217; dedi.<\/p>\n<p>&#8216;800 B\u0130N \u00dcYEL\u0130 SAYFAM VAR&#8217;<\/p>\n<p>D\u00fcnyadaki modern \u00fclkelerde, &#8216;site kapatma&#8217; yerine &#8216;i\u00e7eri\u011fi \u00e7\u0131kartt\u0131rma&#8217; uygulamas\u0131n\u0131n yap\u0131ld\u0131\u011f\u0131n\u0131 belirten K\u0131l\u0131\u00e7daro\u011flu, &#8216;Biz Facebook&#8217;u niye kapat\u0131rmak isteyelim? Bunu d\u00fc\u015f\u00fcnmek bile m\u00fcmk\u00fcn de\u011fil. Biz herkesin d\u00fc\u015f\u00fcncelerini rahatl\u0131kla ifade edebilmesini sa\u011flamak i\u00e7in m\u00fccadele ediyoruz. Ayr\u0131ca, Facebook&#8217;tan en \u00e7ok yararlanan partiyiz. Benim ad\u0131ma a\u00e7\u0131lm\u0131\u015f bir grupta 800 binin \u00fcst\u00fcnde \u00fcye var. O gruba \u00fcye olan yurtta\u015flar\u0131m\u0131zla s\u0131k s\u0131k ileti\u015fime ge\u00e7meye \u00e7al\u0131\u015f\u0131yorum&#8217; ifadesini kulland\u0131.<\/p>\n<p>&#8216;B\u0130Z \u0130\u00c7ER\u0130\u011e\u0130N TEM\u0130ZLENMES\u0130N\u0130 \u0130STED\u0130K&#8217;<\/p>\n<p>K\u0131l\u0131\u00e7daro\u011flu, Facebook&#8217;u kapatt\u0131rma gibi bir giri\u015fimi olmad\u0131\u011f\u0131n\u0131n alt\u0131n\u0131 \u00e7izerek &#8216;Biz sitedeki \u00e7irkin ithamlar\u0131n kald\u0131r\u0131lmas\u0131n\u0131 ve i\u00e7eri\u011fin temizlenmesini istedik. Ancak bunu \u00e7arp\u0131t\u0131p Facebook&#8217;u kapatt\u0131rmak istedi\u011fimiz yalan\u0131n\u0131 yay\u0131yorlar&#8221; dedi.<\/p>\n","protected":false},"excerpt":{"rendered":"<p>K\u0131l\u0131\u00e7daro\u011flu&#8217;ndan Facebook a\u00e7\u0131klamas\u0131 &#8211; Milliyet.com.tr CHP Genel Ba\u015fkan\u0131 Kemal K\u0131l\u0131\u00e7daro\u011flu, &#8216;Facebook&#8217;un kapat\u0131lmas\u0131na y\u00f6nelik bir giri\u015fimimiz yok. Bu iddialar do\u011fru de\u011fil&#8217; dedi. 15:55 | 07 Ekim 2010 &#8216;Sanal alem&#8217;de &#8216;CHP Facebook&#8217;u kapatt\u0131r\u0131yor&#8217; ba\u015fl\u0131\u011f\u0131yla yay\u0131mlanan haberlere &#8216;en yetkili a\u011f\u0131z&#8217;dan cevap geldi. Gercekgundem&#8217;den Bar\u0131\u015f Yarkada\u015f&#8217;a konu\u015fan CHP Genel Ba\u015fkan\u0131 Kemal K\u0131l\u0131\u00e7daro\u011flu, &#8216;Bu iddia do\u011fru de\u011fil&#8217; dedi. &#8216;KILI\u00c7DARO\u011eLU PKK&#8217;LIDIR \u0130S\u0130ML\u0130 B\u0130R GRUP VARDI&#8217; \u0130stanbul&#8230;<\/p>\n","protected":false},"author":1,"featured_media":0,"comment_status":"open","ping_status":"closed","sticky":false,"template":"","format":"standard","meta":{"jetpack_post_was_ever_published":false,"_jetpack_newsletter_access":"","_jetpack_dont_email_post_to_subs":false,"_jetpack_newsletter_tier_id":0,"_jetpack_memberships_contains_paywalled_content":false,"_jetpack_memberships_contains_paid_content":false,"footnotes":"","jetpack_publicize_message":"","jetpack_publicize_feature_enabled":true,"jetpack_social_post_already_shared":false,"jetpack_social_options":{"image_generator_settings":{"template":"highway","default_image_id":0,"font":"","enabled":false},"version":2}},"categories":[22,160,21,55,17],"tags":[],"class_list":["post-1229","post","type-post","status-publish","format-standard","hentry","category-5651-nolu-kanun","category-chp","category-erisim-engelleme","category-facebook","category-tib"],"jetpack_publicize_connections":[],"jetpack_featured_media_url":"","jetpack_sharing_enabled":true,"jetpack_shortlink":"https:\/\/wp.me\/p7wjA8-jP","jetpack-related-posts":[],"_links":{"self":[{"href":"https:\/\/privacy.cyber-rights.org.tr\/index.php?rest_route=\/wp\/v2\/posts\/1229","targetHints":{"allow":["GET"]}}],"collection":[{"href":"https:\/\/privacy.cyber-rights.org.tr\/index.php?rest_route=\/wp\/v2\/posts"}],"about":[{"href":"https:\/\/privacy.cyber-rights.org.tr\/index.php?rest_route=\/wp\/v2\/types\/post"}],"author":[{"embeddable":true,"href":"https:\/\/privacy.cyber-rights.org.tr\/index.php?rest_route=\/wp\/v2\/users\/1"}],"replies":[{"embeddable":true,"href":"https:\/\/privacy.cyber-rights.org.tr\/index.php?rest_route=%2Fwp%2Fv2%2Fcomments&post=1229"}],"version-history":[{"count":1,"href":"https:\/\/privacy.cyber-rights.org.tr\/index.php?rest_route=\/wp\/v2\/posts\/1229\/revisions"}],"predecessor-version":[{"id":1230,"href":"https:\/\/privacy.cyber-rights.org.tr\/index.php?rest_route=\/wp\/v2\/posts\/1229\/revisions\/1230"}],"wp:attachment":[{"href":"https:\/\/privacy.cyber-rights.org.tr\/index.php?rest_route=%2Fwp%2Fv2%2Fmedia&parent=1229"}],"wp:term":[{"taxonomy":"category","embeddable":true,"href":"https:\/\/privacy.cyber-rights.org.tr\/index.php?rest_route=%2Fwp%2Fv2%2Fcategories&post=1229"},{"taxonomy":"post_tag","embeddable":true,"href":"https:\/\/privacy.cyber-rights.org.tr\/index.php?rest_route=%2Fwp%2Fv2%2Ftags&post=1229"}],"curies":[{"name":"wp","href":"https:\/\/api.w.org\/{rel}","templated":true}]}}