{"id":1234,"date":"2010-10-21T19:36:11","date_gmt":"2010-10-21T16:36:11","guid":{"rendered":"http:\/\/privacy.cyber-rights.org.tr\/?p=1234"},"modified":"2010-10-21T19:36:13","modified_gmt":"2010-10-21T16:36:13","slug":"avrupada-guvenli-internet-alarmi","status":"publish","type":"post","link":"https:\/\/privacy.cyber-rights.org.tr\/?p=1234","title":{"rendered":"Avrupa&#8217;da &#8216;g\u00fcvenli internet&#8217; alarm\u0131"},"content":{"rendered":"<p><a href=\"http:\/\/www.zaman.com.tr\/haber.do?haberno=1043282&#038;title=avrupada-guvenli-internet-alarmi\">D\u0131\u015f Haberler &#8211; Avrupa&#8217;da &#8216;g\u00fcvenli internet&#8217; alarm\u0131<\/a>: &#8220;Avrupa&#8217;da &#8216;g\u00fcvenli internet&#8217; alarm\u0131 \t<\/p>\n<p>21.10.2010<\/p>\n<p>L\u00fcksemburg&#8217;ta toplanan &#8221;G\u00fcvenli \u0130nternet Formu&#8221;nda \u00e7ocuklar\u0131n sanal ortamda kar\u015f\u0131 kar\u015f\u0131ya kald\u0131\u011f\u0131 tehditlere vurgu yap\u0131larak, d\u00fcnya \u00e7ap\u0131nda alarma ge\u00e7ilmesi \u00e7a\u011fr\u0131s\u0131nda bulunuldu.<\/p>\n<p>Avrupa Birli\u011fi&#8217;nin (AB) G\u00fcvenli \u0130nternet Program\u0131 (Safer Internet Programme-SIP) taraf\u0131ndan 2004 y\u0131l\u0131ndan beri d\u00fczenlenen konferansa, d\u00fcnyan\u0131n \u00e7e\u015fitli \u00fclkelerinden temsilciler kat\u0131ld\u0131.<\/p>\n<p>&#8221;Online f\u0131rsatlar ve riskler: Online teknolojilerin \u00e7ocuklar taraf\u0131ndan nas\u0131l kullan\u0131ld\u0131\u011f\u0131, ebeveynlerin onlara ayak uydurup uyduramad\u0131\u011f\u0131 ve risklerle m\u00fccadele y\u00f6ntemleri&#8221; konular\u0131n\u0131n ele al\u0131nd\u0131\u011f\u0131 uluslararas\u0131 toplant\u0131da, SIP taraf\u0131ndan desteklenen ara\u015ft\u0131rma projesinin sonu\u00e7lar\u0131 ele al\u0131nd\u0131.<\/p>\n<p>Aralar\u0131nda T\u00fcrkiye&#8217;nin de bulundu\u011fu 25 Avrupa \u00fclkesinde &#8221;EU Kids Online II&#8221; ad\u0131yla yap\u0131lan ara\u015ft\u0131rmada, \u00e7ocuklar\u0131n ve ebeveynlerin internet kullan\u0131m\u0131na dair veriler de\u011ferlendirilirken, tehdit alg\u0131lar\u0131 s\u0131raland\u0131.<\/p>\n<p>\u0130nternet \u00fczerinden \u00e7ocuklar\u0131 istismar etmeye \u00e7al\u0131\u015fan k\u00f6t\u00fc niyetli ki\u015filerin karakterleri ve davran\u0131\u015flar\u0131n\u0131 g\u00f6zler \u00f6n\u00fcne seren ara\u015ft\u0131rmada, tehlikenin boyutlar\u0131na dikkat \u00e7ekilerek d\u00fcnya \u00e7ap\u0131nda alarma ge\u00e7ilmesi istenildi.<\/p>\n<p>Avrupa Komisyonu Bilgi Toplumu ve Medya Direkt\u00f6rl\u00fc\u011f\u00fc E-\u0130\u00e7erik ve G\u00fcvenli \u0130nternet Birimi Ba\u015fkan\u0131 Richard Swetenham yapt\u0131\u011f\u0131 a\u00e7\u0131klamada, forumun \u00f6nemine dikkati \u00e7ekerek, \u00e7ocuklar\u0131n interneti daha g\u00fcvenli kullanmalar\u0131 i\u00e7in anne-babalar \u00fczerinde fark\u0131ndal\u0131k yaratmaya \u00e7al\u0131\u015ft\u0131klar\u0131n\u0131 s\u00f6yledi.<\/p>\n<p>\u00c7ocuklar\u0131n genellikle odalar\u0131nda bulunan bilgisayar arac\u0131l\u0131\u011f\u0131yla internete ba\u011fland\u0131\u011f\u0131na i\u015faret eden Swetenham, b\u00f6ylelikle sanal ortamda saatlerce vakit ge\u00e7irdiklerini belirtti. \u00c7e\u015fitli sohbet odalar\u0131 ve sosyal payla\u015f\u0131m siteleri arac\u0131l\u0131\u011f\u0131yla \u00e7ocuklar\u0131n hi\u00e7 tan\u0131mad\u0131\u011f\u0131 ki\u015filerle arkada\u015fl\u0131k kurdu\u011funu kaydeden Swetenham, bunun son derece tehlikeli oldu\u011funu vurgulad\u0131.<\/p>\n<p>Ailelerin mutlaka \u00e7ocuklar\u0131n internet \u00fczerinden ileti\u015fim kurdu\u011fu ki\u015fileri tan\u0131mas\u0131 tavsiyesinde bulunan Richard Swetenham, &#8221;Bu durumda anne ve babalar tehlike riskini en aza indirmi\u015f olur. Bu t\u00fcm aileler i\u00e7in kolektif bir davran\u0131\u015f bi\u00e7imi olmal\u0131&#8221; dedi.<\/p>\n<p>\u0130nternet \u00fczerindeki yapt\u0131r\u0131m ve uygulamalarla daha g\u00fcvenli bir ortam olu\u015fturulmas\u0131n\u0131n \u00f6nemine de\u011finen Swetenham, T\u00fcrkiye&#8217;nin &#8221;G\u00fcvenli \u0130nternet Forumu&#8221;na kat\u0131lmak \u00fczere anla\u015fma imzalad\u0131\u011f\u0131n\u0131 bildirerek, 2011 y\u0131l\u0131nda formun resmi \u00fcyesi olaca\u011f\u0131n\u0131 kaydetti.<\/p>\n<p>-T\u00dcRK\u0130YE AVRUPA&#8217;YA \u00d6RNEK G\u00d6STER\u0130LD\u0130-<\/p>\n<p>Formun oturumlar\u0131nda yap\u0131lan sunumlar\u0131nda &#8221;g\u00fcvenli internet&#8221; i\u00e7in Avrupa \u00fclkelerinde daha \u00e7ok bireysel \u00f6nlemler al\u0131nd\u0131\u011f\u0131 bilgisi verilerek, yasal d\u00fczenleme gereklili\u011finin yeni fark\u0131na var\u0131ld\u0131\u011f\u0131 vurguland\u0131.<\/p>\n<p>T\u00fcrkiye&#8217;nin bu konuda AB \u00fclkelerine g\u00f6re daha hassas oldu\u011funu belirten uzmanlar, 2007 y\u0131l\u0131nda kabul edilen 5651 say\u0131l\u0131 &#8221;\u0130nternet Ortam\u0131nda Yap\u0131lan Yay\u0131nlar\u0131n D\u00fczenlenmesi ve Bu Yay\u0131nlar Yoluyla \u0130\u015flenen Su\u00e7larla M\u00fccadele Edilmesi Hakk\u0131ndaki Kanun&#8221;na dikkati \u00e7ekti.<\/p>\n<p>T\u00fcrkiye&#8217;deki yasal d\u00fczenlemenin bir AB direktifi olarak t\u00fcm \u00fcye \u00fclkelere tavsiye edildi\u011fi forumda, sivil toplum kurulu\u015flar\u0131ndan da destek al\u0131nmas\u0131 \u00f6nerisinde bulunuldu.<\/p>\n<p>Toplant\u0131ya T\u00fcrkiye&#8217;den Ula\u015ft\u0131rma Bakanl\u0131\u011f\u0131, Telekom\u00fcnikasyon \u0130leti\u015fim Ba\u015fkanl\u0131\u011f\u0131 (T\u0130B) ve \u0130nternet Kurulu temsilcileri kat\u0131ld\u0131.<\/p>\n","protected":false},"excerpt":{"rendered":"<p>D\u0131\u015f Haberler &#8211; Avrupa&#8217;da &#8216;g\u00fcvenli internet&#8217; alarm\u0131: &#8220;Avrupa&#8217;da &#8216;g\u00fcvenli internet&#8217; alarm\u0131 21.10.2010 L\u00fcksemburg&#8217;ta toplanan &#8221;G\u00fcvenli \u0130nternet Formu&#8221;nda \u00e7ocuklar\u0131n sanal ortamda kar\u015f\u0131 kar\u015f\u0131ya kald\u0131\u011f\u0131 tehditlere vurgu yap\u0131larak, d\u00fcnya \u00e7ap\u0131nda alarma ge\u00e7ilmesi \u00e7a\u011fr\u0131s\u0131nda bulunuldu. Avrupa Birli\u011fi&#8217;nin (AB) G\u00fcvenli \u0130nternet Program\u0131 (Safer Internet Programme-SIP) taraf\u0131ndan 2004 y\u0131l\u0131ndan beri d\u00fczenlenen konferansa, d\u00fcnyan\u0131n \u00e7e\u015fitli \u00fclkelerinden temsilciler kat\u0131ld\u0131. &#8221;Online f\u0131rsatlar ve riskler: Online teknolojilerin \u00e7ocuklar taraf\u0131ndan&#8230;<\/p>\n","protected":false},"author":1,"featured_media":0,"comment_status":"open","ping_status":"closed","sticky":false,"template":"","format":"standard","meta":{"jetpack_post_was_ever_published":false,"_jetpack_newsletter_access":"","_jetpack_dont_email_post_to_subs":false,"_jetpack_newsletter_tier_id":0,"_jetpack_memberships_contains_paywalled_content":false,"_jetpack_memberships_contains_paid_content":false,"footnotes":"","jetpack_publicize_message":"","jetpack_publicize_feature_enabled":true,"jetpack_social_post_already_shared":false,"jetpack_social_options":{"image_generator_settings":{"template":"highway","default_image_id":0,"font":"","enabled":false},"version":2}},"categories":[22,21,17,67],"tags":[],"class_list":["post-1234","post","type-post","status-publish","format-standard","hentry","category-5651-nolu-kanun","category-erisim-engelleme","category-tib","category-turkiye"],"jetpack_publicize_connections":[],"jetpack_featured_media_url":"","jetpack_sharing_enabled":true,"jetpack_shortlink":"https:\/\/wp.me\/p7wjA8-jU","jetpack-related-posts":[],"_links":{"self":[{"href":"https:\/\/privacy.cyber-rights.org.tr\/index.php?rest_route=\/wp\/v2\/posts\/1234","targetHints":{"allow":["GET"]}}],"collection":[{"href":"https:\/\/privacy.cyber-rights.org.tr\/index.php?rest_route=\/wp\/v2\/posts"}],"about":[{"href":"https:\/\/privacy.cyber-rights.org.tr\/index.php?rest_route=\/wp\/v2\/types\/post"}],"author":[{"embeddable":true,"href":"https:\/\/privacy.cyber-rights.org.tr\/index.php?rest_route=\/wp\/v2\/users\/1"}],"replies":[{"embeddable":true,"href":"https:\/\/privacy.cyber-rights.org.tr\/index.php?rest_route=%2Fwp%2Fv2%2Fcomments&post=1234"}],"version-history":[{"count":1,"href":"https:\/\/privacy.cyber-rights.org.tr\/index.php?rest_route=\/wp\/v2\/posts\/1234\/revisions"}],"predecessor-version":[{"id":1235,"href":"https:\/\/privacy.cyber-rights.org.tr\/index.php?rest_route=\/wp\/v2\/posts\/1234\/revisions\/1235"}],"wp:attachment":[{"href":"https:\/\/privacy.cyber-rights.org.tr\/index.php?rest_route=%2Fwp%2Fv2%2Fmedia&parent=1234"}],"wp:term":[{"taxonomy":"category","embeddable":true,"href":"https:\/\/privacy.cyber-rights.org.tr\/index.php?rest_route=%2Fwp%2Fv2%2Fcategories&post=1234"},{"taxonomy":"post_tag","embeddable":true,"href":"https:\/\/privacy.cyber-rights.org.tr\/index.php?rest_route=%2Fwp%2Fv2%2Ftags&post=1234"}],"curies":[{"name":"wp","href":"https:\/\/api.w.org\/{rel}","templated":true}]}}