{"id":1236,"date":"2010-10-21T19:44:52","date_gmt":"2010-10-21T16:44:52","guid":{"rendered":"http:\/\/privacy.cyber-rights.org.tr\/?p=1236"},"modified":"2010-10-21T19:44:55","modified_gmt":"2010-10-21T16:44:55","slug":"facebook-team-examining-options-ahead-of-possible-turkish-ban-hurriyet-daily-news-and-economic-review","status":"publish","type":"post","link":"https:\/\/privacy.cyber-rights.org.tr\/?p=1236","title":{"rendered":"Facebook team examining options ahead of possible Turkish ban &#8211; Hurriyet Daily News and Economic Review"},"content":{"rendered":"<p><a href=\"http:\/\/www.hurriyetdailynews.com\/n.php?n=facebook-team-set-up-to-work-to-sort-a-possible-ban-to-the-website-in-turkey-2010-10-18\">Facebook team examining options ahead of possible Turkish ban &#8211; Hurriyet Daily News and Economic Review<\/a><\/p>\n<p>Monday, October 18, 2010<br \/>\nISTANBUL &#8211; H\u00fcrriyet Daily News<\/p>\n<p>&#8216;Our policy guys are working on it,&#8217; says Trevor Johnson, Facebook\u2019s Strategic and Planning Department chair responsible for Europe, Middle East and Africa. DAILY NEWS photo, Emrah G\u00dcREL<\/p>\n<p>Facebook\u2019s policy team is working on various scenarios for the site in Turkey ahead of an order from one of the country\u2019s courts that could ban access to the popular social networking hub, a company official said Monday.<\/p>\n<p>\u2018Our policy guys are working on it,\u2019 Trevor Johnson, Facebook\u2019s Strategic and Planning Department chair responsible for Europe, Middle East and Africa, told the H\u00fcrriyet Daily News &#038; Economic Review after a Monday speech during the two-day Interactive Marketing Summit, which is being hosted by MedyaNet in Istanbul.<\/p>\n<p>Johnson said he was aware of the recent public debates in Turkey on a possible court decision to ban access to the website after Turkey\u2019s largest opposition party\u2019s leader petitioned a court to remove offensive content from a page at the beginning of October.<\/p>\n<p>The chair, however, said he could not give detailed information on whether it was technically possible to remove only some content considered \u2018offensive\u2019 by the Turkish legislation, adding that the policy team was still working on the case.<\/p>\n<p>He also said he did not know whether there was a deadline for the team to emerge with a solution to the issue.<\/p>\n<p>Lawyers for Kemal K\u0131l\u0131\u00e7daro\u011flu, the leader of the Republican People\u2019s Party, or CHP, filed a criminal complaint two weeks ago after a Facebook group claiming that the opposition leader was a member of the outlawed Kurdistan Workers\u2019 Party, or PKK.<\/p>\n<p>CHP officials told the Daily News in an Oct. 7 interview that the party had not asked for Facebook to be banned altogether, but only that the offensive content to be removed.<\/p>\n<p>K\u0131l\u0131\u00e7daro\u011flu is not the first person to file a case against content on Facebook. Turkish Transportation Minister Binali Y\u0131ld\u0131r\u0131m said in a press conference two weeks ago that 30 over judicial decisions had been issued to ban the site in Turkey.<\/p>\n<p>The orders have not yet been implemented Y\u0131ld\u0131r\u0131m said, adding that Facebook had also not made any appeals to a higher court on the issue.<\/p>\n<p>The minister, however, warned that the site could soon be banned if one of the judicial rulings is put into effect.<\/p>\n<p>If the court hearing the K\u0131l\u0131\u00e7daro\u011flu case does decide to ban the website, more than 22.5 million Facebook users in Turkey would lose access to their accounts.<\/p>\n<p>Access to other popular websites such as the video-sharing portal YouTube has been banned since a court order in 2007. Civil society organizations have continuously organized protests against Law no. 5651, under which access to websites is banned.<\/p>\n<p>Many legal experts believe the law violates fundamental and constitutional rights to inform people and be informed.<\/p>\n","protected":false},"excerpt":{"rendered":"<p>Facebook team examining options ahead of possible Turkish ban &#8211; Hurriyet Daily News and Economic Review Monday, October 18, 2010 ISTANBUL &#8211; H\u00fcrriyet Daily News &#8216;Our policy guys are working on it,&#8217; says Trevor Johnson, Facebook\u2019s Strategic and Planning Department chair responsible for Europe, Middle East and Africa. DAILY NEWS photo, Emrah G\u00dcREL Facebook\u2019s policy team is working on various&#8230;<\/p>\n","protected":false},"author":1,"featured_media":0,"comment_status":"open","ping_status":"closed","sticky":false,"template":"","format":"standard","meta":{"jetpack_post_was_ever_published":false,"_jetpack_newsletter_access":"","_jetpack_dont_email_post_to_subs":false,"_jetpack_newsletter_tier_id":0,"_jetpack_memberships_contains_paywalled_content":false,"_jetpack_memberships_contains_paid_content":false,"footnotes":"","jetpack_publicize_message":"","jetpack_publicize_feature_enabled":true,"jetpack_social_post_already_shared":false,"jetpack_social_options":{"image_generator_settings":{"template":"highway","default_image_id":0,"font":"","enabled":false},"version":2}},"categories":[22,23,6,21,55,3,17,11],"tags":[],"class_list":["post-1236","post","type-post","status-publish","format-standard","hentry","category-5651-nolu-kanun","category-blocking-and-filtering","category-censorship","category-erisim-engelleme","category-facebook","category-sansur","category-tib","category-turkey"],"jetpack_publicize_connections":[],"jetpack_featured_media_url":"","jetpack_sharing_enabled":true,"jetpack_shortlink":"https:\/\/wp.me\/p7wjA8-jW","jetpack-related-posts":[],"_links":{"self":[{"href":"https:\/\/privacy.cyber-rights.org.tr\/index.php?rest_route=\/wp\/v2\/posts\/1236","targetHints":{"allow":["GET"]}}],"collection":[{"href":"https:\/\/privacy.cyber-rights.org.tr\/index.php?rest_route=\/wp\/v2\/posts"}],"about":[{"href":"https:\/\/privacy.cyber-rights.org.tr\/index.php?rest_route=\/wp\/v2\/types\/post"}],"author":[{"embeddable":true,"href":"https:\/\/privacy.cyber-rights.org.tr\/index.php?rest_route=\/wp\/v2\/users\/1"}],"replies":[{"embeddable":true,"href":"https:\/\/privacy.cyber-rights.org.tr\/index.php?rest_route=%2Fwp%2Fv2%2Fcomments&post=1236"}],"version-history":[{"count":1,"href":"https:\/\/privacy.cyber-rights.org.tr\/index.php?rest_route=\/wp\/v2\/posts\/1236\/revisions"}],"predecessor-version":[{"id":1237,"href":"https:\/\/privacy.cyber-rights.org.tr\/index.php?rest_route=\/wp\/v2\/posts\/1236\/revisions\/1237"}],"wp:attachment":[{"href":"https:\/\/privacy.cyber-rights.org.tr\/index.php?rest_route=%2Fwp%2Fv2%2Fmedia&parent=1236"}],"wp:term":[{"taxonomy":"category","embeddable":true,"href":"https:\/\/privacy.cyber-rights.org.tr\/index.php?rest_route=%2Fwp%2Fv2%2Fcategories&post=1236"},{"taxonomy":"post_tag","embeddable":true,"href":"https:\/\/privacy.cyber-rights.org.tr\/index.php?rest_route=%2Fwp%2Fv2%2Ftags&post=1236"}],"curies":[{"name":"wp","href":"https:\/\/api.w.org\/{rel}","templated":true}]}}