{"id":1238,"date":"2010-10-21T20:13:38","date_gmt":"2010-10-21T17:13:38","guid":{"rendered":"http:\/\/privacy.cyber-rights.org.tr\/?p=1238"},"modified":"2010-10-21T20:13:42","modified_gmt":"2010-10-21T17:13:42","slug":"bugun-kilicdaroglu-sitesi-erisime-engellendi-kilicdaroglu-mahkeme-karari-cikardi-veda-ediyoruz","status":"publish","type":"post","link":"https:\/\/privacy.cyber-rights.org.tr\/?p=1238","title":{"rendered":"Bug\u00fcn K\u0131l\u0131\u00e7daro\u011flu Sitesi eri\u015fime engellendi: K\u0131l\u0131\u00e7daro\u011flu mahkeme karar\u0131 \u00e7\u0131kard\u0131: Veda ediyoruz"},"content":{"rendered":"<p><a href=\"http:\/\/www.bilgiedinmehakki.org\/proxy\/index.php?q=aHR0cDovL2J1Z3Vua2lsaWNkYXJvZ2x1LmNvbS8yMDEwLzEwLzAxL2tpbGljZGFyb2dsdS1tYWhrZW1lLWthcmFyaS1jaWthcmRpLXZlZGEtZWRpeW9ydXov&#038;hl=3ed\">K\u0131l\u0131\u00e7daro\u011flu mahkeme karar\u0131 \u00e7\u0131kard\u0131: Veda ediyoruz | Bug\u00fcn K\u0131l\u0131\u00e7daro\u011flu<\/a><\/p>\n<p>http:\/\/bugunkilicdaroglu.com <\/p>\n<p>Timur Manisal\u0131 taraf\u0131ndan 01 Ekim 2010 tarihinde yaz\u0131lan yaz\u0131y\u0131 mutlaka okuyun:\t<\/p>\n<p>Buraya kadarm\u0131\u015f.<\/p>\n<p>Demin ald\u0131\u011f\u0131m bir e-posta, bu siteyi yazmaya devam edersem zeytin \u00e7ekirde\u011finden tesbih yapacak kadar bol vakit vaad ediyor bana. Ama hapiste.<\/p>\n<p>Mahkeme karar\u0131 \u00e7\u0131kartm\u0131\u015f K\u0131l\u0131\u00e7daro\u011flu. Blog\u2019u kapatt\u0131rm\u0131\u015f. Bence abartm\u0131\u015f. Bir miktar n\u00fckte yapm\u0131\u015f olabilirim. Ama kendisine asla hakaret etmedim.<\/p>\n<p>Ben olsayd\u0131m mahkemeye vermek bir kenara dikkatle takip ederdim.<\/p>\n<p>Neysi. Mukadderat. Ben korkak adam\u0131m. \u00d6yle hapise mapise giremem. Tespih yapmaktan filan hi\u00e7 anlamam.<\/p>\n<p>Zaten bir i\u015fe yarad\u0131\u011f\u0131m da yoktu.<\/p>\n<p>Beraber ge\u00e7irdi\u011fimiz zaman i\u00e7in sizlere ve CHP sitesine te\u015fekk\u00fcrler ediyor, bu blog\u2019u \u00f6l\u00fcme terk ediyorum.<\/p>\n<p>Zaten eri\u015fimin engellenmesine karar verilmi\u015f. Bug\u00fcn yar\u0131n ula\u015f\u0131lamaz olur. Bir de yarg\u0131 yava\u015f i\u015fler diyorlar memlekette. Halt etmi\u015fler.<\/p>\n<p>Sevgilerimle,<\/p>\n<p>Yetkilisi bulundu\u011funuz http:\/\/bugunkilicdaroglu.com internet sitesine ekte sunulan Ankara 3. Sulh<br \/>\nCeza Mahkemesi 2010\/55 D.\u0130\u015f, 28.09.2010 tarih say\u0131l\u0131 karar\u0131 ile eri\u015fimin<br \/>\nengellenmesine karar verilmi\u015ftir. \u0130\u015f bu karar\u0131n derhal taraf\u0131n\u0131zdan yerine<br \/>\ngetirilmesi aksi takdirde 5651 say\u0131l\u0131 \u0130nternet Ortam\u0131nda Yap\u0131lan Yay\u0131nlar\u0131n<br \/>\nD\u00fczenlenmesi Ve Bu Yay\u0131nlar Yoluyla \u0130\u015flenen Su\u00e7larla M\u00fccadele Edilmesi<br \/>\nHakk\u0131nda Kanun\u2019 un 9. maddesinin 4. f\u0131kras\u0131\u2019 nda yer alan; \u2018Sulh ceza<br \/>\nhakiminin karar\u0131n\u0131 bu maddede belirtilen \u015fartlara uygun olarak ve s\u00fcresinde<br \/>\nyerine getirmeyen sorumlu ki\u015fi, alt\u0131 aydan iki y\u0131la kadar hapis cezas\u0131 ile<br \/>\ncezaland\u0131r\u0131l\u0131r. \u0130\u00e7erik veya yer sa\u011flay\u0131c\u0131n\u0131n t\u00fczel ki\u015fi olmas\u0131 halinde, bu<br \/>\nf\u0131kra h\u00fckm\u00fc yay\u0131n sorumlusu hakk\u0131nda uygulan\u0131r.\u2019 H\u00fckm\u00fc gere\u011fince 6 aydan 2<br \/>\ny\u0131la kadar hapis cezas\u0131 ile cezaland\u0131r\u0131laca\u011f\u0131n\u0131z her t\u00fcrl\u00fc maddi-manevi<br \/>\ntazminat hakk\u0131m\u0131z sakl\u0131 kalmak kayd\u0131yla ihtar olunur.<\/p>\n<p>Kemal K\u0131l\u0131\u00e7daro\u011flu Vekili<\/p>\n<p>Av. \u0130lsu \u00c7ATAK<\/p>\n<p>Not: Bir de PDF attach edilmi\u015f. Gere\u011fi d\u00fc\u015f\u00fcn\u00fcld\u00fc diye ba\u015fl\u0131yor. Onu eklemedim.&#8221;<\/p>\n<p>(Via <a href=\"\"><\/a>.)<\/p>\n","protected":false},"excerpt":{"rendered":"<p>K\u0131l\u0131\u00e7daro\u011flu mahkeme karar\u0131 \u00e7\u0131kard\u0131: Veda ediyoruz | Bug\u00fcn K\u0131l\u0131\u00e7daro\u011flu http:\/\/bugunkilicdaroglu.com Timur Manisal\u0131 taraf\u0131ndan 01 Ekim 2010 tarihinde yaz\u0131lan yaz\u0131y\u0131 mutlaka okuyun: Buraya kadarm\u0131\u015f. Demin ald\u0131\u011f\u0131m bir e-posta, bu siteyi yazmaya devam edersem zeytin \u00e7ekirde\u011finden tesbih yapacak kadar bol vakit vaad ediyor bana. Ama hapiste. Mahkeme karar\u0131 \u00e7\u0131kartm\u0131\u015f K\u0131l\u0131\u00e7daro\u011flu. Blog\u2019u kapatt\u0131rm\u0131\u015f. Bence abartm\u0131\u015f. Bir miktar n\u00fckte yapm\u0131\u015f olabilirim. Ama kendisine asla&#8230;<\/p>\n","protected":false},"author":1,"featured_media":0,"comment_status":"open","ping_status":"closed","sticky":false,"template":"","format":"standard","meta":{"jetpack_post_was_ever_published":false,"_jetpack_newsletter_access":"","_jetpack_dont_email_post_to_subs":false,"_jetpack_newsletter_tier_id":0,"_jetpack_memberships_contains_paywalled_content":false,"_jetpack_memberships_contains_paid_content":false,"footnotes":"","jetpack_publicize_message":"","jetpack_publicize_feature_enabled":true,"jetpack_social_post_already_shared":false,"jetpack_social_options":{"image_generator_settings":{"template":"highway","default_image_id":0,"font":"","enabled":false},"version":2}},"categories":[22,153,5,21,157,17],"tags":[],"class_list":["post-1238","post","type-post","status-publish","format-standard","hentry","category-5651-nolu-kanun","category-9-madde","category-dusunce-ozgurlugu","category-erisim-engelleme","category-tedbir","category-tib"],"jetpack_publicize_connections":[],"jetpack_featured_media_url":"","jetpack_sharing_enabled":true,"jetpack_shortlink":"https:\/\/wp.me\/p7wjA8-jY","jetpack-related-posts":[],"_links":{"self":[{"href":"https:\/\/privacy.cyber-rights.org.tr\/index.php?rest_route=\/wp\/v2\/posts\/1238","targetHints":{"allow":["GET"]}}],"collection":[{"href":"https:\/\/privacy.cyber-rights.org.tr\/index.php?rest_route=\/wp\/v2\/posts"}],"about":[{"href":"https:\/\/privacy.cyber-rights.org.tr\/index.php?rest_route=\/wp\/v2\/types\/post"}],"author":[{"embeddable":true,"href":"https:\/\/privacy.cyber-rights.org.tr\/index.php?rest_route=\/wp\/v2\/users\/1"}],"replies":[{"embeddable":true,"href":"https:\/\/privacy.cyber-rights.org.tr\/index.php?rest_route=%2Fwp%2Fv2%2Fcomments&post=1238"}],"version-history":[{"count":1,"href":"https:\/\/privacy.cyber-rights.org.tr\/index.php?rest_route=\/wp\/v2\/posts\/1238\/revisions"}],"predecessor-version":[{"id":1239,"href":"https:\/\/privacy.cyber-rights.org.tr\/index.php?rest_route=\/wp\/v2\/posts\/1238\/revisions\/1239"}],"wp:attachment":[{"href":"https:\/\/privacy.cyber-rights.org.tr\/index.php?rest_route=%2Fwp%2Fv2%2Fmedia&parent=1238"}],"wp:term":[{"taxonomy":"category","embeddable":true,"href":"https:\/\/privacy.cyber-rights.org.tr\/index.php?rest_route=%2Fwp%2Fv2%2Fcategories&post=1238"},{"taxonomy":"post_tag","embeddable":true,"href":"https:\/\/privacy.cyber-rights.org.tr\/index.php?rest_route=%2Fwp%2Fv2%2Ftags&post=1238"}],"curies":[{"name":"wp","href":"https:\/\/api.w.org\/{rel}","templated":true}]}}