{"id":1240,"date":"2010-10-25T16:50:12","date_gmt":"2010-10-25T13:50:12","guid":{"rendered":"http:\/\/privacy.cyber-rights.org.tr\/?p=1240"},"modified":"2010-10-25T16:50:15","modified_gmt":"2010-10-25T13:50:15","slug":"facebooktan-basbakani-elestiren-ogretmen-gorevden-alindi","status":"publish","type":"post","link":"https:\/\/privacy.cyber-rights.org.tr\/?p=1240","title":{"rendered":"Facebook&#8217;tan Ba\u015fbakan&#8217;\u0131 ele\u015ftiren \u00f6\u011fretmen g\u00f6revden al\u0131nd\u0131"},"content":{"rendered":"<p>Ele\u015ftiriye tahamm\u00fcls\u00fczl\u00fck \u00f6rne\u011fidir&#8230;.<\/p>\n<p><a href=\"http:\/\/www.memuruz.net\/haber\/facebook-ogretmeni-yakti-23479.htm#\">Facebook&#8217;tan Ba\u015fbakan&#8217;\u0131 ele\u015ftiren \u00f6\u011fretmen g\u00f6revden al\u0131nd\u0131<\/a>: <\/p>\n<p>Facebook \u00f6\u011fretmeni Yakt\u0131<br \/>\n24 Ekim 2010 Pazar 12:52<\/p>\n<p>Facebook&#8217;taki sayfas\u0131nda 12 Eyl\u00fcl&#8217;de yap\u0131lan referandumla ilgili olarak, &#8216;Referandum&#8217;da oyum hay\u0131r&#8217; diyen S\u00f6zle\u015fmeli \u00f6\u011fretmen B.Y. g\u00f6revinden al\u0131nd\u0131.<\/p>\n<p>\u00c7orum\u2019da s\u00f6zle\u015fmeli olarak g\u00f6rev yapan, \u00f6\u011fretmen B. Y., internette ki\u015fisel facebook sayfas\u0131nda; referandumda \u2019hay\u0131r\u2019 oyu verece\u011fini ifade ederek, Ba\u015fbakan Erdo\u011fan hakk\u0131nda hakaret i\u00e7eren fiadelere yer vererek, &#8216;Madem 12 Eyl\u00fcl\u2019le ilgili derdiniz vard\u0131, 7 y\u0131ld\u0131r neredeydiniz&#8217; y\u00f6nelik ifadeleri nedeniyle hakk\u0131nda soru\u015fturma ba\u015flat\u0131ld\u0131. Soru\u015fturma sonunda, \u00c7orum Valili\u011fi\u2019nce \u00f6\u011fretmen g\u00f6revden uzakla\u015ft\u0131r\u0131ld\u0131.<\/p>\n<p>Konuya ili\u015fkin bir a\u00e7\u0131klama yapan, E\u011fitim-Sen \u00c7orum \u015eube Ba\u015fkan\u0131 Halil \u00d6zbent, &#8216;\u00f6\u011fretmenin g\u00f6revden uzakla\u015ft\u0131r\u0131lmas\u0131, iktidar\u0131n ele\u015ftiriye tahamm\u00fcl\u00fc olmad\u0131\u011f\u0131n\u0131 g\u00f6stermekte&#8217; oldu\u011funu savundu.<\/p>\n<p>&#8216;Soru\u015fturma i\u015fleminin hen\u00fcz ba\u015f\u0131nda, konunun ne oldu\u011fu bile anla\u015f\u0131lmadan, \u00f6\u011fretmenin a\u00e7\u0131\u011fa al\u0131nmas\u0131, \u015fikayetin hangi ama\u00e7la ve ni\u00e7in yap\u0131ld\u0131\u011f\u0131n\u0131, iktidar yanl\u0131lar\u0131n\u0131n kendisi d\u00fc\u015f\u00fcnmeyenlere de nas\u0131l bakt\u0131\u011f\u0131n\u0131 g\u00f6steren somut bir \u00f6rnek olmu\u015ftur&#8217; diye konu\u015fan \u00d6zbent, &#8216;E\u011fer o ifadeler ba\u015fka birine yaz\u0131lsayd\u0131, \u00f6\u011fretmen ayn\u0131 \u015fekilde g\u00f6revinden uzakla\u015ft\u0131r\u0131l\u0131r m\u0131yd\u0131&#8217; diye sordu.<\/p>\n<p>\u00d6\u011fretmenin ki\u015fisel sayfas\u0131ndaki s\u00f6zlerinin, ele\u015ftiri s\u0131n\u0131rlar\u0131n\u0131 a\u015fan ifadeler olarak g\u00f6r\u00fclebilece\u011fi ve inceleme konusu yap\u0131labilece\u011fini dile getiren \u00d6zbent, &#8216;Ancak, toplamda 10-15 ki\u015fi d\u0131\u015f\u0131nda kimsenin ula\u015fma imkan\u0131 olmayan; okul ve mesleki ya\u015fam\u0131n d\u0131\u015f\u0131ndaki bir d\u00f6nemde; ki\u015fisel bilgilerden yola \u00e7\u0131karak; cezaland\u0131rma i\u015flemine gitmesi ve \u00f6\u011fretmeni a\u00e7\u0131\u011fa almak tam bir yarg\u0131s\u0131z infazd\u0131r&#8217; dedi.<\/p>\n<p>G\u00f6revden uzakla\u015ft\u0131rma i\u015fleminin, kamu g\u00f6revlileri hakk\u0131nda T\u00fcrk Ceza Yasas\u0131\u2019na ve disiplin h\u00fck\u00fcmlerine g\u00f6re soru\u015fturman\u0131n sa\u011fl\u0131kl\u0131 bi\u00e7imde y\u00fcr\u00fct\u00fclmesi i\u00e7in ba\u015fvurulan ge\u00e7ici bir y\u00f6ntem oldu\u011funa vurgu yapan \u00d6zbent, &#8216;G\u00f6revden uzakla\u015ft\u0131rma delillerin karart\u0131lmas\u0131n\u0131 engelleme ama\u00e7l\u0131d\u0131r&#8217; dedi.<\/p>\n<p>&#8216;BUNUN NERES\u0130 DEMOKRAS\u0130?&#8217;<\/p>\n<p>\u00d6zbent, s\u00f6z konusu olayda, delil karartma gibi bir durumun olmad\u0131\u011f\u0131n\u0131 ve \u00f6\u011fretmenin g\u00f6rev ba\u015f\u0131nda kalmas\u0131nda hi\u00e7bir sak\u0131nca da bulunmad\u0131\u011f\u0131n\u0131 savunarak \u00f6\u011fretmenin a\u00e7\u0131\u011fa al\u0131nm\u0131\u015f olmas\u0131n\u0131n, &#8216;hukuka ayk\u0131r\u0131&#8217; oldu\u011funu \u00f6ne s\u00fcrd\u00fc. \u00d6zbent \u015f\u00f6yle devam etti:<\/p>\n<p>&#8216;\u0130darenin, referandumla ilgili olarak Ba\u015fbakana y\u00f6nelik ele\u015ftirel s\u00f6zler i\u00e7in bir \u00f6\u011fretmenin g\u00f6revden uzakla\u015ft\u0131rmas\u0131 bir tahamm\u00fcls\u00fczl\u00fck \u00f6rne\u011fidir. \u0130nsanlar art\u0131k b\u0131rak\u0131n facebook\u2019ta yaz\u0131\u015fmay\u0131 telefonda dahi konu\u015fmaktan \u00e7ekinir hale gelmi\u015ftir.<\/p>\n<p>\u0130darenin, \u00f6\u011fretmeni g\u00f6revden uzakla\u015ft\u0131rmakla yetinmeyip almas\u0131 gereken 3\/2\u2019lik maa\u015f\u0131n\u0131 bile 10 g\u00fcnd\u00fcr \u00f6dememesi ise i\u015fin ba\u015fka bir keyfili\u011fidir. Sormak istiyoruz. Bunun neresi demokrasi?<\/p>\n<p>H\u00fck\u00fcmetin kendi yaratt\u0131\u011f\u0131 siyasi gerginli\u011fin sonucunda, \u00f6\u011fretmenin hislerini ki\u015fisel sayfas\u0131nda yazmas\u0131ndan dolay\u0131 g\u00f6revden uzakla\u015ft\u0131rmas\u0131, garabet bir durumdur.<\/p>\n<p>E\u011fitim-Sen olarak, \u00c7orum Valili\u011fi\u2019nin \u00f6\u011fretmeni g\u00f6revden uzakla\u015ft\u0131r\u0131lmas\u0131 y\u00f6n\u00fcnde verdi\u011fi karar\u0131, \u00e7ok a\u011f\u0131r ve yanl\u0131\u015f buluyoruz. \u00d6\u011fretmenin soru\u015fturma s\u00fcrecinde okulda \u00e7al\u0131\u015fmas\u0131n\u0131 engelleyecek bir durum s\u00f6z konusu de\u011fildir.Bu nedenle g\u00f6revden alma i\u015flemi bir an \u00f6nce sona erdirilmeli, \u00f6\u011fretmenin \u00f6zl\u00fck haklar\u0131n\u0131n gecikmeden \u00f6denerek ma\u011fduriyet ortadan kald\u0131r\u0131lmal\u0131d\u0131r.&#8217; Vatan&#8221;<\/p>\n<p>(Via <a href=\"\"><\/a>.)<\/p>\n","protected":false},"excerpt":{"rendered":"<p>Ele\u015ftiriye tahamm\u00fcls\u00fczl\u00fck \u00f6rne\u011fidir&#8230;. Facebook&#8217;tan Ba\u015fbakan&#8217;\u0131 ele\u015ftiren \u00f6\u011fretmen g\u00f6revden al\u0131nd\u0131: Facebook \u00f6\u011fretmeni Yakt\u0131 24 Ekim 2010 Pazar 12:52 Facebook&#8217;taki sayfas\u0131nda 12 Eyl\u00fcl&#8217;de yap\u0131lan referandumla ilgili olarak, &#8216;Referandum&#8217;da oyum hay\u0131r&#8217; diyen S\u00f6zle\u015fmeli \u00f6\u011fretmen B.Y. g\u00f6revinden al\u0131nd\u0131. \u00c7orum\u2019da s\u00f6zle\u015fmeli olarak g\u00f6rev yapan, \u00f6\u011fretmen B. Y., internette ki\u015fisel facebook sayfas\u0131nda; referandumda \u2019hay\u0131r\u2019 oyu verece\u011fini ifade ederek, Ba\u015fbakan Erdo\u011fan hakk\u0131nda hakaret i\u00e7eren fiadelere yer vererek,&#8230;<\/p>\n","protected":false},"author":1,"featured_media":0,"comment_status":"open","ping_status":"closed","sticky":false,"template":"","format":"standard","meta":{"jetpack_post_was_ever_published":false,"_jetpack_newsletter_access":"","_jetpack_dont_email_post_to_subs":false,"_jetpack_newsletter_tier_id":0,"_jetpack_memberships_contains_paywalled_content":false,"_jetpack_memberships_contains_paid_content":false,"footnotes":"","jetpack_publicize_message":"","jetpack_publicize_feature_enabled":true,"jetpack_social_post_already_shared":false,"jetpack_social_options":{"image_generator_settings":{"template":"highway","default_image_id":0,"font":"","enabled":false},"version":2}},"categories":[5,161,55,67],"tags":[],"class_list":["post-1240","post","type-post","status-publish","format-standard","hentry","category-dusunce-ozgurlugu","category-elestiri","category-facebook","category-turkiye"],"jetpack_publicize_connections":[],"jetpack_featured_media_url":"","jetpack_sharing_enabled":true,"jetpack_shortlink":"https:\/\/wp.me\/p7wjA8-k0","jetpack-related-posts":[],"_links":{"self":[{"href":"https:\/\/privacy.cyber-rights.org.tr\/index.php?rest_route=\/wp\/v2\/posts\/1240","targetHints":{"allow":["GET"]}}],"collection":[{"href":"https:\/\/privacy.cyber-rights.org.tr\/index.php?rest_route=\/wp\/v2\/posts"}],"about":[{"href":"https:\/\/privacy.cyber-rights.org.tr\/index.php?rest_route=\/wp\/v2\/types\/post"}],"author":[{"embeddable":true,"href":"https:\/\/privacy.cyber-rights.org.tr\/index.php?rest_route=\/wp\/v2\/users\/1"}],"replies":[{"embeddable":true,"href":"https:\/\/privacy.cyber-rights.org.tr\/index.php?rest_route=%2Fwp%2Fv2%2Fcomments&post=1240"}],"version-history":[{"count":1,"href":"https:\/\/privacy.cyber-rights.org.tr\/index.php?rest_route=\/wp\/v2\/posts\/1240\/revisions"}],"predecessor-version":[{"id":1241,"href":"https:\/\/privacy.cyber-rights.org.tr\/index.php?rest_route=\/wp\/v2\/posts\/1240\/revisions\/1241"}],"wp:attachment":[{"href":"https:\/\/privacy.cyber-rights.org.tr\/index.php?rest_route=%2Fwp%2Fv2%2Fmedia&parent=1240"}],"wp:term":[{"taxonomy":"category","embeddable":true,"href":"https:\/\/privacy.cyber-rights.org.tr\/index.php?rest_route=%2Fwp%2Fv2%2Fcategories&post=1240"},{"taxonomy":"post_tag","embeddable":true,"href":"https:\/\/privacy.cyber-rights.org.tr\/index.php?rest_route=%2Fwp%2Fv2%2Ftags&post=1240"}],"curies":[{"name":"wp","href":"https:\/\/api.w.org\/{rel}","templated":true}]}}