{"id":1242,"date":"2010-11-01T17:21:27","date_gmt":"2010-11-01T14:21:27","guid":{"rendered":"http:\/\/privacy.cyber-rights.org.tr\/?p=1242"},"modified":"2010-11-01T17:21:30","modified_gmt":"2010-11-01T14:21:30","slug":"youtubeda-seklen-sevinecek-bir-sey-yok-rahsan-gulsan-haberturk","status":"publish","type":"post","link":"https:\/\/privacy.cyber-rights.org.tr\/?p=1242","title":{"rendered":"Youtube&#8217;da \u015feklen sevinecek bir \u015fey yok &#8211; Rah\u015fan G\u00fcl\u015fan &#8211; Haberturk"},"content":{"rendered":"<p><a href=\"http:\/\/www.haberturk.com\/yazarlar\/567135-youtubeda-seklen-sevinecek-bir-sey-yok\">Youtube&#8217;da \u015feklen sevinecek bir \u015fey yok &#8211; Rah\u015fan G\u00fcl\u015fan &#8211; Haberturk<\/a><\/p>\n<p>01 Kas\u0131m 2010 Pazartesi, 12:45:19<\/p>\n<p>YOUTUBE&#8217;UN a\u00e7\u0131lm\u0131\u015f oldu\u011fu haberi \u00f6nceki g\u00fcn dalga dalga yay\u0131ld\u0131. \u00d6zellikle sosyal a\u011flarda \u00e7ok sevin\u00e7le kar\u015f\u0131land\u0131 ve g\u00fcn\u00fcn en \u00f6nemli konular\u0131ndan biri oldu. Oysa ben zaten a\u00e7\u0131k kalm\u0131\u015f ve hi\u00e7 kapanmam\u0131\u015f olmas\u0131 gereken bir site a\u00e7\u0131ld\u0131 diye sevinemiyorum. Yar\u0131m yamalak ve engelleyici bir zihniyetle tasarlanm\u0131\u015f bir yasay\u0131 d\u00fczeltmeden arkas\u0131ndan dolanarak sitenin a\u00e7\u0131lmas\u0131n\u0131 sa\u011flamak bana heyecan ve ne\u015fe vermedi, vermiyor. D\u00fcn HABERT\u00dcRK Gazetesi&#8217;nde yaz\u0131lanlara g\u00f6re sitenin a\u00e7\u0131labilmesi i\u00e7in Youtube&#8217;un telif hakk\u0131 korumas\u0131 kural\u0131ndan faydalan\u0131lm\u0131\u015f. Yani sitenin sa\u011flam \u00e7al\u0131\u015fan kurallar\u0131ndan. Atat\u00fcrk&#8217;e hakaret i\u00e7erdi\u011fi s\u00f6ylenen videolardaki g\u00f6r\u00fcnt\u00fclerin telif haklar\u0131n\u0131n temsilcili\u011fi Alman bir \u015firkete (International Licencing Service) verilmi\u015f. Ve bu \u015firket Youtube&#8217;a ba\u015fvurup s\u00f6z konusu g\u00f6r\u00fcnt\u00fclerin telif haklar\u0131n\u0131n kendisinde bulundu\u011funu beyan edip g\u00f6r\u00fcnt\u00fclerin kald\u0131r\u0131lmas\u0131n\u0131 istemi\u015f. Youtube da bu g\u00f6r\u00fcnt\u00fcleri kald\u0131rm\u0131\u015f. Yani t\u0131pk\u0131 bizlerin DNS numaralar\u0131m\u0131z\u0131 de\u011fi\u015ftirip arka sokaklardan Youtube&#8217;a girmek zorunda b\u0131rak\u0131l\u0131\u015f\u0131-m\u0131z gibi devlet de kendi koydu\u011fu yasay\u0131 toparlay\u0131p d\u00fczeltmek yerine yasan\u0131n arkas\u0131ndan dola\u015fm\u0131\u015f. B\u00f6ylece Binali Y\u0131ld\u0131r\u0131m&#8217;\u0131n &#8216;Youtube vergi borcu y\u00fcz\u00fcnden&#8217; a\u00e7\u0131klamas\u0131n\u0131n ger\u00e7e\u011fi yans\u0131tmad\u0131\u011f\u0131 tescillenmi\u015f. Yine bu sayede BTK Ba\u015fkan\u0131 Tayfun Acarer&#8217;in ge\u00e7en hafta yapt\u0131\u011f\u0131 &#8216;Yasa, bir i\u00e7erik y\u00fcz\u00fcnden t\u00fcm sitenin kapat\u0131lmas\u0131n\u0131 gerektirecek \u015fekilden \u00e7\u0131kar\u0131lmal\u0131&#8217; a\u00e7\u0131klamas\u0131n\u0131n g\u00fcnl\u00fck hayatta yerini bulamayaca\u011f\u0131 tescillenmi\u015f. Bu nedenle 7000&#8217;den fazla site kapal\u0131yken, arkadan dolan\u0131p telif haklar\u0131n\u0131 bahane ettirerek g\u00f6r\u00fcnt\u00fcleri \u00e7\u0131kartt\u0131r\u0131p Youtube yasa\u011f\u0131 kald\u0131r\u0131lm\u0131\u015f gibi g\u00f6sterilen olaylara sevinemiyorum. Yine benzer bir video olu\u015fturulup yine Youtube&#8217;a konsa o yasa orada o \u015fekilde durdu\u011fu s\u00fcrece Youtube her an kapat\u0131labilir. Bizim ihtiyac\u0131m\u0131z olan \u015fey 5651 numaral\u0131 internet yasas\u0131n\u0131n hemen ve acilen yeniden \u015fekillendirilmesidir. \u0130\u015fte bu oldu\u011fu g\u00fcn ger\u00e7ekten \u00f6zg\u00fcrce, engellenmeden sevinebiliriz. Ama kimse Youtube yasa\u011f\u0131 kalkt\u0131 diye internet \u00f6zg\u00fcrle\u015fti filan zannetmesin&#8230;<\/p>\n","protected":false},"excerpt":{"rendered":"<p>Youtube&#8217;da \u015feklen sevinecek bir \u015fey yok &#8211; Rah\u015fan G\u00fcl\u015fan &#8211; Haberturk 01 Kas\u0131m 2010 Pazartesi, 12:45:19 YOUTUBE&#8217;UN a\u00e7\u0131lm\u0131\u015f oldu\u011fu haberi \u00f6nceki g\u00fcn dalga dalga yay\u0131ld\u0131. \u00d6zellikle sosyal a\u011flarda \u00e7ok sevin\u00e7le kar\u015f\u0131land\u0131 ve g\u00fcn\u00fcn en \u00f6nemli konular\u0131ndan biri oldu. Oysa ben zaten a\u00e7\u0131k kalm\u0131\u015f ve hi\u00e7 kapanmam\u0131\u015f olmas\u0131 gereken bir site a\u00e7\u0131ld\u0131 diye sevinemiyorum. Yar\u0131m yamalak ve engelleyici bir zihniyetle tasarlanm\u0131\u015f&#8230;<\/p>\n","protected":false},"author":1,"featured_media":0,"comment_status":"open","ping_status":"closed","sticky":false,"template":"","format":"standard","meta":{"jetpack_post_was_ever_published":false,"_jetpack_newsletter_access":"","_jetpack_dont_email_post_to_subs":false,"_jetpack_newsletter_tier_id":0,"_jetpack_memberships_contains_paywalled_content":false,"_jetpack_memberships_contains_paid_content":false,"footnotes":"","jetpack_publicize_message":"","jetpack_publicize_feature_enabled":true,"jetpack_social_post_already_shared":false,"jetpack_social_options":{"image_generator_settings":{"template":"highway","default_image_id":0,"font":"","enabled":false},"version":2}},"categories":[22,5,21,3,67,4],"tags":[],"class_list":["post-1242","post","type-post","status-publish","format-standard","hentry","category-5651-nolu-kanun","category-dusunce-ozgurlugu","category-erisim-engelleme","category-sansur","category-turkiye","category-youtube"],"jetpack_publicize_connections":[],"jetpack_featured_media_url":"","jetpack_sharing_enabled":true,"jetpack_shortlink":"https:\/\/wp.me\/p7wjA8-k2","jetpack-related-posts":[],"_links":{"self":[{"href":"https:\/\/privacy.cyber-rights.org.tr\/index.php?rest_route=\/wp\/v2\/posts\/1242","targetHints":{"allow":["GET"]}}],"collection":[{"href":"https:\/\/privacy.cyber-rights.org.tr\/index.php?rest_route=\/wp\/v2\/posts"}],"about":[{"href":"https:\/\/privacy.cyber-rights.org.tr\/index.php?rest_route=\/wp\/v2\/types\/post"}],"author":[{"embeddable":true,"href":"https:\/\/privacy.cyber-rights.org.tr\/index.php?rest_route=\/wp\/v2\/users\/1"}],"replies":[{"embeddable":true,"href":"https:\/\/privacy.cyber-rights.org.tr\/index.php?rest_route=%2Fwp%2Fv2%2Fcomments&post=1242"}],"version-history":[{"count":1,"href":"https:\/\/privacy.cyber-rights.org.tr\/index.php?rest_route=\/wp\/v2\/posts\/1242\/revisions"}],"predecessor-version":[{"id":1243,"href":"https:\/\/privacy.cyber-rights.org.tr\/index.php?rest_route=\/wp\/v2\/posts\/1242\/revisions\/1243"}],"wp:attachment":[{"href":"https:\/\/privacy.cyber-rights.org.tr\/index.php?rest_route=%2Fwp%2Fv2%2Fmedia&parent=1242"}],"wp:term":[{"taxonomy":"category","embeddable":true,"href":"https:\/\/privacy.cyber-rights.org.tr\/index.php?rest_route=%2Fwp%2Fv2%2Fcategories&post=1242"},{"taxonomy":"post_tag","embeddable":true,"href":"https:\/\/privacy.cyber-rights.org.tr\/index.php?rest_route=%2Fwp%2Fv2%2Ftags&post=1242"}],"curies":[{"name":"wp","href":"https:\/\/api.w.org\/{rel}","templated":true}]}}