{"id":1244,"date":"2010-11-02T00:14:57","date_gmt":"2010-11-01T21:14:57","guid":{"rendered":"http:\/\/privacy.cyber-rights.org.tr\/?p=1244"},"modified":"2010-11-08T12:51:53","modified_gmt":"2010-11-08T09:51:53","slug":"youtube-sistemden-telif-haklari-ihlali-nedeni-ile-cikarilan-videolari-tekrar-sistemine-yukledi","status":"publish","type":"post","link":"https:\/\/privacy.cyber-rights.org.tr\/?p=1244","title":{"rendered":"YouTube sistemden telif haklar\u0131 ihlali nedeni ile \u00e7\u0131kar\u0131lan videolar\u0131 tekrar sistemine y\u00fckledi"},"content":{"rendered":"<p>YouTube\u2019un an itibariyle g\u00f6ndermi\u015f oldu\u011fu a\u00e7\u0131klama metni \u015fu \u015fekildedir:<\/p>\n<p>&#8220;Ge\u00e7ti\u011fimiz haftasonu YouTube hakk\u0131ndaki eri\u015fimi engelleme karar\u0131 T\u00fcrk mahkemesi taraf\u0131ndan kald\u0131r\u0131ld\u0131 ve T\u00fcrkiye\u2019deki kullan\u0131c\u0131lar 2 y\u0131l gibi bir sure sonras\u0131nda tekrar siteye eri\u015fim imkan\u0131na sahip oldular. Eri\u015fim engelleme karar\u0131, k\u00fcresel \u00e7apta bir hizmetimiz olan YouTube.com\u2019da bulunan, T\u00fcrk kanunlar\u0131 kapsam\u0131nda yasalara ayk\u0131r\u0131 say\u0131lan fakat halihaz\u0131rda T\u00fcrkiye\u2019deki kullan\u0131c\u0131lar\u0131n eri\u015fimine kapatm\u0131\u015f oldu\u011fumuz bir tak\u0131m videolar\u0131n global olarak siteden kald\u0131r\u0131lmas\u0131 talebi sonucunda i\u015fleme konmu\u015ftu. Bu talebi, T\u00fcrkiye kanunlar\u0131n\u0131n T\u00fcrkiye d\u0131\u015f\u0131nda ge\u00e7erli k\u0131l\u0131nma zorunlulu\u011fu olmad\u0131\u011f\u0131na inand\u0131\u011f\u0131m\u0131zdan geri \u00e7evirdik.<\/p>\n<p>Eri\u015fim engelleme karar\u0131, T\u00fcrkiye\u2019de Internet Kurulu taraf\u0131ndan Almanya\u2019da bulunan bir \u015firketin mevcut \u2018otomatik telif haklar\u0131 \u015fikayet\u2019 mekanizmas\u0131n\u0131 kullanarak, YouTube.com\u2019dan s\u00f6z konusu videolar\u0131 silmesi sonucunda kald\u0131r\u0131lm\u0131\u015ft\u0131r. Konuyu ara\u015ft\u0131rd\u0131\u011f\u0131m\u0131zda, bu videolar\u0131n telif haklar\u0131 politikam\u0131z\u0131 ihlal etmedi\u011fi sonucuna vard\u0131k ve videolar T\u00fcrkiye\u2019den ula\u015f\u0131lamayacak bir \u015fekilde yeniden siteye y\u00fcklendi. T\u00fcrkiye\u2019deki kullan\u0131c\u0131lar\u0131m\u0131z\u0131n YouTube\u2019a sorunsuz bir \u015fekilde eri\u015fmeye devam edebilmelerini diliyoruz.&#8221;<\/p>\n<p><a href=\"http:\/\/www.radikal.com.tr\/Radikal.aspx?aType=RadikalDetay&#038;ArticleID=1026931&#038;Date=02.11.2010&#038;CategoryID=77\">Radikal, Youtube tekrar kapat\u0131labilir, 02\/11\/2010 7:29<\/a><\/p>\n<p>Youtube&#8217;un T\u00fcrkiye&#8217;de 2.5 y\u0131l kapanmas\u0131na neden olan videolar yeniden y\u00fcklendi. Youtube konuyla ilgili bir a\u00e7\u0131klama yapt\u0131.<\/p>\n<p>YouTube yetkilileri, siteye eri\u015fim engelleme karar\u0131n\u0131n, T\u00fcrkiye&#8217;de \u0130nternet Kurulu taraf\u0131ndan Almanya&#8217;da bulunan bir \u015firketin mevcut &#8221;otomatik telif haklar\u0131 \u015fikayet&#8221; mekanizmas\u0131n\u0131 kullanarak, YouTube.com&#8217;dan s\u00f6z konusu videolar\u0131 silmesi sonucunda kald\u0131r\u0131ld\u0131\u011f\u0131n\u0131 belirterek, bu videolar\u0131n telif haklar\u0131 politikas\u0131n\u0131 ihlal etmedi\u011fi sonucuna var\u0131ld\u0131\u011f\u0131n\u0131 ve videolar\u0131n T\u00fcrkiye&#8217;den ula\u015f\u0131lamayacak bir \u015fekilde yeniden siteye y\u00fcklendi\u011fini bildirdi.<\/p>\n<p>YouTube yetkilileri yaz\u0131l\u0131 a\u00e7\u0131klamalar\u0131nda, ge\u00e7ti\u011fimiz haftasonu YouTube hakk\u0131ndaki eri\u015fimi engelleme karar\u0131n\u0131n T\u00fcrkiye&#8217;de mahkeme taraf\u0131ndan kald\u0131r\u0131ld\u0131\u011f\u0131 ve T\u00fcrkiye&#8217;deki kullan\u0131c\u0131lar\u0131n 2 y\u0131l\u0131 a\u015fk\u0131n s\u00fcre sonras\u0131nda tekrar siteye eri\u015fim olana\u011f\u0131na sahip olduklar\u0131 hat\u0131rlat\u0131larak, \u015fu ifadelere yer verildi:<\/p>\n<p>&#8221;Eri\u015fim engelleme karar\u0131, k\u00fcresel \u00e7apta bir hizmetimiz olan YouTube.com&#8217;da bulunan, T\u00fcrkiye kanunlar\u0131 kapsam\u0131nda yasalara ayk\u0131r\u0131 say\u0131lan fakat halihaz\u0131rda T\u00fcrkiye&#8217;deki kullan\u0131c\u0131lar\u0131n eri\u015fimine kapatm\u0131\u015f oldu\u011fumuz bir tak\u0131m videolar\u0131n global olarak siteden kald\u0131r\u0131lmas\u0131 talebi sonucunda i\u015fleme konmu\u015ftu. Bu talebi, T\u00fcrkiye kanunlar\u0131n\u0131n T\u00fcrkiye d\u0131\u015f\u0131nda ge\u00e7erli k\u0131l\u0131nma zorunlulu\u011fu olmad\u0131\u011f\u0131na inand\u0131\u011f\u0131m\u0131zdan geri \u00e7evirdik.<\/p>\n<p>Eri\u015fim engelleme karar\u0131, T\u00fcrkiye&#8217;de \u0130nternet Kurulu taraf\u0131ndan Almanya&#8217;da bulunan bir \u015firketin mevcut &#8216;otomatik telif haklar\u0131 \u015fikayet&#8217; mekanizmas\u0131n\u0131 kullanarak, YouTube.com&#8217;dan s\u00f6z konusu videolar\u0131 silmesi sonucunda kald\u0131r\u0131lm\u0131\u015ft\u0131r. Konuyu ara\u015ft\u0131rd\u0131\u011f\u0131m\u0131zda, bu videolar\u0131n telif haklar\u0131 politikam\u0131z\u0131 ihlal etmedi\u011fi sonucuna vard\u0131k ve videolar T\u00fcrkiye&#8217;den ula\u015f\u0131lamayacak bir \u015fekilde yeniden siteye y\u00fcklendi. T\u00fcrkiye&#8217;deki kullan\u0131c\u0131lar\u0131m\u0131z\u0131n YouTube&#8217;a sorunsuz bir \u015fekilde eri\u015fmeye devam edebilmelerini diliyoruz.&#8221;<\/p>\n<p>\u0130nternetteki \u2018g\u00f6r\u00fcnt\u00fcler\u2019 i\u00e7in harekete ge\u00e7ildi<br \/>\nVideo payla\u015f\u0131m sitesi YouTube\u2019un 2.5 y\u0131l sonra yeniden a\u00e7\u0131lmas\u0131 \u00fczerine eski CHP Genel Ba\u015fkan\u0131 Deniz Baykal ile ilgili oldu\u011fu \u00f6ne s\u00fcr\u00fclen g\u00f6r\u00fcnt\u00fclerin hala sitede yay\u0131nland\u0131\u011f\u0131 ortaya \u00e7\u0131kt\u0131. Baykal\u2019\u0131n yak\u0131n \u00e7al\u0131\u015fma arkada\u015flar\u0131 aras\u0131nda yer alan CHP Ankara Milletvekili Y\u0131lmaz Ate\u015f de \u201cKonudan haberdar\u0131z, say\u0131n Baykal\u2019\u0131n avukat\u0131 gerekli giri\u015fimlerde bulunacak\u201d a\u00e7\u0131klamas\u0131n\u0131 yapt\u0131. Siteye girilerek Baykal\u2019la ilgili arama yapt\u0131r\u0131ld\u0131\u011f\u0131nda \u00e7\u0131kan g\u00f6r\u00fcnt\u00fclerin 5,5 ay \u00f6nce y\u00fcklendi\u011fi ve 40 bine yak\u0131n kez izlendi\u011fi bilgisi veriliyor. (aa)<\/p>\n","protected":false},"excerpt":{"rendered":"<p>YouTube\u2019un an itibariyle g\u00f6ndermi\u015f oldu\u011fu a\u00e7\u0131klama metni \u015fu \u015fekildedir: &#8220;Ge\u00e7ti\u011fimiz haftasonu YouTube hakk\u0131ndaki eri\u015fimi engelleme karar\u0131 T\u00fcrk mahkemesi taraf\u0131ndan kald\u0131r\u0131ld\u0131 ve T\u00fcrkiye\u2019deki kullan\u0131c\u0131lar 2 y\u0131l gibi bir sure sonras\u0131nda tekrar siteye eri\u015fim imkan\u0131na sahip oldular. Eri\u015fim engelleme karar\u0131, k\u00fcresel \u00e7apta bir hizmetimiz olan YouTube.com\u2019da bulunan, T\u00fcrk kanunlar\u0131 kapsam\u0131nda yasalara ayk\u0131r\u0131 say\u0131lan fakat halihaz\u0131rda T\u00fcrkiye\u2019deki kullan\u0131c\u0131lar\u0131n eri\u015fimine kapatm\u0131\u015f oldu\u011fumuz bir tak\u0131m&#8230;<\/p>\n","protected":false},"author":1,"featured_media":0,"comment_status":"open","ping_status":"closed","sticky":false,"template":"","format":"standard","meta":{"jetpack_post_was_ever_published":false,"_jetpack_newsletter_access":"","_jetpack_dont_email_post_to_subs":false,"_jetpack_newsletter_tier_id":0,"_jetpack_memberships_contains_paywalled_content":false,"_jetpack_memberships_contains_paid_content":false,"footnotes":"","jetpack_publicize_message":"","jetpack_publicize_feature_enabled":true,"jetpack_social_post_already_shared":false,"jetpack_social_options":{"image_generator_settings":{"template":"highway","default_image_id":0,"font":"","enabled":false},"version":2}},"categories":[22,5,21,67,4],"tags":[],"class_list":["post-1244","post","type-post","status-publish","format-standard","hentry","category-5651-nolu-kanun","category-dusunce-ozgurlugu","category-erisim-engelleme","category-turkiye","category-youtube"],"jetpack_publicize_connections":[],"jetpack_featured_media_url":"","jetpack_sharing_enabled":true,"jetpack_shortlink":"https:\/\/wp.me\/p7wjA8-k4","jetpack-related-posts":[],"_links":{"self":[{"href":"https:\/\/privacy.cyber-rights.org.tr\/index.php?rest_route=\/wp\/v2\/posts\/1244","targetHints":{"allow":["GET"]}}],"collection":[{"href":"https:\/\/privacy.cyber-rights.org.tr\/index.php?rest_route=\/wp\/v2\/posts"}],"about":[{"href":"https:\/\/privacy.cyber-rights.org.tr\/index.php?rest_route=\/wp\/v2\/types\/post"}],"author":[{"embeddable":true,"href":"https:\/\/privacy.cyber-rights.org.tr\/index.php?rest_route=\/wp\/v2\/users\/1"}],"replies":[{"embeddable":true,"href":"https:\/\/privacy.cyber-rights.org.tr\/index.php?rest_route=%2Fwp%2Fv2%2Fcomments&post=1244"}],"version-history":[{"count":3,"href":"https:\/\/privacy.cyber-rights.org.tr\/index.php?rest_route=\/wp\/v2\/posts\/1244\/revisions"}],"predecessor-version":[{"id":1253,"href":"https:\/\/privacy.cyber-rights.org.tr\/index.php?rest_route=\/wp\/v2\/posts\/1244\/revisions\/1253"}],"wp:attachment":[{"href":"https:\/\/privacy.cyber-rights.org.tr\/index.php?rest_route=%2Fwp%2Fv2%2Fmedia&parent=1244"}],"wp:term":[{"taxonomy":"category","embeddable":true,"href":"https:\/\/privacy.cyber-rights.org.tr\/index.php?rest_route=%2Fwp%2Fv2%2Fcategories&post=1244"},{"taxonomy":"post_tag","embeddable":true,"href":"https:\/\/privacy.cyber-rights.org.tr\/index.php?rest_route=%2Fwp%2Fv2%2Ftags&post=1244"}],"curies":[{"name":"wp","href":"https:\/\/api.w.org\/{rel}","templated":true}]}}