{"id":1248,"date":"2010-11-04T13:28:07","date_gmt":"2010-11-04T10:28:07","guid":{"rendered":"http:\/\/privacy.cyber-rights.org.tr\/?p=1248"},"modified":"2010-11-04T13:28:10","modified_gmt":"2010-11-04T10:28:10","slug":"youtube%e2%80%99a-gul-guvencesi","status":"publish","type":"post","link":"https:\/\/privacy.cyber-rights.org.tr\/?p=1248","title":{"rendered":"YouTube\u2019a G\u00fcl g\u00fcvencesi"},"content":{"rendered":"<p><a href=\"http:\/\/haber.gazetevatan.com\/youtubea-gul-guvencesi\/338447\/1\/Gundem\">YouTube\u2019a G\u00fcl g\u00fcvencesi &#8211; GAZETEVATAN.COM<\/a>: <\/p>\n<p>G\u00fcl, YouTube\u2019un 2.5 y\u0131ll\u0131k yasa\u011f\u0131n ard\u0131ndan a\u00e7\u0131ld\u0131ktan sonra kapat\u0131lmas\u0131yla ilgili konu\u015ftu<\/p>\n<p>YouTube\u2019a G\u00fcl g\u00fcvencesiCumhurba\u015fkan\u0131 G\u00fcl, YouTube\u2019un 2.5 y\u0131ll\u0131k yasa\u011f\u0131n ard\u0131ndan a\u00e7\u0131ld\u0131ktan sonra tekrar kapat\u0131lmas\u0131yla ilgili \u2018D\u00fcnya \u00e7ok \u015feffaf hale gelmi\u015ftir. Kendimize \u00f6zg\u00fcvenimiz b\u00fcy\u00fckt\u00fcr. T\u00fcrkiye \u00fcstesinden gelecektir. Hi\u00e7 korkuya gerek yoktur\u2019 dedi.<\/p>\n<p>Antakya\u2019da kapl\u0131ca \u00f6zelli\u011fi bulunan Ottoman Palace\u2019ta \u00f6nceki geceyi ge\u00e7iren Cumhurba\u015fkan\u0131 Abdullah G\u00fcl, d\u00fcn sabah Adalet Bakan\u0131 Sadullah Ergin ile birlikte Hatay Valisi Celalettin Lekesiz\u2019i ziyaret etti. Ziyareti s\u0131ras\u0131nda gazetecilerin sorular\u0131n\u0131 da yan\u0131tlayan G\u00fcl, CHP eski Genel Ba\u015fkan\u0131 Deniz Baykal\u2019\u0131n g\u00f6r\u00fcnt\u00fcleri nedeniyle Youtube\u2019un tekrar kapat\u0131lmas\u0131 olay\u0131yla ilgili \u015f\u00f6yle dedi:<\/p>\n<p>\u2018\u00dcstesinden gelece\u011fiz\u2019<\/p>\n<p>\u2018D\u00fcnya \u00e7ok \u015feffaf herhangi bir \u015feyi kapatmakla ula\u015f\u0131m\u0131 engelleyemezsiniz. Ula\u015f\u0131m farkl\u0131 y\u00f6nlerden oluyor. Ben daha \u00f6nce de dikkat \u00e7ekmi\u015ftim T\u00fcrkiye\u2019nin bu tip \u015feyleri yasak eden bir \u00fclke s\u0131n\u0131f\u0131na girmemesi gerekti\u011fini d\u00fc\u015f\u00fcn\u00fcyorum. Eski baz\u0131 problemler vard\u0131 ama bu problemlerin bir \u015fekilde muhakkak halledilmesi gerekiyor. D\u00fcnya \u00e7ok \u015feffaf hale gelmi\u015ftir, hi\u00e7 kimse ne g\u00fcmr\u00fck duvarlar\u0131yla ne da ba\u015fka imkanlarla s\u0131n\u0131rlar\u0131n\u0131 d\u00fcnyadan tecrit edemez. Bizim kendimize olan \u00f6zg\u00fcvenimiz b\u00fcy\u00fckt\u00fcr. Zaman zaman bu \u015feffafl\u0131\u011f\u0131n yaratt\u0131\u011f\u0131 olumsuzluklar ortaya \u00e7\u0131ksa da T\u00fcrkiye\u2019nin \u00f6zg\u00fcvenini sa\u011fland\u0131\u011f\u0131n\u0131 d\u00fc\u015f\u00fcn\u00fcyorum. T\u00fcrkiye bunlar\u0131n \u00fcstesinden gelecektir. Hi\u00e7 korkuya gerek yoktur a\u00e7\u0131k\u00e7as\u0131. Bu a\u00e7\u0131dan engellemeler, bir netice vermemektedir, benim kanaatim de o dur. Son geli\u015fmeler nedir onlara da bakaca\u011f\u0131z.\u2019<\/p>\n<p>\u2018Yasak\u00e7\u0131 zihniyete kar\u015f\u0131y\u0131z\u2019<\/p>\n<p>Yarg\u0131tay Ba\u015fkan\u0131 Hasan Ger\u00e7eker de YouTube\u2019a getirilen yeni yasak hakk\u0131nda \u015f\u00f6yle konu\u015ftu: \u2018Evrensel hukukta tan\u0131nan hak ve \u00f6zg\u00fcrl\u00fcklerin istismar edilmemesi i\u00e7in hukuken istisna kurallar\u0131 da getirilmi\u015ftir. Ancak fikir ifadesi ve bas\u0131n \u00f6zg\u00fcrl\u00fc\u011f\u00fc gibi \u00f6zg\u00fcrl\u00fckler Anayasal \u00f6zg\u00fcrl\u00fckler. Kesin olan yasak\u00e7\u0131 zihniyete kar\u015f\u0131 oldu\u011fumuzdur. Youtube\u2019da Atat\u00fcrk\u2019\u00fc istismar eden videolar oldu\u011fu iddia ediliyor. Di\u011fer yandan halen Cumhuriyetimizi kuran, her\u015feyimizi bor\u00e7lu oldu\u011fumuz Atat\u00fcrk\u2019\u00fc koruma kanunu var. Atat\u00fcrk\u2019\u00fc yasalarla korumam\u0131z \u00e7ok ac\u0131kl\u0131.\u2019<\/p>\n<p>\u2018Yarg\u0131 kararlar\u0131 uygulan\u0131yor\u2019<\/p>\n<p>Deniz Baykal\u2019\u0131n avukat\u0131 Muzaffer Y\u0131lmaz, \u2018YouTube\u2019a eri\u015fimin engellenmesi yarg\u0131 kararlar\u0131n\u0131n uygulanmamas\u0131n\u0131n sonucudur\u2019 dedi. Y\u0131lmaz, Baykal\u2019a ili\u015fkin komplo kasetin site i\u00e7eri\u011finden \u00e7\u0131kar\u0131lmas\u0131 ve kasete eri\u015fimin engellenmesi y\u00f6n\u00fcndeki mahkeme karar\u0131na dikkat \u00e7ekerek, YouTube yetkililerinin, kaseti yay\u0131ndan \u00e7ekmek yerine, siteye eri\u015fimi engelledi\u011fini s\u00f6yledi. Y\u0131lmaz yaz\u0131l\u0131 a\u00e7\u0131klamas\u0131nda, eri\u015fimin Baykal nedeniyle engellendi\u011fine ili\u015fkin haberleri hat\u0131rlatarak, Baykal\u2019a ili\u015fkin kaset ortaya \u00e7\u0131kt\u0131\u011f\u0131nda, yarg\u0131n\u0131n kasete eri\u015fimin engellenmesi y\u00f6n\u00fcnde karar ald\u0131\u011f\u0131n\u0131 belirtti.<\/p>\n","protected":false},"excerpt":{"rendered":"<p>YouTube\u2019a G\u00fcl g\u00fcvencesi &#8211; GAZETEVATAN.COM: G\u00fcl, YouTube\u2019un 2.5 y\u0131ll\u0131k yasa\u011f\u0131n ard\u0131ndan a\u00e7\u0131ld\u0131ktan sonra kapat\u0131lmas\u0131yla ilgili konu\u015ftu YouTube\u2019a G\u00fcl g\u00fcvencesiCumhurba\u015fkan\u0131 G\u00fcl, YouTube\u2019un 2.5 y\u0131ll\u0131k yasa\u011f\u0131n ard\u0131ndan a\u00e7\u0131ld\u0131ktan sonra tekrar kapat\u0131lmas\u0131yla ilgili \u2018D\u00fcnya \u00e7ok \u015feffaf hale gelmi\u015ftir. Kendimize \u00f6zg\u00fcvenimiz b\u00fcy\u00fckt\u00fcr. T\u00fcrkiye \u00fcstesinden gelecektir. Hi\u00e7 korkuya gerek yoktur\u2019 dedi. Antakya\u2019da kapl\u0131ca \u00f6zelli\u011fi bulunan Ottoman Palace\u2019ta \u00f6nceki geceyi ge\u00e7iren Cumhurba\u015fkan\u0131 Abdullah G\u00fcl, d\u00fcn sabah&#8230;<\/p>\n","protected":false},"author":1,"featured_media":0,"comment_status":"open","ping_status":"closed","sticky":false,"template":"","format":"standard","meta":{"jetpack_post_was_ever_published":false,"_jetpack_newsletter_access":"","_jetpack_dont_email_post_to_subs":false,"_jetpack_newsletter_tier_id":0,"_jetpack_memberships_contains_paywalled_content":false,"_jetpack_memberships_contains_paid_content":false,"footnotes":"","jetpack_publicize_message":"","jetpack_publicize_feature_enabled":true,"jetpack_social_post_already_shared":false,"jetpack_social_options":{"image_generator_settings":{"template":"highway","default_image_id":0,"font":"","enabled":false},"version":2}},"categories":[22,134,5,21,3,67,4],"tags":[],"class_list":["post-1248","post","type-post","status-publish","format-standard","hentry","category-5651-nolu-kanun","category-cumhurbaskanligi","category-dusunce-ozgurlugu","category-erisim-engelleme","category-sansur","category-turkiye","category-youtube"],"jetpack_publicize_connections":[],"jetpack_featured_media_url":"","jetpack_sharing_enabled":true,"jetpack_shortlink":"https:\/\/wp.me\/p7wjA8-k8","jetpack-related-posts":[],"_links":{"self":[{"href":"https:\/\/privacy.cyber-rights.org.tr\/index.php?rest_route=\/wp\/v2\/posts\/1248","targetHints":{"allow":["GET"]}}],"collection":[{"href":"https:\/\/privacy.cyber-rights.org.tr\/index.php?rest_route=\/wp\/v2\/posts"}],"about":[{"href":"https:\/\/privacy.cyber-rights.org.tr\/index.php?rest_route=\/wp\/v2\/types\/post"}],"author":[{"embeddable":true,"href":"https:\/\/privacy.cyber-rights.org.tr\/index.php?rest_route=\/wp\/v2\/users\/1"}],"replies":[{"embeddable":true,"href":"https:\/\/privacy.cyber-rights.org.tr\/index.php?rest_route=%2Fwp%2Fv2%2Fcomments&post=1248"}],"version-history":[{"count":1,"href":"https:\/\/privacy.cyber-rights.org.tr\/index.php?rest_route=\/wp\/v2\/posts\/1248\/revisions"}],"predecessor-version":[{"id":1249,"href":"https:\/\/privacy.cyber-rights.org.tr\/index.php?rest_route=\/wp\/v2\/posts\/1248\/revisions\/1249"}],"wp:attachment":[{"href":"https:\/\/privacy.cyber-rights.org.tr\/index.php?rest_route=%2Fwp%2Fv2%2Fmedia&parent=1248"}],"wp:term":[{"taxonomy":"category","embeddable":true,"href":"https:\/\/privacy.cyber-rights.org.tr\/index.php?rest_route=%2Fwp%2Fv2%2Fcategories&post=1248"},{"taxonomy":"post_tag","embeddable":true,"href":"https:\/\/privacy.cyber-rights.org.tr\/index.php?rest_route=%2Fwp%2Fv2%2Ftags&post=1248"}],"curies":[{"name":"wp","href":"https:\/\/api.w.org\/{rel}","templated":true}]}}