{"id":126,"date":"2008-09-23T00:41:47","date_gmt":"2008-09-22T21:41:47","guid":{"rendered":"http:\/\/privacy.cyber-rights.org.tr\/?p=126"},"modified":"2008-09-23T00:41:49","modified_gmt":"2008-09-22T21:41:49","slug":"vatan-telekulak-skandali-tam-gaz-suruyor","status":"publish","type":"post","link":"https:\/\/privacy.cyber-rights.org.tr\/?p=126","title":{"rendered":"Vatan: Telekulak skandal\u0131 tam gaz s\u00fcr\u00fcyor"},"content":{"rendered":"<p><a href=\"http:\/\/haber.gazetevatan.com\/haberdetay.asp?detay=Telekulak_skandali_tam_gaz_suruyor_200060_1&#038;tarih=22.09.2008&#038;Newsid=200060&#038;Categoryid=1\">Telekulak skandal\u0131 tam gaz s\u00fcr\u00fcyor<\/a>: Telekulak skandal\u0131 tam gaz s\u00fcr\u00fcyor<br \/>\nEmniyet\u2019in Ekim 2006\u2019dan bu yana t\u00fcm T\u00fcrkiye\u2019nin ileti\u015fimini izledi\u011fi ortaya \u00e7\u0131kt\u0131<\/p>\n<p>Kemal G\u00d6KTA\u015e \/ ANKARA<\/p>\n<p>Adalet Bakanl\u0131\u011f\u0131, ileti\u015fim izleme kararlar\u0131n\u0131n kald\u0131r\u0131lmas\u0131yla ilgili ba\u015fvurulara yan\u0131t verdi. Bakanl\u0131\u011f\u0131n yan\u0131t\u0131nda, Ankara 11. A\u011f\u0131r Ceza Mahkemesi\u2019nin Emniyet\u2019e izleme yetkisi veren kararlar\u0131n\u0131n 3\u2019er ayl\u0131k d\u00f6nemler i\u00e7in al\u0131nd\u0131\u011f\u0131ndan Yarg\u0131tay\u2019a \u2019yaz\u0131l\u0131 emir yoluyla bozma\u2019 ba\u015fvurusu yapamayaca\u011f\u0131 belirtildi. Ancak bakanl\u0131\u011f\u0131n yan\u0131t\u0131ndaki baz\u0131 detaylar, telekulak skandal\u0131na yeni boyut kazand\u0131rd\u0131.<\/p>\n<p><strong>Her a\u015fama skandal<\/strong><br \/>\nVATAN, Ankara 11. A\u011f\u0131r Ceza Mahkemesi\u2019nin, Emniyet\u2019e T\u00fcrkiye genelinde ileti\u015fimi izleme yetkisi verdi\u011fini 1 Haziran\u2019daki haberiyle ortaya \u00e7\u0131karm\u0131\u015ft\u0131. Bu haberle, mahkemenin 25 Nisan 2007\u2019de, T\u00fcrkiye genelinde ileti\u015fim ara\u00e7lar\u0131yla yap\u0131lan t\u00fcm g\u00f6r\u00fc\u015fmelerin detaylar\u0131n\u0131n (kimin kimi ne zaman arad\u0131\u011f\u0131, ka\u00e7 dakika g\u00f6r\u00fc\u015ft\u00fc\u011f\u00fc gibi bilgiler) EGM \u0130stihbarat Daire Ba\u015fkanl\u0131\u011f\u0131\u2019na verilmesine h\u00fckmetti\u011fi ortaya \u00e7\u0131km\u0131\u015ft\u0131.<\/p>\n<p>Mahkemenin 25 Nisan-25 Temmuz 2007 aras\u0131ndaki 3 ayl\u0131k d\u00f6nem i\u00e7in verdi\u011fi karar, 26 Ocak-25 Nisan 2007 tarihleri aras\u0131ndaki g\u00f6r\u00fc\u015fme detaylar\u0131n\u0131n da Emniyet\u2019e verilmesi i\u00e7in daha \u00f6nce karar al\u0131nd\u0131\u011f\u0131n\u0131 g\u00f6steriyordu. Bu karar\u0131n ortaya \u00e7\u0131kmas\u0131ndan sonra M\u0130T ve Jandarma\u2019n\u0131n da ayn\u0131 y\u00f6nde kararlar ald\u0131rd\u0131\u011f\u0131 ve Telekom\u00fcnikasyon \u0130leti\u015fim Ba\u015fkanl\u0131\u011f\u0131\u2019n\u0131n Jandarma\u2019ya verilen yetkiye kar\u015f\u0131 Adalet Bakanl\u0131\u011f\u0131\u2019na ba\u015fvurdu\u011fu ortaya \u00e7\u0131kt\u0131.<\/p>\n<p><strong>Yarg\u0131tay karar\u0131<\/strong><br \/>\nAdalet Bakanl\u0131\u011f\u0131\u2019n\u0131n Jandarma\u2019ya verilen yetkinin \u2018kanun yarar\u0131na\u2019 bozulmas\u0131 i\u00e7in yapt\u0131\u011f\u0131 ba\u015fvuru, 21 Ocak 2008\u2019den beri Yarg\u0131tay 9. Ceza Dairesi\u2019nde bekletiliyordu. Bu ba\u015fvurunun ortaya \u00e7\u0131kar\u0131lmas\u0131ndan sonra 9. Ceza Dairesi ba\u015fvuruyu hemen g\u00f6r\u00fc\u015ft\u00fc ve 4 Haziran 2008\u2019de Jandarma\u2019ya verilen yetkiyi kald\u0131rd\u0131. Yarg\u0131tay\u2019\u0131n karar\u0131nda, \u2018Hi\u00e7bir kuruma demokratik bir hukuk devleti olan T\u00fcrkiye Cumhuriyeti\u2019nde ya\u015fayan insanlar \u015f\u00fcpheli g\u00f6r\u00fclerek \u00fclke genelini kapsayacak \u015fekilde yetki verilemeyece\u011fi\u2019 belirtildi.<\/p>\n<p><strong>Yetkiye su\u00e7 duyurusu<\/strong><br \/>\nBu karardan bir g\u00fcn sonra YARSAV Ba\u015fkan\u0131 \u00d6mer Faruk Emina\u011fao\u011flu, Ankara Barosu avukat\u0131 Mehmet Cengiz ve Mazlum Der Genel Sekreteri Emre Yurtalan, Adalet Bakanl\u0131\u011f\u0131\u2019na ba\u015fvurarak Emniyet\u2019e verilen izleme yetkisine kar\u015f\u0131 \u2018kanun yarar\u0131na bozma\u2019 yoluna gidilmesini talep etti ve Ankara Cumhuriyet Ba\u015fsavc\u0131l\u0131\u011f\u0131\u2019na da su\u00e7 duyurusunda bulundu. Bakanl\u0131k, bunun \u00fczerine T\u0130B\u2019den halen y\u00fcr\u00fcrl\u00fckte olan izleme kararlar\u0131 olup olmad\u0131\u011f\u0131n\u0131 sordu.<\/p>\n<p><!--more--><br \/>\n<strong>T\u00fcm T\u00fcrkiye 2 y\u0131l izlendi<\/strong><br \/>\nT\u0130B\u2019den gelen yan\u0131t\u0131n ard\u0131ndan 22 A\u011fustos 2008\u2019de Ankara Cumhuriyet Ba\u015fsavc\u0131l\u0131\u011f\u0131\u2019na bir yaz\u0131 g\u00f6nderen Bakanl\u0131k, Emniyet Genel M\u00fcd\u00fcrl\u00fc\u011f\u00fc\u2019n\u00fcn 25 Ekim 2006\u2019da, Emniyet \u0130stihbarat Daire Ba\u015fkanl\u0131\u011f\u0131\u2019n\u0131n ise 24 Nisan 2008\u2019de Ankara 11. A\u011f\u0131r Ceza Mahkemesi\u2019nden izleme kararlar\u0131 ald\u0131rd\u0131\u011f\u0131n\u0131 belirtti. Bu iki izleme karar\u0131 da daha \u00f6nce bilinmiyordu. Bu yaz\u0131yla Emniyet, 25 Ekim 2006\u2019dan 24 Temmuz 2008\u2019e kadar yakla\u015f\u0131k 2 y\u0131l t\u00fcm ileti\u015fimi izledi. Yaz\u0131da, 24 Temmuz\u2019dan sonra Emniyet\u2019in yeni izleme karar\u0131 ald\u0131r\u0131p ald\u0131rmad\u0131\u011f\u0131na ili\u015fkin bilgi ise verilmedi.<\/p>\n<p><strong>\u0130zleme t\u00fcm h\u0131z\u0131yla s\u00fcr\u00fcyor<\/strong><br \/>\nADALET Bakanl\u0131\u011f\u0131\u2019n\u0131n Yarg\u0131tay karar\u0131na ra\u011fmen, mahkemelerden al\u0131nan genel nitelikli ileti\u015fimi izleme yetkilerine kar\u015f\u0131 sessiz kald\u0131\u011f\u0131 bu yan\u0131tla da tescil edildi. Kararlar 3\u2019er ayl\u0131k periyotlarla al\u0131nd\u0131\u011f\u0131 i\u00e7in Bakanl\u0131k, kararlar\u0131n halen y\u00fcr\u00fcrl\u00fckte olmad\u0131\u011f\u0131 gerek\u00e7esiyle bu kararlara kar\u015f\u0131 Yarg\u0131tay\u2019a gitmedi\u011fi takdirde herkesin ileti\u015fiminin izlenmesi \u015feklindeki hukuk d\u0131\u015f\u0131 yetkilere kar\u015f\u0131 bir \u015fey yap\u0131lamayacak. Son olarak M\u0130T\u2019in Ankara genelinde izleme yetkisi ald\u0131\u011f\u0131 ortaya \u00e7\u0131km\u0131\u015f, ancak bakanl\u0131k bu yetkiyle kar\u015f\u0131 da bir \u015fey yapmam\u0131\u015ft\u0131.<\/p>\n<p><strong>\u0130zleme bitti yan\u0131t geldi<\/strong><br \/>\nADALET Bakanl\u0131\u011f\u0131\u2019n\u0131n, Emniyet \u0130stihbarat Daire Ba\u015fkanl\u0131\u011f\u0131\u2019n\u0131n son olarak 24 Nisan-24 Temmuz 2008 aras\u0131nda, yani Yarg\u0131tay\u2019\u0131n Jandarma\u2019ya ili\u015fkin karar\u0131n\u0131 a\u00e7\u0131klad\u0131\u011f\u0131 tarihte de ileti\u015fimi izledi\u011fini belirtmesi de ayr\u0131 bir skandal\u0131 ortaya \u00e7\u0131kard\u0131. \u00c7\u00fcnk\u00fc bu tarihten yakla\u015f\u0131k 50 g\u00fcn \u00f6ncesinde yap\u0131lan ba\u015fvurularla Yarg\u0131tay karar\u0131 do\u011frultusunda Emniyet\u2019e verilen izleme yetkisinin de kald\u0131r\u0131lmas\u0131 istenmi\u015fti. Oysa bakanl\u0131k Emniyet\u2019in izlemesini s\u00fcrd\u00fcrd\u00fc\u011f\u00fc 50 g\u00fcn boyunca Yarg\u0131tay\u2019a bir ba\u015fvuru yapmad\u0131. Bakanl\u0131k, Emniyet\u2019in izleme yetkisi sona erdikten yakla\u015f\u0131k 1 ay sonra Ba\u015fsavc\u0131l\u0131\u2019\u011fa g\u00f6nderdi\u011fi yaz\u0131da, Yarg\u0131tay karar\u0131na g\u00f6re Emniyet\u2019in t\u00fcm T\u00fcrkiye geneli i\u00e7in izleme yetkisi almas\u0131n\u0131n hukuka ayk\u0131r\u0131 oldu\u011funu kabul etti. Yaz\u0131da ayr\u0131ca, \u201c\u0130leti\u015fimin tespitini i\u00e7eren s\u00fcrelerin sona erdi\u011fi cihetle, kararlar aleyhine kanun yarar\u0131na bozma yoluna gidilmemi\u015ftir\u201d de denildi. Bakanl\u0131k, Ba\u015fsavc\u0131l\u0131k\u2019tan, bu sonucun talepleri reddedilen Emina\u011fao\u011flu, Cengiz ve Yurtalan\u2019a bildirilmesini istedi.<\/p>\n<p><strong>\u2018Dinlenme \u015f\u00fcphesi tamamen magazin\u2019<\/strong><br \/>\n\u015eebnem HO\u015eG\u00d6R \/ ANKARA<br \/>\nKom\u0130syon Ba\u015fkanl\u0131\u011f\u0131n\u0131 AKP\u2019li Cemal Y\u0131lmaz Demir\u2019in yapt\u0131\u011f\u0131 TBMM \u0130nsan Haklar\u0131 alt komisyonu, CHP Genel Sekreteri \u00d6nder Sav, eski Y\u00d6K Ba\u015fkan\u0131 Erdo\u011fan Tezi\u00e7\u2019in telefonlar\u0131n\u0131n dinlendi\u011fi iddialar\u0131n\u0131n ard\u0131ndan iktidar ve muhalefet milletvekillerinin talebi \u00fczerine Haziran ay\u0131nda kuruldu. Kamuoyunda \u201ctelekulak\u201d komisyonu olarak bilinen alt komisyon, taslak raporu haz\u0131rland\u0131 ve 1 Ekim\u2019de a\u00e7\u0131lacak yeni yasama y\u0131l\u0131nda de\u011ferlendirilmek \u00fczere \u00f6nceki g\u00fcn alt komisyon \u00fcyelerine sunuldu. Taslak raporda, T\u00fcrkiye\u2019de s\u0131radan vatanda\u015flar\u0131n bile dinlendi\u011fi \u015f\u00fcphesiyle ya\u015fad\u0131\u011f\u0131, ancak bu kapsamda dinlemenin ekonomik ve teknik olarak m\u00fcmk\u00fcn olmad\u0131\u011f\u0131 belirtilerek, toplumdaki kanaatin \u201cmagazinsel nedenlere\u201d dayand\u0131\u011f\u0131 ifade edildi. Raporda, \u00f6rt\u00fcl\u00fc bi\u00e7imde yasa d\u0131\u015f\u0131 dinleme iddialar\u0131n\u0131 dillendiren muhalefet milletvekilleri ile medya su\u00e7land\u0131. Alt komisyon taslak raporuna, CHP\u2019li komisyon \u00fcyesi Ahmet Ersin\u2019den sert tepki geldi. Ersin, rapordaki dinlenme kanaatinin magazinsel nedenlerden kaynakland\u0131\u011f\u0131 tespitine kat\u0131lman\u0131n m\u00fcmk\u00fcn olmad\u0131\u011f\u0131n\u0131 belirterrek, raporun bu haliyle kabul edilmesi halinde muhalefet \u015ferhi d\u00fc\u015fece\u011fini s\u00f6yledi.<\/p>\n","protected":false},"excerpt":{"rendered":"<p>Telekulak skandal\u0131 tam gaz s\u00fcr\u00fcyor: Telekulak skandal\u0131 tam gaz s\u00fcr\u00fcyor Emniyet\u2019in Ekim 2006\u2019dan bu yana t\u00fcm T\u00fcrkiye\u2019nin ileti\u015fimini izledi\u011fi ortaya \u00e7\u0131kt\u0131 Kemal G\u00d6KTA\u015e \/ ANKARA Adalet Bakanl\u0131\u011f\u0131, ileti\u015fim izleme kararlar\u0131n\u0131n kald\u0131r\u0131lmas\u0131yla ilgili ba\u015fvurulara yan\u0131t verdi. Bakanl\u0131\u011f\u0131n yan\u0131t\u0131nda, Ankara 11. A\u011f\u0131r Ceza Mahkemesi\u2019nin Emniyet\u2019e izleme yetkisi veren kararlar\u0131n\u0131n 3\u2019er ayl\u0131k d\u00f6nemler i\u00e7in al\u0131nd\u0131\u011f\u0131ndan Yarg\u0131tay\u2019a \u2019yaz\u0131l\u0131 emir yoluyla bozma\u2019 ba\u015fvurusu yapamayaca\u011f\u0131 belirtildi&#8230;.<\/p>\n","protected":false},"author":1,"featured_media":0,"comment_status":"open","ping_status":"closed","sticky":false,"template":"","format":"standard","meta":{"jetpack_post_was_ever_published":false,"_jetpack_newsletter_access":"","_jetpack_dont_email_post_to_subs":false,"_jetpack_newsletter_tier_id":0,"_jetpack_memberships_contains_paywalled_content":false,"_jetpack_memberships_contains_paid_content":false,"footnotes":"","jetpack_publicize_message":"","jetpack_publicize_feature_enabled":true,"jetpack_social_post_already_shared":false,"jetpack_social_options":{"image_generator_settings":{"template":"highway","default_image_id":0,"font":"","enabled":false},"version":2}},"categories":[15,19,10,14],"tags":[],"class_list":["post-126","post","type-post","status-publish","format-standard","hentry","category-gizli-dinleme","category-izleme","category-mahremiyet","category-telekulak"],"jetpack_publicize_connections":[],"jetpack_featured_media_url":"","jetpack_sharing_enabled":true,"jetpack_shortlink":"https:\/\/wp.me\/p7wjA8-22","jetpack-related-posts":[],"_links":{"self":[{"href":"https:\/\/privacy.cyber-rights.org.tr\/index.php?rest_route=\/wp\/v2\/posts\/126","targetHints":{"allow":["GET"]}}],"collection":[{"href":"https:\/\/privacy.cyber-rights.org.tr\/index.php?rest_route=\/wp\/v2\/posts"}],"about":[{"href":"https:\/\/privacy.cyber-rights.org.tr\/index.php?rest_route=\/wp\/v2\/types\/post"}],"author":[{"embeddable":true,"href":"https:\/\/privacy.cyber-rights.org.tr\/index.php?rest_route=\/wp\/v2\/users\/1"}],"replies":[{"embeddable":true,"href":"https:\/\/privacy.cyber-rights.org.tr\/index.php?rest_route=%2Fwp%2Fv2%2Fcomments&post=126"}],"version-history":[{"count":0,"href":"https:\/\/privacy.cyber-rights.org.tr\/index.php?rest_route=\/wp\/v2\/posts\/126\/revisions"}],"wp:attachment":[{"href":"https:\/\/privacy.cyber-rights.org.tr\/index.php?rest_route=%2Fwp%2Fv2%2Fmedia&parent=126"}],"wp:term":[{"taxonomy":"category","embeddable":true,"href":"https:\/\/privacy.cyber-rights.org.tr\/index.php?rest_route=%2Fwp%2Fv2%2Fcategories&post=126"},{"taxonomy":"post_tag","embeddable":true,"href":"https:\/\/privacy.cyber-rights.org.tr\/index.php?rest_route=%2Fwp%2Fv2%2Ftags&post=126"}],"curies":[{"name":"wp","href":"https:\/\/api.w.org\/{rel}","templated":true}]}}