{"id":1268,"date":"2010-12-28T20:20:09","date_gmt":"2010-12-28T17:20:09","guid":{"rendered":"http:\/\/privacy.cyber-rights.org.tr\/?p=1268"},"modified":"2010-12-28T20:20:14","modified_gmt":"2010-12-28T17:20:14","slug":"fizyden-aciklama","status":"publish","type":"post","link":"https:\/\/privacy.cyber-rights.org.tr\/?p=1268","title":{"rendered":"Fizy&#8217;den a\u00e7\u0131klama"},"content":{"rendered":"<p><a href=\"http:\/\/ercanyaris.com\/blog\/\">Fizy&#8217;den a\u00e7\u0131klama<\/a><\/p>\n<p>28\/12\/2010 &#8211; 5.07 pm<\/p>\n<p>selam, ho\u015fgeldin,<\/p>\n<p>yaln\u0131zca 2 dakikan\u0131 ay\u0131rabilir misin? \u00e7\u00fcnk\u00fc \u00f6zet ge\u00e7meyece\u011fim.<\/p>\n<p>biz fizy ekibi. seni \u00e7ok seviyoruz. ve sana minnettar\u0131z. sayende b\u00fcy\u00fcd\u00fck, buralara kadar geldik. 700 bin g\u00fcnl\u00fck tekil ziyaret\u00e7imiz oldu. sen de onlardan birisisin. \u00e7ok te\u015fekk\u00fcrler.<\/p>\n<p>son 6 aya oranla %400 b\u00fcy\u00fcd\u00fck. senin sayende bir\u00e7ok \u00fclkenin dev gazetelerinde, b\u00fcy\u00fck kanallar\u0131nda \u00fclkemizden, t\u00fcrkiye&#8217;den \u00f6vg\u00fcyle bahsettiler. harika de\u011fil mi? hepsi senin sayende.<\/p>\n<p>seni \u00fczmemek i\u00e7in fizy \u00fczerinde hep az reklam g\u00f6sterdik. hep senin ihtiya\u00e7lar\u0131na \u00f6nem verdik. k\u00fc\u00e7\u00fck ekibimizle, sadece 3 ki\u015filik ekibimizle (evet 3 ki\u015fiyiz) y\u00fcksek efor sarfettik. sana hizmet ettik. ve sayende buralara geldik. ger\u00e7ekten te\u015fekk\u00fcrler.<\/p>\n<p>d\u00fcnya&#8217;n\u0131n en prestijli internet \u00f6d\u00fcllerinden mashable awards&#8217;da ilk 5&#8217;e kalarak finalist olduk. bize orada da destek verdin. \u00fclkemizden, t\u00fcrkiye&#8217;den daha \u00f6nce hi\u00e7 bir sitenin finallere kalamad\u0131\u011f\u0131 mashable \u00f6d\u00fcllerinde bug\u00fcn ilk 3&#8217;e kald\u0131\u011f\u0131m\u0131z ve dev \u00f6d\u00fcl t\u00f6reninde \u00fclkemiz ad\u0131na 6 ocak&#8217;ta \u00f6d\u00fcl alaca\u011f\u0131m\u0131z\u0131 \u00f6\u011frendik. \u00f6d\u00fcl t\u00f6renine apple, facebook, yahoo, google gibi dev \u015firketlerin y\u00f6neticileri de kat\u0131lacak. orada o \u00f6d\u00fcl\u00fc gururla alaca\u011f\u0131z. hepsi senin sayende. ger\u00e7ekten te\u015fekk\u00fcrler.<\/p>\n<p>derecemiz ne olursa olsun, ka\u00e7\u0131nc\u0131 olursak olal\u0131m, last.fm, pandora gibi d\u00fcnya devi markalarla birlikte yar\u0131\u015ft\u0131\u011f\u0131m\u0131z oylamada alaca\u011f\u0131m\u0131z \u00f6d\u00fcl\u00fc sana arma\u011fan ediyoruz. \u00e7\u00fcnk\u00fc onu &#8216;sen&#8217; hak ettin. onu t\u00fcrk internet kullan\u0131c\u0131lar\u0131 hak etti. t\u00fcrk oldu\u011fumuzu her platformda ortaya koyduk. t\u00fcrklerin de ba\u015far\u0131l\u0131 projeler yapabilece\u011fini g\u00f6stermek istedik. insanlar\u0131n g\u00f6z\u00fcn\u00fc sen \u00fczerimize \u00e7ektin. senin sayende sorumlulu\u011fu \u00f6\u011frendik.<\/p>\n<p>ard\u0131ndan rakiplerimiz geldiler. \u00e7o\u011fald\u0131lar. hepsi m\u00fczik piyasas\u0131na milyonlarca dolar \u00f6dediler. reklam harcamas\u0131 yapt\u0131lar. \u00fcyelerine bir\u015fey verdiler, kar\u015f\u0131l\u0131\u011f\u0131nda para ald\u0131lar. kar ettiler.<\/p>\n<p>ama seni fizy&#8217;den alamad\u0131lar. ba\u015far\u0131l\u0131 olamad\u0131lar. milyonlarca dolar harcamaya ra\u011fmen 3 ki\u015filik ekibe kar\u015f\u0131 ba\u015far\u0131l\u0131 olamad\u0131lar. hepsi senin sayende.<\/p>\n<p>baz\u0131 b\u00fcy\u00fck gruplar fizy&#8217;nin kapanmas\u0131 i\u00e7in bask\u0131 kurdular. yabanc\u0131 sitelere dokunmayan telif hakk\u0131 sahipleri, \u015fah\u0131slar; yurt d\u0131\u015f\u0131nda da \u00fclkesini ba\u015far\u0131yla temsil eden bir &#8216;t\u00fcrk&#8217; sitesinin yay\u0131n hayat\u0131n\u0131 bitirmesini istediler. kendi \u00fclkelerinden \u00e7\u0131kan uluslararas\u0131 ba\u015far\u0131 yakalam\u0131\u015f bir site i\u00e7in &#8216;x sitesi varken ona ne gerek var&#8217; diyerek kendi ba\u015far\u0131s\u0131zl\u0131klar\u0131n\u0131 kapatmaya \u00e7al\u0131\u015ft\u0131lar. ve \u015fu an bunu ba\u015fard\u0131lar. ya da k\u0131sa bir s\u00fcre i\u00e7in ba\u015fard\u0131klar\u0131n\u0131 san\u0131yorlar.<\/p>\n<p>buraya kadar normal. normal olmayan ise m\u00fc-yap ba\u015fkan\u0131 b\u00fclent forta&#8217;n\u0131n a\u00e7\u0131klamas\u0131. onun a\u00e7\u0131klamas\u0131n\u0131 okuyana kadar bu a\u00e7\u0131klamay\u0131 yapmay\u0131 d\u00fc\u015f\u00fcnm\u00fcyordum bile.<\/p>\n<p>b\u00fclent forta&#8217;n\u0131n a\u00e7\u0131klamas\u0131ndan al\u0131nt\u0131<br \/>\n&#8216;Fizy ile bu karardan \u00f6nce 7 ay i\u00e7inde 20&#8217;ye yak\u0131n toplant\u0131 yapt\u0131k. 5 ayr\u0131 i\u015f plan\u0131 sunduk. Ama kendileri hi\u00e7bir plana yana\u015fmad\u0131lar.&#8217; &#8216;Fizy bize, \u015fark\u0131lar\u0131 100 liral\u0131k kullan\u0131r\u0131z ama 5 lira \u00f6deriz diyorlar. Bunu asla kabul edemeyiz.&#8217;<br \/>\nb\u00fclent forta&#8217;n\u0131n a\u00e7\u0131klamas\u0131ndan al\u0131nt\u0131<\/p>\n<p>bu yaz\u0131ya vakit ay\u0131ran \u00e7ok de\u011ferli t\u00fcrk internet kullan\u0131c\u0131s\u0131,<\/p>\n<p>biliyorsun fizy&#8217;de ziyaret\u00e7i memnuniyetini \u00f6n planda tutmaya \u00e7al\u0131\u015ft\u0131k, \u00e7ok reklam almad\u0131k. buna ra\u011fmen a\u00e7\u0131ld\u0131\u011f\u0131m\u0131z hafta itibariyle m\u00fc-yap yetkilileri ile yasalla\u015fmak i\u00e7in g\u00f6r\u00fc\u015fmelere ba\u015flad\u0131k ve s\u00f6zle\u015fme yapt\u0131k. telif hakk\u0131m\u0131z\u0131 her ay \u00f6dedik.<\/p>\n<p>ge\u00e7ti\u011fimiz g\u00fcnlerde s\u00f6zle\u015fmemizin yenilenme tarihi geldi\u011finden b\u00fclent forta ve ekibiyle bir\u00e7ok kez toplant\u0131 yapt\u0131k. &#8216;\u00f6dedi\u011finiz fiyattan art\u0131k hizmet veremeyiz, yeni fiyat bu&#8217; dediler. tamam dedik. fiyat\u0131 katlaya katlaya artt\u0131rd\u0131lar. buna ra\u011fmen tamam dedik. ard\u0131ndan 2 \u015fart daha sundular. tam verdikleri 2 \u015fart\u0131 da kabul etti\u011fimizi s\u00f6yleyecektik&#8230; ki..<\/p>\n<p>telefonlar\u0131m\u0131za \u00e7\u0131kmad\u0131lar. maillerimize d\u00f6nmediler. vakit ge\u00e7irdiler..<\/p>\n<p>sonra bir g\u00fcn \u00e7\u0131kt\u0131lar. verdikleri 2 \u015fart\u0131 da kabul etti\u011fimizi s\u00f6yledik. tamam biz size y\u00f6netim kuruluyla konu\u015fup d\u00f6nelim dediler.<\/p>\n<p>ve yine telefonlar\u0131m\u0131za \u00e7\u0131kmad\u0131lar. maillerimize d\u00f6nmediler. vakit ge\u00e7irdiler..<\/p>\n<p>sonra bir g\u00fcn yine \u00e7\u0131kt\u0131lar. y\u00f6netim kurulu verdi\u011finiz teklifi kabul etmedi dediler. (t\u00fcm yaz\u0131\u015fmalar\u0131m\u0131z kan\u0131t niteli\u011finde mahkemeye sunulmak \u00fczere saklanmaktad\u0131r. bu y\u00fczden \u015fu an i\u00e7in burada payla\u015fam\u0131yorum. ama mahkeme s\u00fcrecinde zaten hepiniz kan\u0131tlardan haberdar olabileceksiniz)<\/p>\n<p>burada dikkat etmenizi rica etti\u011fim bir husus var. &#8216;yapm\u0131\u015f oldu\u011funuz son \u00f6neri yk (y\u00f6netim kurulu) taraf\u0131ndan uygun bulunmad\u0131&#8217; c\u00fcmlesi.<\/p>\n<p>l\u00fctfen dikkat! teklifi yapan m\u00fc-yap m\u0131yd\u0131? biz miydik? biraz kafan\u0131z kar\u0131\u015fm\u0131\u015f olmal\u0131 de\u011fil mi? \ud83d\ude42<\/p>\n<p>biz her \u015farta ra\u011fmen &#8216;m\u00fc-yap&#8217;\u0131n yapt\u0131\u011f\u0131&#8217; teklifi kabul eden taraf\u0131z. bunun \u00fczerine avukatlar\u0131m\u0131z\u0131 da yaz\u0131\u015fmaya dahil ederek 13 ve 14 aral\u0131k 2010 tarihli yaz\u0131\u015fmalar\u0131m\u0131zda acil anla\u015fmak istedi\u011fimizi, tekliflerini zaten daha \u00f6nce kabul etmi\u015f oldu\u011fumuzu anlatan mailler att\u0131k. (bunlar da duruyor)<\/p>\n<p>telefonlar\u0131m\u0131za \u00e7\u0131kmad\u0131lar. maillerimize d\u00f6nmediler. vakit ge\u00e7irdiler. ama bunu zaten yukar\u0131da s\u00f6ylemi\u015ftim, biliyorsunuz.<\/p>\n<p>neden s\u00fcrekli oyalad\u0131lar diyorum biliyor musunuz? \u00e7\u00fcnk\u00fc ortada 3 g\u00fcn i\u00e7erisinde yan\u0131t verilmesi gereken ihtar vard\u0131. biz bu s\u00fcre zarf\u0131nda ihtar s\u00fcresi ge\u00e7meden itiraz etmek istedik. ama kendilerine ula\u015famad\u0131k.<\/p>\n<p>bunun \u00fczerine b\u00fclent forta&#8217;n\u0131n a\u00e7\u0131klamas\u0131n\u0131 neye dayanarak yapt\u0131\u011f\u0131n\u0131, bir hukuk devleti s\u0131n\u0131rlar\u0131 i\u00e7erisinde nas\u0131l do\u011fru olmayan beyanat verdi\u011fini, bu g\u00fcc\u00fc nereden (?) ald\u0131\u011f\u0131n\u0131, ortada bir\u015fey yokken fizy gibi uluslararas\u0131 bir projeyi nas\u0131l kapatt\u0131rabildi\u011fini anlamakta g\u00fc\u00e7l\u00fck \u00e7ekiyorum.<\/p>\n<p>avukatlar\u0131m\u0131z say\u0131n g\u00f6khan ahi ve say\u0131n erdem t\u00fcrkekul bahsi ge\u00e7en durum hakk\u0131nda biraz \u00f6nce itiraz dilek\u00e7emizi verdiler.<\/p>\n<p>legal olan bir siteyi kapatan, s\u00f6zle\u015fmesi bulunan ve telif \u00f6demelerini &#8216;fatural\u0131 bir \u015fekilde&#8217; meslek birliklerine yapan, t\u00fcrkiye cumhuriyeti s\u0131n\u0131rlar\u0131 i\u00e7erisinde her\u015feyi kay\u0131t alt\u0131nda olan bir &#8216;limited \u015firkete&#8217; ait web sitesinin bu \u015fekilde kapat\u0131lmas\u0131na sebep olan baz\u0131 ki\u015filerin &#8216;g\u00f6revi k\u00f6t\u00fcye kullanmas\u0131&#8217; konusundaki yorumlar\u0131n\u0131 telif \u00f6dedi\u011fimiz sanat\u00e7\u0131lar\u0131n ve kamuoyunun vicdan\u0131na b\u0131rak\u0131yorum.<\/p>\n<p>sayg\u0131 ve sevgilerimle,<br \/>\nercan yaris &#8211; kurucu<\/p>\n","protected":false},"excerpt":{"rendered":"<p>Fizy&#8217;den a\u00e7\u0131klama 28\/12\/2010 &#8211; 5.07 pm selam, ho\u015fgeldin, yaln\u0131zca 2 dakikan\u0131 ay\u0131rabilir misin? \u00e7\u00fcnk\u00fc \u00f6zet ge\u00e7meyece\u011fim. biz fizy ekibi. seni \u00e7ok seviyoruz. ve sana minnettar\u0131z. sayende b\u00fcy\u00fcd\u00fck, buralara kadar geldik. 700 bin g\u00fcnl\u00fck tekil ziyaret\u00e7imiz oldu. sen de onlardan birisisin. \u00e7ok te\u015fekk\u00fcrler. son 6 aya oranla %400 b\u00fcy\u00fcd\u00fck. senin sayende bir\u00e7ok \u00fclkenin dev gazetelerinde, b\u00fcy\u00fck kanallar\u0131nda \u00fclkemizden, t\u00fcrkiye&#8217;den \u00f6vg\u00fcyle bahsettiler&#8230;.<\/p>\n","protected":false},"author":1,"featured_media":0,"comment_status":"open","ping_status":"closed","sticky":false,"template":"","format":"standard","meta":{"jetpack_post_was_ever_published":false,"_jetpack_newsletter_access":"","_jetpack_dont_email_post_to_subs":false,"_jetpack_newsletter_tier_id":0,"_jetpack_memberships_contains_paywalled_content":false,"_jetpack_memberships_contains_paid_content":false,"footnotes":"","jetpack_publicize_message":"","jetpack_publicize_feature_enabled":true,"jetpack_social_post_already_shared":false,"jetpack_social_options":{"image_generator_settings":{"template":"highway","default_image_id":0,"font":"","enabled":false},"version":2}},"categories":[21,162,3,35,67],"tags":[],"class_list":["post-1268","post","type-post","status-publish","format-standard","hentry","category-erisim-engelleme","category-fizy","category-sansur","category-telif-haklari","category-turkiye"],"jetpack_publicize_connections":[],"jetpack_featured_media_url":"","jetpack_sharing_enabled":true,"jetpack_shortlink":"https:\/\/wp.me\/p7wjA8-ks","jetpack-related-posts":[],"_links":{"self":[{"href":"https:\/\/privacy.cyber-rights.org.tr\/index.php?rest_route=\/wp\/v2\/posts\/1268","targetHints":{"allow":["GET"]}}],"collection":[{"href":"https:\/\/privacy.cyber-rights.org.tr\/index.php?rest_route=\/wp\/v2\/posts"}],"about":[{"href":"https:\/\/privacy.cyber-rights.org.tr\/index.php?rest_route=\/wp\/v2\/types\/post"}],"author":[{"embeddable":true,"href":"https:\/\/privacy.cyber-rights.org.tr\/index.php?rest_route=\/wp\/v2\/users\/1"}],"replies":[{"embeddable":true,"href":"https:\/\/privacy.cyber-rights.org.tr\/index.php?rest_route=%2Fwp%2Fv2%2Fcomments&post=1268"}],"version-history":[{"count":1,"href":"https:\/\/privacy.cyber-rights.org.tr\/index.php?rest_route=\/wp\/v2\/posts\/1268\/revisions"}],"predecessor-version":[{"id":1269,"href":"https:\/\/privacy.cyber-rights.org.tr\/index.php?rest_route=\/wp\/v2\/posts\/1268\/revisions\/1269"}],"wp:attachment":[{"href":"https:\/\/privacy.cyber-rights.org.tr\/index.php?rest_route=%2Fwp%2Fv2%2Fmedia&parent=1268"}],"wp:term":[{"taxonomy":"category","embeddable":true,"href":"https:\/\/privacy.cyber-rights.org.tr\/index.php?rest_route=%2Fwp%2Fv2%2Fcategories&post=1268"},{"taxonomy":"post_tag","embeddable":true,"href":"https:\/\/privacy.cyber-rights.org.tr\/index.php?rest_route=%2Fwp%2Fv2%2Ftags&post=1268"}],"curies":[{"name":"wp","href":"https:\/\/api.w.org\/{rel}","templated":true}]}}