{"id":127,"date":"2008-09-23T02:37:21","date_gmt":"2008-09-22T23:37:21","guid":{"rendered":"http:\/\/privacy.cyber-rights.org.tr\/?p=127"},"modified":"2008-09-23T02:37:23","modified_gmt":"2008-09-22T23:37:23","slug":"kac-kisi-dinleniyor-sorusuna-gizli-yaniti-hurriyet","status":"publish","type":"post","link":"https:\/\/privacy.cyber-rights.org.tr\/?p=127","title":{"rendered":"&#8216;Ka\u00e7 ki\u015fi dinleniyor&#8217; sorusuna &#8216;gizli&#8217; yan\u0131t\u0131 &#8211; H\u00fcrriyet"},"content":{"rendered":"<p><a href=\"http:\/\/www.hurriyet.com.tr\/gundem\/9937426.asp\">&#8216;Ka\u00e7 ki\u015fi dinleniyor&#8217; sorusuna &#8216;gizli&#8217; yan\u0131t\u0131 &#8211; H\u00fcrriyet<\/a>: &#8220;&#8216;Ka\u00e7 ki\u015fi dinleniyor&#8217; sorusuna &#8216;gizli&#8217; yan\u0131t\u0131<\/p>\n<p>19 Eyl\u00fcl 2008, ANKA<br \/>\n\u0130\u00e7i\u015fleri Bakan\u0131 Be\u015fir Atalay, CHP Antalya Milletvekili H\u00fcsn\u00fc \u00c7\u00f6ll\u00fc\u2019n\u00fcn ka\u00e7 ki\u015finin telefonunun dinlendi\u011fi sorusuna \u2018gizlilik\u2019 gerek\u00e7esiyle yan\u0131t vermedi.<\/p>\n<p>CHP\u2019li \u00c7\u00f6ll\u00fc ise Atalay\u2019\u0131n yan\u0131t\u0131na, \u2018telefon konu\u015fmalar\u0131 gazetelerde yay\u0131nlan\u0131rken bakan ka\u00e7 ki\u015finin dinlendi\u011fini gizlilik gerek\u00e7esiyle a\u00e7\u0131klam\u0131yor. Bu yan\u0131t ile asl\u0131nda AKP d\u00f6neminde ne kadar telefon dinlemesi yap\u0131ld\u0131\u011f\u0131 gizlenmek, perdelenmek isteniyor\u2019 \u015feklinde tepki g\u00f6sterdi.<\/p>\n<p>\u0130\u00e7i\u015fleri Bakan\u0131 Be\u015fir Atalay, CHP Antalya Milletvekili H\u00fcsn\u00fc \u00c7\u00f6ll\u00fc\u2019n\u00fcn, telekulak iddialar\u0131 ve T\u00fcrkiye\u2019de ka\u00e7 ki\u015finin telefonunun dinlendi\u011fine ili\u015fkin soru \u00f6nergesini yan\u0131tlad\u0131. Ka\u00e7 ki\u015finin telefonunun dinlendi\u011fine ili\u015fkin rakamlar\u0131 \u2018gizlilik\u2019 gerek\u00e7esiyle vermeyen Bakan Atalay, \u015funlar\u0131 s\u00f6yledi:<\/p>\n<p>\u20185397 say\u0131l\u0131 Kanun ile de\u011fi\u015fik, 2559 say\u0131l\u0131 Polis Vazife ve Salahiyet, 2803 say\u0131l\u0131 Jandarma Te\u015fkilat, G\u00f6rev ve Yetkileri, 2937 say\u0131l\u0131 Devlet \u0130stihbarat Hizmetleri ve Milli \u0130stihbarat Te\u015fkilat\u0131 Kanunlar\u0131 h\u00fck\u00fcmlerine g\u00f6re y\u00fcr\u00fct\u00fclen faaliyetler \u00e7er\u00e7evesinde elde edilen bilgi ve kay\u0131tlar\u0131n saklanmas\u0131nda ve korunmas\u0131nda gizlilik ilkesi ge\u00e7erlidir. Telekom\u00fcnikasyon yoluyla ileti\u015fimin dinlenmesi veya tespit edilmesi y\u00fcr\u00fcrl\u00fckte bulunan kanunlarda belirtilen usul ve esaslara uygun olarak yarg\u0131 kararlar\u0131 do\u011frultusunda ger\u00e7ekle\u015ftirilmektedir.\u2019<br \/>\n<!--more--><br \/>\n\u2018SAV TELEFONUNU A\u00c7IK BIRAKMI\u015e\u2019<\/p>\n<p>Atalay, CHP Genel Sekreteri \u00d6nder Sav ve Anayasa Mahkemesi Ba\u015fkan Vekili Osman Paks\u00fct\u2019\u00fcn telefonlar\u0131n\u0131n dinlendi\u011fi iddialar\u0131 konusunda ise \u2018Anayasa Mahkemesi Ba\u015fkan vekili ile CHP Genel Sekreteri \u00d6nder Sav\u2019\u0131n dinlenmesi hi\u00e7bir \u015fekilde s\u00f6z konusu de\u011fildir\u2019 dedi. Sav\u2019\u0131n dinlendi\u011fi iddialar\u0131n\u0131n Ankara Cumhuriyet Ba\u015fsavc\u0131l\u0131\u011f\u0131\u2019na intikal etti\u011fini ifade eden Atalay, \u2018\u0130ncelemeyi yapan Cumhuriyet savc\u0131s\u0131 telefon g\u00f6r\u00fc\u015fmesine ili\u015fkin kayd\u0131n \u00d6nder Sav\u2019\u0131n telefonunu a\u00e7\u0131k b\u0131rakmas\u0131 nedeniyle ger\u00e7ekle\u015ftirildi\u011fini tespit ederek konuyla ilgili kavu\u015fturma yap\u0131lmas\u0131na yer olmad\u0131\u011f\u0131na karar vermi\u015ftir\u2019 dedi.<\/p>\n<p>\u00c7\u00d6LL\u00dc\u2019DEN YANITA TEPK\u0130<\/p>\n<p>CHP Antalya Milletvekili H\u00fcsn\u00fc \u00c7\u00f6ll\u00fc ise Bakan Atalay\u2019\u0131n yan\u0131t\u0131na tepki g\u00f6sterdi. Kendisinin istatistiki bilgi sordu\u011funu bu rakamlar\u0131n gizlilikle ilgisinin olamayaca\u011f\u0131n\u0131 kaydeden \u00c7\u00f6ll\u00fc \u015funlar\u0131 s\u00f6yledi:<\/p>\n<p>\u2018Do\u011frusu ve \u015feffafl\u0131k gere\u011fi, devlet su\u00e7 ve su\u00e7la m\u00fccadele i\u00e7in yapt\u0131\u011f\u0131 telefon dinlemelerinin istatistiki bilgilerini verebilmeliydi. Say\u0131n Bakan, istatistiki bilgi i\u00e7in gizli diyor ama gazetelerde boy boy dinleme kay\u0131tlar\u0131 yay\u0131nlan\u0131yor. Hem de y\u00fcr\u00fct\u00fclen soru\u015fturmayla ilgisi olmayan, ki\u015filerin \u00f6zel konu\u015fmalar\u0131, \u00f6zel hayatlar\u0131 gazete sayfalar\u0131nda yer al\u0131yor. Say\u0131n Bakan, istatistiki bilgileri gizlilik gerek\u00e7esiyle saklayaca\u011f\u0131na, vatanda\u015flar\u0131n\u0131n ger\u00e7ekten gizli kalmas\u0131 gereken konu\u015fma kay\u0131tlar\u0131n\u0131 gizli tutabilmeliydi. Gazetelerden g\u00f6r\u00fcyoruz ki ilgili ilgisiz bir s\u00fcr\u00fc insan\u0131n telefonu dinlenmi\u015f. \u0130mha edilmesi gereken kay\u0131tlar, saklanm\u0131\u015f. Bu yan\u0131t ile asl\u0131nda, AKP d\u00f6neminde ne kadar telefon dinlemesi yap\u0131ld\u0131\u011f\u0131 gizlenmek, perdelenmek isteniyor. Ben say\u0131n Bakan\u2019dan bu istatistiki bilgiyi kamuoyuyla payla\u015fmas\u0131n\u0131 bekliyorum. Demokrasi, \u015feffafl\u0131k bunu gerektirir.\u2019 &#8220;<\/p>\n<p>(Via <a href=\"\"><\/a>.)<\/p>\n","protected":false},"excerpt":{"rendered":"<p>&#8216;Ka\u00e7 ki\u015fi dinleniyor&#8217; sorusuna &#8216;gizli&#8217; yan\u0131t\u0131 &#8211; H\u00fcrriyet: &#8220;&#8216;Ka\u00e7 ki\u015fi dinleniyor&#8217; sorusuna &#8216;gizli&#8217; yan\u0131t\u0131 19 Eyl\u00fcl 2008, ANKA \u0130\u00e7i\u015fleri Bakan\u0131 Be\u015fir Atalay, CHP Antalya Milletvekili H\u00fcsn\u00fc \u00c7\u00f6ll\u00fc\u2019n\u00fcn ka\u00e7 ki\u015finin telefonunun dinlendi\u011fi sorusuna \u2018gizlilik\u2019 gerek\u00e7esiyle yan\u0131t vermedi. CHP\u2019li \u00c7\u00f6ll\u00fc ise Atalay\u2019\u0131n yan\u0131t\u0131na, \u2018telefon konu\u015fmalar\u0131 gazetelerde yay\u0131nlan\u0131rken bakan ka\u00e7 ki\u015finin dinlendi\u011fini gizlilik gerek\u00e7esiyle a\u00e7\u0131klam\u0131yor. Bu yan\u0131t ile asl\u0131nda AKP d\u00f6neminde ne kadar&#8230;<\/p>\n","protected":false},"author":1,"featured_media":0,"comment_status":"open","ping_status":"closed","sticky":false,"template":"","format":"standard","meta":{"jetpack_post_was_ever_published":false,"_jetpack_newsletter_access":"","_jetpack_dont_email_post_to_subs":false,"_jetpack_newsletter_tier_id":0,"_jetpack_memberships_contains_paywalled_content":false,"_jetpack_memberships_contains_paid_content":false,"footnotes":"","jetpack_publicize_message":"","jetpack_publicize_feature_enabled":true,"jetpack_social_post_already_shared":false,"jetpack_social_options":{"image_generator_settings":{"template":"highway","default_image_id":0,"font":"","enabled":false},"version":2}},"categories":[15,19,10,14],"tags":[],"class_list":["post-127","post","type-post","status-publish","format-standard","hentry","category-gizli-dinleme","category-izleme","category-mahremiyet","category-telekulak"],"jetpack_publicize_connections":[],"jetpack_featured_media_url":"","jetpack_sharing_enabled":true,"jetpack_shortlink":"https:\/\/wp.me\/p7wjA8-23","jetpack-related-posts":[],"_links":{"self":[{"href":"https:\/\/privacy.cyber-rights.org.tr\/index.php?rest_route=\/wp\/v2\/posts\/127","targetHints":{"allow":["GET"]}}],"collection":[{"href":"https:\/\/privacy.cyber-rights.org.tr\/index.php?rest_route=\/wp\/v2\/posts"}],"about":[{"href":"https:\/\/privacy.cyber-rights.org.tr\/index.php?rest_route=\/wp\/v2\/types\/post"}],"author":[{"embeddable":true,"href":"https:\/\/privacy.cyber-rights.org.tr\/index.php?rest_route=\/wp\/v2\/users\/1"}],"replies":[{"embeddable":true,"href":"https:\/\/privacy.cyber-rights.org.tr\/index.php?rest_route=%2Fwp%2Fv2%2Fcomments&post=127"}],"version-history":[{"count":0,"href":"https:\/\/privacy.cyber-rights.org.tr\/index.php?rest_route=\/wp\/v2\/posts\/127\/revisions"}],"wp:attachment":[{"href":"https:\/\/privacy.cyber-rights.org.tr\/index.php?rest_route=%2Fwp%2Fv2%2Fmedia&parent=127"}],"wp:term":[{"taxonomy":"category","embeddable":true,"href":"https:\/\/privacy.cyber-rights.org.tr\/index.php?rest_route=%2Fwp%2Fv2%2Fcategories&post=127"},{"taxonomy":"post_tag","embeddable":true,"href":"https:\/\/privacy.cyber-rights.org.tr\/index.php?rest_route=%2Fwp%2Fv2%2Ftags&post=127"}],"curies":[{"name":"wp","href":"https:\/\/api.w.org\/{rel}","templated":true}]}}