{"id":1270,"date":"2011-01-04T19:03:04","date_gmt":"2011-01-04T16:03:04","guid":{"rendered":"http:\/\/privacy.cyber-rights.org.tr\/?p=1270"},"modified":"2011-01-04T19:03:07","modified_gmt":"2011-01-04T16:03:07","slug":"hurriyet-chpnin-internet-sitesi-icin-mahkeme-karari","status":"publish","type":"post","link":"https:\/\/privacy.cyber-rights.org.tr\/?p=1270","title":{"rendered":"H\u00fcrriyet: CHP&#8217;nin internet sitesi i\u00e7in mahkeme karar\u0131"},"content":{"rendered":"<p><a href=\"http:\/\/www.hurriyet.com.tr\/gundem\/16629644.asp\">CHP&#8217;nin internet sitesi i\u00e7in mahkeme karar\u0131 &#8211; H\u00fcrriyet<\/a>\t<\/p>\n<p>A.A \t27 Aral\u0131k 2010<br \/>\nAnkara 11. Sulh Ceza Mahkemesi, CHP&#8217;nin \u2018www.chp.org.tr\u2019 adresli internet sitesinde yay\u0131nlanan, avukat Yakup Erikel ile ilgili yaz\u0131n\u0131n yay\u0131ndan kald\u0131r\u0131larak, Erikel&#8217;in cevap yaz\u0131s\u0131n\u0131n, s\u00f6z konusu internet sitesinde bir hafta s\u00fcre ile yay\u0131nlanmas\u0131na karar verdi.<\/p>\n<p>Mahkemenin, 24 Aral\u0131k 2010 tarihinde verdi\u011fi kararda, avukat Yakup Erikel&#8217;in, 22 Aral\u0131k 2010&#8217;da mahkemeye yapt\u0131\u011f\u0131 ba\u015fvuruda, kendisi hakk\u0131nda, \u2018www.chp.org.tr\u2019 adresli i\u00e7erik sa\u011flay\u0131c\u0131s\u0131ndan yap\u0131lan \u2018ger\u00e7ek d\u0131\u015f\u0131 yay\u0131na\u2019 ili\u015fkin olarak i\u00e7eri\u011fin yay\u0131ndan kald\u0131r\u0131larak, cevap ve d\u00fczeltme metninin yay\u0131nlanmas\u0131na karar verilmesini talep etti\u011fi an\u0131msat\u0131ld\u0131.<\/p>\n<p>Kararda, CHP&#8217;nin internet sitesinde yay\u0131nlanan yaz\u0131n\u0131n i\u00e7eri\u011finde aktar\u0131lan haberin, Erikel&#8217;in ki\u015filik haklar\u0131n\u0131 ihlal edici nitelikte oldu\u011fu, bu \u015fekildeki yay\u0131n\u0131n cevap ve d\u00fczeltme hakk\u0131 do\u011furacak nitelikte bulundu\u011fu kanaatine var\u0131ld\u0131\u011f\u0131 kaydedildi.<\/p>\n<p>Ankara 11. Sulh Ceza Mahkemesinin karar\u0131nda, s\u00f6z konusu nedenlerle 5651 say\u0131l\u0131 Yasa&#8217;n\u0131n 9\/2. maddesi gere\u011fince \u2018www.chp.org.tr\u2019 internet adresinde, Yakup Erikel hakk\u0131ndaki yaz\u0131 i\u00e7eri\u011finin yay\u0131ndan kald\u0131r\u0131lmas\u0131na ve cevap metninin bir hafta s\u00fcreyle internet ortam\u0131nda yay\u0131nlanmas\u0131na karar verildi\u011fi ifade edildi.<\/p>\n","protected":false},"excerpt":{"rendered":"<p>CHP&#8217;nin internet sitesi i\u00e7in mahkeme karar\u0131 &#8211; H\u00fcrriyet A.A 27 Aral\u0131k 2010 Ankara 11. Sulh Ceza Mahkemesi, CHP&#8217;nin \u2018www.chp.org.tr\u2019 adresli internet sitesinde yay\u0131nlanan, avukat Yakup Erikel ile ilgili yaz\u0131n\u0131n yay\u0131ndan kald\u0131r\u0131larak, Erikel&#8217;in cevap yaz\u0131s\u0131n\u0131n, s\u00f6z konusu internet sitesinde bir hafta s\u00fcre ile yay\u0131nlanmas\u0131na karar verdi. Mahkemenin, 24 Aral\u0131k 2010 tarihinde verdi\u011fi kararda, avukat Yakup Erikel&#8217;in, 22 Aral\u0131k 2010&#8217;da mahkemeye yapt\u0131\u011f\u0131&#8230;<\/p>\n","protected":false},"author":1,"featured_media":0,"comment_status":"open","ping_status":"closed","sticky":false,"template":"","format":"standard","meta":{"jetpack_post_was_ever_published":false,"_jetpack_newsletter_access":"","_jetpack_dont_email_post_to_subs":false,"_jetpack_newsletter_tier_id":0,"_jetpack_memberships_contains_paywalled_content":false,"_jetpack_memberships_contains_paid_content":false,"footnotes":"","jetpack_publicize_message":"","jetpack_publicize_feature_enabled":true,"jetpack_social_post_already_shared":false,"jetpack_social_options":{"image_generator_settings":{"template":"highway","default_image_id":0,"font":"","enabled":false},"version":2}},"categories":[22,153,160,67],"tags":[],"class_list":["post-1270","post","type-post","status-publish","format-standard","hentry","category-5651-nolu-kanun","category-9-madde","category-chp","category-turkiye"],"jetpack_publicize_connections":[],"jetpack_featured_media_url":"","jetpack_sharing_enabled":true,"jetpack_shortlink":"https:\/\/wp.me\/p7wjA8-ku","jetpack-related-posts":[],"_links":{"self":[{"href":"https:\/\/privacy.cyber-rights.org.tr\/index.php?rest_route=\/wp\/v2\/posts\/1270","targetHints":{"allow":["GET"]}}],"collection":[{"href":"https:\/\/privacy.cyber-rights.org.tr\/index.php?rest_route=\/wp\/v2\/posts"}],"about":[{"href":"https:\/\/privacy.cyber-rights.org.tr\/index.php?rest_route=\/wp\/v2\/types\/post"}],"author":[{"embeddable":true,"href":"https:\/\/privacy.cyber-rights.org.tr\/index.php?rest_route=\/wp\/v2\/users\/1"}],"replies":[{"embeddable":true,"href":"https:\/\/privacy.cyber-rights.org.tr\/index.php?rest_route=%2Fwp%2Fv2%2Fcomments&post=1270"}],"version-history":[{"count":1,"href":"https:\/\/privacy.cyber-rights.org.tr\/index.php?rest_route=\/wp\/v2\/posts\/1270\/revisions"}],"predecessor-version":[{"id":1271,"href":"https:\/\/privacy.cyber-rights.org.tr\/index.php?rest_route=\/wp\/v2\/posts\/1270\/revisions\/1271"}],"wp:attachment":[{"href":"https:\/\/privacy.cyber-rights.org.tr\/index.php?rest_route=%2Fwp%2Fv2%2Fmedia&parent=1270"}],"wp:term":[{"taxonomy":"category","embeddable":true,"href":"https:\/\/privacy.cyber-rights.org.tr\/index.php?rest_route=%2Fwp%2Fv2%2Fcategories&post=1270"},{"taxonomy":"post_tag","embeddable":true,"href":"https:\/\/privacy.cyber-rights.org.tr\/index.php?rest_route=%2Fwp%2Fv2%2Ftags&post=1270"}],"curies":[{"name":"wp","href":"https:\/\/api.w.org\/{rel}","templated":true}]}}