{"id":1272,"date":"2011-01-13T18:31:53","date_gmt":"2011-01-13T15:31:53","guid":{"rendered":"http:\/\/privacy.cyber-rights.org.tr\/?p=1272"},"modified":"2011-01-13T18:31:56","modified_gmt":"2011-01-13T15:31:56","slug":"her-tik-belgelenecek-htekonomi","status":"publish","type":"post","link":"https:\/\/privacy.cyber-rights.org.tr\/?p=1272","title":{"rendered":"Her &#8220;t\u0131k&#8221; belgelenecek! &#8211; HTEkonomi"},"content":{"rendered":"<p><a href=\"http:\/\/ekonomi.haberturk.com\/teknoloji\/haber\/590832-her-tik-belgelenecek\">Her &#8220;t\u0131k&#8221; belgelenecek! &#8211; HTEkonomi<\/a><\/p>\n<p>Ula\u015ft\u0131rma Bakan\u0131: Bir \u015feye eliniz de\u011fer de\u011fmez onun izini bir daha silemeyeceksiniz, &#8216;Ben yapmad\u0131m, etmedim&#8217; deme \u015fans\u0131 yok<br \/>\n12 Ocak 2011 \u00c7ar\u015famba, 15:00:25<\/p>\n<p>Y\u0131ld\u0131r\u0131m, T\u00fcrkiye&#8217;nin bilgi toplumu alan\u0131nda h\u0131zla geli\u015fme kaydederek 2 milyar olan d\u00fcnyadaki internet kullan\u0131c\u0131 say\u0131s\u0131n\u0131n y\u00fczde 76&#8217;s\u0131n\u0131 olu\u015fturan 20 \u00fclke i\u00e7inde 12. s\u0131rada oldu\u011funu belirtti.<\/p>\n<p>Bakan Y\u0131ld\u0131r\u0131m, \u015f\u00f6yle konu\u015ftu: &#8221;T\u00fcrkiye&#8217;nin potansiyeli bundan daha y\u00fcksek. H\u0131zla internet kullan\u0131m\u0131 yayg\u0131nla\u015f\u0131yor. Sosyal payla\u015f\u0131m sitelerinde d\u00fcnyada ya birinci, ya ikinciyiz. Facebook, MSN&#8217;de iki numaray\u0131z. Biraz daha faydal\u0131 i\u015flere bunlar\u0131n yan\u0131nda a\u011f\u0131rl\u0131k versek daha da iyi olacak tabii. Yani &#8216;laklak&#8217; da laz\u0131m, ama biraz daha \u00fcretime y\u00f6nelik geli\u015fmeye y\u00f6nelik, yenilik\u00e7ilikle ilgili \u00e7al\u0131\u015fmalara y\u00f6nelik, ara\u015ft\u0131rma geli\u015ftirmeye y\u00f6nelik a\u011f\u0131rl\u0131kl\u0131 kullanmam\u0131zda fayda var. Buna paralel gitmemiz laz\u0131m.&#8217;<\/p>\n<p>IPv6 GEL\u0130YOR<br \/>\nY\u0131ld\u0131r\u0131m, Rixos Otel&#8217;de d\u00fczenlenen IPv6 Konferans\u0131&#8217;nda yapt\u0131\u011f\u0131 konu\u015fmada, internete ba\u011flanmak i\u00e7in IPv4 protokol\u00fcn\u00fcn yerini alacak IPv6 ile pek \u00e7ok alanda de\u011fi\u015fim ya\u015fanaca\u011f\u0131na i\u015faret ederek, &#8221;Bir \u015feye eliniz de\u011fer de\u011fmez onun izini bir daha silemeyeceksiniz. &#8216;Ben yapmad\u0131m, etmedim&#8217; deme \u015fans\u0131 yok. Herkes yapt\u0131\u011f\u0131n\u0131 bilecek ve sonucuna da katlanacak. Yapmas\u0131n demiyorum. Herkes istedi\u011fini yaps\u0131n, ama yanl\u0131\u015f i\u015fler yapmas\u0131n&#8221; dedi.<\/p>\n<p>B\u0130L\u0130\u015e\u0130MDE KAYIT DI\u015eI H\u0130\u00c7B\u0130R \u015eEY OLMAYACAK<br \/>\nIPv6&#8217;n\u0131n internet g\u00fcvenli\u011fiyle ilgisinin bulunmad\u0131\u011f\u0131na ili\u015fkin g\u00f6r\u00fc\u015fleri an\u0131msatan Bakan Y\u0131ld\u0131r\u0131m, bu sisteme ge\u00e7i\u015fle birlikte internet g\u00fcvenli\u011finin de daha etkin sa\u011flanaca\u011f\u0131n\u0131 d\u00fc\u015f\u00fcnd\u00fc\u011f\u00fcn\u00fc ifade etti. Bakan Y\u0131ld\u0131r\u0131m, \u015funlar\u0131 kaydetti: &#8221;En az\u0131ndan bu sistem, uluslararas\u0131 bir y\u00f6netime kavu\u015fuyor, e\u011fer yanl\u0131\u015f bilmiyorsam. \u015eimdi a\u011f\u0131rl\u0131kl\u0131 olarak ABD, do\u011fal olarak internet orada meydana \u00e7\u0131kt\u0131\u011f\u0131 i\u00e7in&#8230; Orada bir ku\u015fku var, o ku\u015fkuyu ortadan kald\u0131ran uluslararas\u0131 bir organizasyonun denetiminde \u00e7al\u0131\u015fan bir yap\u0131ya d\u00f6n\u00fc\u015f\u00fcyor, bana verilen bilgilere g\u00f6re. Bu y\u00f6n\u00fcyle bir anlamda emniyet taraf\u0131n\u0131n da dikkate al\u0131nmas\u0131 gerekti\u011fini d\u00fc\u015f\u00fcn\u00fcyorum. Bir de elektri\u011fi olan her t\u00fcrl\u00fc cihaza tabiri caizse kimlik verebilece\u011fiz. Dolay\u0131s\u0131yla bili\u015fimde kay\u0131t d\u0131\u015f\u0131 hi\u00e7bir \u015fey olmayacak.&#8221;<\/p>\n<p>SEY\u015eEL ADALARI&#8217;NDA S\u0130TE A\u00c7IP ORTADAN KAYBOLMA B\u0130TECEK<br \/>\n\u0130nternetin ya\u015fam\u0131n her alan\u0131na b\u00fcy\u00fck kolayl\u0131klar getirdi\u011finin alt\u0131n\u0131 \u00e7izen Y\u0131ld\u0131r\u0131m, &#8221;Ama k\u00f6t\u00fc ama\u00e7l\u0131 kullan\u0131mlar da maalesef oluyor. Bunlar i\u00e7in tedbir almam\u0131z laz\u0131m. \u0130\u015fte bu kay\u0131t olay\u0131 geli\u015ftik\u00e7e bu tedbirleri daha kolay alaca\u011f\u0131z. Bunun en g\u00fczel taraf\u0131 bu sisteme ge\u00e7ti\u011fimiz zaman uluslararas\u0131 i\u015fbirli\u011fi daha kolay hale gelecek. Siber su\u00e7larla m\u00fccadele daha da kolayla\u015facak&#8221; dedi. \u0130nternet su\u00e7lar\u0131nda uygulanacak hukuk sisteminin de tart\u0131\u015f\u0131ld\u0131\u011f\u0131n\u0131 anlatan Y\u0131ld\u0131r\u0131m, bu alanda bilinen tek ge\u00e7erli metnin de Avrupa Komisyonu&#8217;nun haz\u0131rlad\u0131\u011f\u0131 Siber Su\u00e7lar S\u00f6zle\u015fmesi oldu\u011funu belirterek, T\u00fcrkiye&#8217;nin de bu s\u00f6zle\u015fmeye 47. \u00fclke olarak taraf oldu\u011funu an\u0131msatt\u0131. Metnin parlamentonun onay\u0131ndan ge\u00e7irilmesinden sonra internet su\u00e7lar\u0131n\u0131n takibinde de ilerleme olaca\u011f\u0131n\u0131 kaydeden Y\u0131ld\u0131r\u0131m, &#8221;Sey\u015fel Adalar\u0131&#8217;nda bir site a\u00e7\u0131p T\u00fcrkiye&#8217;de birine \u00e7ak\u0131p ortadan kaybolma i\u015fi olmayacak. Bunun da b\u00f6ylece tedbirini alm\u0131\u015f oluyoruz&#8221; dedi.<\/p>\n<p>AA<\/p>\n","protected":false},"excerpt":{"rendered":"<p>Her &#8220;t\u0131k&#8221; belgelenecek! &#8211; HTEkonomi Ula\u015ft\u0131rma Bakan\u0131: Bir \u015feye eliniz de\u011fer de\u011fmez onun izini bir daha silemeyeceksiniz, &#8216;Ben yapmad\u0131m, etmedim&#8217; deme \u015fans\u0131 yok 12 Ocak 2011 \u00c7ar\u015famba, 15:00:25 Y\u0131ld\u0131r\u0131m, T\u00fcrkiye&#8217;nin bilgi toplumu alan\u0131nda h\u0131zla geli\u015fme kaydederek 2 milyar olan d\u00fcnyadaki internet kullan\u0131c\u0131 say\u0131s\u0131n\u0131n y\u00fczde 76&#8217;s\u0131n\u0131 olu\u015fturan 20 \u00fclke i\u00e7inde 12. s\u0131rada oldu\u011funu belirtti. Bakan Y\u0131ld\u0131r\u0131m, \u015f\u00f6yle konu\u015ftu: &#8221;T\u00fcrkiye&#8217;nin potansiyeli bundan&#8230;<\/p>\n","protected":false},"author":1,"featured_media":0,"comment_status":"open","ping_status":"closed","sticky":false,"template":"","format":"standard","meta":{"jetpack_post_was_ever_published":false,"_jetpack_newsletter_access":"","_jetpack_dont_email_post_to_subs":false,"_jetpack_newsletter_tier_id":0,"_jetpack_memberships_contains_paywalled_content":false,"_jetpack_memberships_contains_paid_content":false,"footnotes":"","jetpack_publicize_message":"","jetpack_publicize_feature_enabled":true,"jetpack_social_post_already_shared":false,"jetpack_social_options":{"image_generator_settings":{"template":"highway","default_image_id":0,"font":"","enabled":false},"version":2}},"categories":[66,136,67],"tags":[],"class_list":["post-1272","post","type-post","status-publish","format-standard","hentry","category-gozetim-devleti","category-sibersuc-sozlesmesi","category-turkiye"],"jetpack_publicize_connections":[],"jetpack_featured_media_url":"","jetpack_sharing_enabled":true,"jetpack_shortlink":"https:\/\/wp.me\/p7wjA8-kw","jetpack-related-posts":[],"_links":{"self":[{"href":"https:\/\/privacy.cyber-rights.org.tr\/index.php?rest_route=\/wp\/v2\/posts\/1272","targetHints":{"allow":["GET"]}}],"collection":[{"href":"https:\/\/privacy.cyber-rights.org.tr\/index.php?rest_route=\/wp\/v2\/posts"}],"about":[{"href":"https:\/\/privacy.cyber-rights.org.tr\/index.php?rest_route=\/wp\/v2\/types\/post"}],"author":[{"embeddable":true,"href":"https:\/\/privacy.cyber-rights.org.tr\/index.php?rest_route=\/wp\/v2\/users\/1"}],"replies":[{"embeddable":true,"href":"https:\/\/privacy.cyber-rights.org.tr\/index.php?rest_route=%2Fwp%2Fv2%2Fcomments&post=1272"}],"version-history":[{"count":1,"href":"https:\/\/privacy.cyber-rights.org.tr\/index.php?rest_route=\/wp\/v2\/posts\/1272\/revisions"}],"predecessor-version":[{"id":1273,"href":"https:\/\/privacy.cyber-rights.org.tr\/index.php?rest_route=\/wp\/v2\/posts\/1272\/revisions\/1273"}],"wp:attachment":[{"href":"https:\/\/privacy.cyber-rights.org.tr\/index.php?rest_route=%2Fwp%2Fv2%2Fmedia&parent=1272"}],"wp:term":[{"taxonomy":"category","embeddable":true,"href":"https:\/\/privacy.cyber-rights.org.tr\/index.php?rest_route=%2Fwp%2Fv2%2Fcategories&post=1272"},{"taxonomy":"post_tag","embeddable":true,"href":"https:\/\/privacy.cyber-rights.org.tr\/index.php?rest_route=%2Fwp%2Fv2%2Ftags&post=1272"}],"curies":[{"name":"wp","href":"https:\/\/api.w.org\/{rel}","templated":true}]}}