{"id":1278,"date":"2011-01-25T10:10:27","date_gmt":"2011-01-25T07:10:27","guid":{"rendered":"http:\/\/privacy.cyber-rights.org.tr\/?p=1278"},"modified":"2011-01-25T10:11:07","modified_gmt":"2011-01-25T07:11:07","slug":"bugunkilicdaroglu-com-sitesinin-sansurlenmesine-son-verildi","status":"publish","type":"post","link":"https:\/\/privacy.cyber-rights.org.tr\/?p=1278","title":{"rendered":"Bugunkilicdaroglu.com sitesinin sans\u00fcrlenmesine son verildi"},"content":{"rendered":"<p>BUG\u00dcNKILI\u00c7DARO\u011eLU.COM (www.bugunkilicdaroglu.com) S\u0130TES\u0130NE UYGULANAN ER\u0130\u015e\u0130M ENGELLEME KARARI MAHKEME KARARI \u0130LE KALDIRILDI, S\u0130TEN\u0130N SANS\u00dcRLENMES\u0130NE SON VER\u0130LD\u0130.<\/p>\n<p>20 OCAK 2011 (ANKARA\/\u0130STANBUL) \u2013CHP Genel Ba\u015fkan\u0131 Kemal K\u0131l\u0131\u00e7daro\u011flu\u2019nun avukatlar\u0131n\u0131n hukuki giri\u015fimi ile Ankara 3. Sulh Ceza Mahkemesi\u2019nin 28.09.2010 g\u00fcn ve De\u011fi\u015fik \u0130\u015f 2010\/1155 say\u0131l\u0131 karar\u0131 ile BUG\u00dcNKILI\u00c7DARO\u011eLU.COM (www.bugunkilicdaroglu.com) sitesine eri\u015fim engellenmi\u015fti.<\/p>\n<p>Eri\u015fime engellenen sitenin sahibi Timur Manisal\u0131\u2019\u0131n avukat\u0131 Ay\u015fe Alt\u0131parmak taraf\u0131ndan 03 Aral\u0131k 2010 tarihinde yap\u0131lan itiraz sonras\u0131nda Ankara 11. Asliye Ceza Mahkemesi, eri\u015fim engelleme karar\u0131n\u0131 D. \u0130\u015f No. 2011\/30 say\u0131 ve 06.01.2011 tarihli karar\u0131 ile kald\u0131rm\u0131\u015ft\u0131r.<br \/>\n\u0130tiraz dilek\u00e7esinde Ankara 3. Sulh Ceza Mahkemesi\u2019nin 5651 Say\u0131l\u0131 \u0130nternet Ortam\u0131nda Yap\u0131lan Yay\u0131nlar\u0131n D\u00fczenlenmesi ve bu Yay\u0131nlar Yoluyla \u0130\u015flenen Su\u00e7larla M\u00fccadele Edilmesi Hakk\u0131nda Kanun\u2019un 9. Maddesine dayanarak eri\u015fim engelleme karar\u0131 vermesinin m\u00fcmk\u00fcn olmad\u0131\u011f\u0131 belirtilmi\u015f ve karar\u0131n YOK H\u00dcKM\u00dcNDE oldu\u011fu i\u00e7in kald\u0131r\u0131lmas\u0131 talep edilmi\u015ftir.<\/p>\n<p>\u0130tiraz dilek\u00e7esinde ayr\u0131ca site sahibinin ifade \u00f6zg\u00fcrl\u00fc\u011f\u00fcn\u00fcn a\u011f\u0131r bir \u015fekilde ihlal edildi\u011fi belirtilmi\u015f, http:\/\/www.bugunkilicdaroglu.com sitesinde kaleme al\u0131nan ve Ankara 3. Sulh Ceza Mahkemesi\u2019nin eri\u015fim engelleme karar\u0131na konu olan yaz\u0131lar\u0131n tamam\u0131n\u0131n tedbir talebinde bulunan\u0131n icraatlar\u0131na y\u00f6nelik oldu\u011fundan, s\u00f6z konusu sitede yer alan ve eri\u015fim engellemeye sebep olan yaz\u0131lar\u0131n politik s\u00f6ylem niteli\u011finde oldu\u011fu a\u00e7\u0131klanm\u0131\u015ft\u0131r. <\/p>\n<p>\u0130tiraz dilek\u00e7esinde, sitenin eri\u015fime engellenmesi i\u00e7in ba\u015fvuruda bulunanlar\u0131n iddialar\u0131n\u0131n aksine site sahibi taraf\u0131ndan kaleme al\u0131nan yaz\u0131lar\u0131n hi\u00e7 birinde Kemal K\u0131l\u0131\u00e7daro\u011flu\u2019na hakaret edilmedi\u011fi ve \u201c3. \u015fah\u0131slara kar\u015f\u0131 haks\u0131z ve hukuka ayk\u0131r\u0131 sald\u0131r\u0131larda bulunabilece\u011fi\u201d ve CHP Ba\u015fkan\u0131 Kemal K\u0131l\u0131\u00e7daro\u011flu\u2019nun ki\u015filik haklar\u0131n\u0131n ihlal edilebilece\u011fi iddias\u0131n\u0131n yersiz oldu\u011fu belirtilmi\u015ftir. Bu nedenle, bahsi ge\u00e7en yaz\u0131lar\u0131n bas\u0131n\u0131n haber verme ve haber alma s\u0131n\u0131rlar\u0131 ve siyasi tart\u0131\u015fma \u00f6zg\u00fcrl\u00fc\u011f\u00fc kapsam\u0131nda de\u011ferlendirilmesi gerekti\u011fi dilek\u00e7ede a\u00e7\u0131klanm\u0131\u015ft\u0131r.<\/p>\n<p>Bu itirazlar\u0131 hakl\u0131 bulan Ankara 11. Asliye Ceza Mahkemesi karar\u0131nda da \u201cHaks\u0131z sald\u0131r\u0131n\u0131n ne oldu\u011fu talep eden vekilinin dilek\u00e7esinde belirtilmemekle birlikte 9. maddeye g\u00f6re haklar\u0131 ihlal edilen \u015fah\u0131s ancak bu yay\u0131n\u0131n i\u00e7erikten \u00e7\u0131kar\u0131lmas\u0131 i\u00e7in talepte bulunabilir\u201d denilerek www.bugunkilicdaroglu.com sitesinin 5651 say\u0131l\u0131 Yasan\u0131n 8. maddesinde belirtilen eylemleri ger\u00e7ekle\u015ftirmedi\u011fi bu nedenle eri\u015fimin engellenmesine dair karar\u0131n yasaya ayk\u0131r\u0131 oldu\u011fu saptanm\u0131\u015ft\u0131r. <\/p>\n<p>Eri\u015fim engelleme karar\u0131n\u0131n kald\u0131r\u0131lmas\u0131n\u0131 de\u011ferlendiren site sahibi Timur Manisal\u0131 yapt\u0131\u011f\u0131 a\u00e7\u0131klamada \u201cEle\u015ftiri s\u0131n\u0131rlar\u0131n\u0131 a\u015fmayan politik s\u00f6ylem niteli\u011findeki yaz\u0131lar\u0131m Kemal K\u0131l\u0131\u00e7daro\u011flu\u2019nun \u015fikayeti sonras\u0131nda mahkeme karar\u0131 ile 3,5 ay boyunca sans\u00fcrlenmi\u015ftir. H\u00fck\u00fcmetin \u0130nternet sans\u00fcr politikas\u0131n\u0131 ve T\u00fcrkiye\u2019deki sans\u00fcr uygulamalar\u0131n\u0131 ele\u015ftirmesi gerekirken vatanda\u015f\u0131n ifade \u00f6zg\u00fcrl\u00fc\u011f\u00fcn\u00fc k\u0131s\u0131tlama giri\u015fimleri asla kabul edilemez. Sans\u00fcrletmek ve engellemekten ziyade Bugunkilicdaroglu.com sitemden en fazla faydalanmas\u0131 gereken lider de Kemal K\u0131l\u0131\u00e7daro\u011flu\u2019dur.\u201d<\/p>\n<p>Timur Manisal\u0131 vekili Av. Ay\u015fe Alt\u0131parmak \u00f6zellikle ifade \u00f6zg\u00fcrl\u00fc\u011f\u00fcne m\u00fcdahale niteli\u011findeki ba\u015fvurular\u0131 mahkemelerin daha dikkatli de\u011ferlendirmesi gerekti\u011fini ve site sahiplerine savunma hakk\u0131 verilmeden acele verilen kararlar\u0131n ancak sans\u00fcr olarak tan\u0131mlanabilece\u011fini belirtti.  <\/p>\n<p>BUG\u00dcNKILI\u00c7DARO\u011eLU.COM (www.bugunkilicdaroglu.com) sitesinin a\u00e7\u0131lmas\u0131 i\u00e7in hukuki m\u00fccadele s\u00fcrecine katk\u0131da bulunan Cyber-Rights.Org.TR \u201csadece iktidar\u0131n de\u011fil ayn\u0131 zamanda muhalefette siyaset yapanlar\u0131n da siyasi ifade \u00f6zg\u00fcrl\u00fc\u011f\u00fcn\u00fcn kullan\u0131lmas\u0131 kar\u015f\u0131s\u0131nda daha ho\u015fg\u00f6r\u00fcl\u00fc olmas\u0131 demokrasi i\u00e7in bir zorunluluktur. \u0130nternet kullan\u0131m\u0131n\u0131n siyasi \u00f6nemini vurgulayan bir siyaset\u00e7i olan CHP lideri K\u0131l\u0131\u00e7daro\u011flu\u2019ndan da beklenen budur\u201d de\u011ferlendirmesinde bulundu.<\/p>\n","protected":false},"excerpt":{"rendered":"<p>BUG\u00dcNKILI\u00c7DARO\u011eLU.COM (www.bugunkilicdaroglu.com) S\u0130TES\u0130NE UYGULANAN ER\u0130\u015e\u0130M ENGELLEME KARARI MAHKEME KARARI \u0130LE KALDIRILDI, S\u0130TEN\u0130N SANS\u00dcRLENMES\u0130NE SON VER\u0130LD\u0130. 20 OCAK 2011 (ANKARA\/\u0130STANBUL) \u2013CHP Genel Ba\u015fkan\u0131 Kemal K\u0131l\u0131\u00e7daro\u011flu\u2019nun avukatlar\u0131n\u0131n hukuki giri\u015fimi ile Ankara 3. Sulh Ceza Mahkemesi\u2019nin 28.09.2010 g\u00fcn ve De\u011fi\u015fik \u0130\u015f 2010\/1155 say\u0131l\u0131 karar\u0131 ile BUG\u00dcNKILI\u00c7DARO\u011eLU.COM (www.bugunkilicdaroglu.com) sitesine eri\u015fim engellenmi\u015fti. Eri\u015fime engellenen sitenin sahibi Timur Manisal\u0131\u2019\u0131n avukat\u0131 Ay\u015fe Alt\u0131parmak taraf\u0131ndan 03 Aral\u0131k 2010&#8230;<\/p>\n","protected":false},"author":1,"featured_media":0,"comment_status":"open","ping_status":"closed","sticky":false,"template":"","format":"standard","meta":{"jetpack_post_was_ever_published":false,"_jetpack_newsletter_access":"","_jetpack_dont_email_post_to_subs":false,"_jetpack_newsletter_tier_id":0,"_jetpack_memberships_contains_paywalled_content":false,"_jetpack_memberships_contains_paid_content":false,"footnotes":"","jetpack_publicize_message":"","jetpack_publicize_feature_enabled":true,"jetpack_social_post_already_shared":false,"jetpack_social_options":{"image_generator_settings":{"template":"highway","default_image_id":0,"font":"","enabled":false},"version":2}},"categories":[22,153,5,21,28,163,3,67],"tags":[],"class_list":["post-1278","post","type-post","status-publish","format-standard","hentry","category-5651-nolu-kanun","category-9-madde","category-dusunce-ozgurlugu","category-erisim-engelleme","category-hakaret","category-kilcdaroglu","category-sansur","category-turkiye"],"jetpack_publicize_connections":[],"jetpack_featured_media_url":"","jetpack_sharing_enabled":true,"jetpack_shortlink":"https:\/\/wp.me\/p7wjA8-kC","jetpack-related-posts":[],"_links":{"self":[{"href":"https:\/\/privacy.cyber-rights.org.tr\/index.php?rest_route=\/wp\/v2\/posts\/1278","targetHints":{"allow":["GET"]}}],"collection":[{"href":"https:\/\/privacy.cyber-rights.org.tr\/index.php?rest_route=\/wp\/v2\/posts"}],"about":[{"href":"https:\/\/privacy.cyber-rights.org.tr\/index.php?rest_route=\/wp\/v2\/types\/post"}],"author":[{"embeddable":true,"href":"https:\/\/privacy.cyber-rights.org.tr\/index.php?rest_route=\/wp\/v2\/users\/1"}],"replies":[{"embeddable":true,"href":"https:\/\/privacy.cyber-rights.org.tr\/index.php?rest_route=%2Fwp%2Fv2%2Fcomments&post=1278"}],"version-history":[{"count":3,"href":"https:\/\/privacy.cyber-rights.org.tr\/index.php?rest_route=\/wp\/v2\/posts\/1278\/revisions"}],"predecessor-version":[{"id":1281,"href":"https:\/\/privacy.cyber-rights.org.tr\/index.php?rest_route=\/wp\/v2\/posts\/1278\/revisions\/1281"}],"wp:attachment":[{"href":"https:\/\/privacy.cyber-rights.org.tr\/index.php?rest_route=%2Fwp%2Fv2%2Fmedia&parent=1278"}],"wp:term":[{"taxonomy":"category","embeddable":true,"href":"https:\/\/privacy.cyber-rights.org.tr\/index.php?rest_route=%2Fwp%2Fv2%2Fcategories&post=1278"},{"taxonomy":"post_tag","embeddable":true,"href":"https:\/\/privacy.cyber-rights.org.tr\/index.php?rest_route=%2Fwp%2Fv2%2Ftags&post=1278"}],"curies":[{"name":"wp","href":"https:\/\/api.w.org\/{rel}","templated":true}]}}