{"id":1282,"date":"2011-01-26T11:33:22","date_gmt":"2011-01-26T08:33:22","guid":{"rendered":"http:\/\/privacy.cyber-rights.org.tr\/?p=1282"},"modified":"2011-01-26T11:33:26","modified_gmt":"2011-01-26T08:33:26","slug":"bianet-kilicdaroglu-sansuru-mahkeme-karariyla-kalkti","status":"publish","type":"post","link":"https:\/\/privacy.cyber-rights.org.tr\/?p=1282","title":{"rendered":"Bianet: K\u0131l\u0131\u00e7daro\u011flu Sans\u00fcr\u00fc Mahkeme Karar\u0131yla Kalkt\u0131"},"content":{"rendered":"<p><a href=\"http:\/\/www.bianet.org\/bianet\/ifade-ozgurlugu\/127411-kilicdaroglu-sansuru-mahkeme-karariyla-kalkti\">Bianet :: K\u0131l\u0131\u00e7daro\u011flu Sans\u00fcr\u00fc Mahkeme Karar\u0131yla Kalkt\u0131 &#8211; Bianet<\/a><\/p>\n<p>CHP Genel Ba\u015fkan\u0131 K\u0131l\u0131\u00e7daro\u011flu ile ilgili ele\u015ftirel yay\u0131nlar yapan \u2018Bug\u00fcnK\u0131l\u0131\u00e7daro\u011flu.com\u2019 sitesi 3,5 ayl\u0131k sans\u00fcr sonras\u0131 yeniden eri\u015fime a\u00e7\u0131ld\u0131. Sans\u00fcre kar\u015f\u0131 hukuki m\u00fccadelede yer alan Cyber-Rights.Org.TR \u2018ifade \u00f6zg\u00fcrl\u00fc\u011f\u00fc kar\u015f\u0131s\u0131nda sadece iktidar de\u011fil, muhalefetin de ho\u015fg\u00f6r\u00fcl\u00fc olmas\u0131 bir demokratik zorunluluktur\u2019 dedi.<\/p>\n<p>Ankara &#8211; \u0130stanbul &#8211; B\u0130A Haber Merkezi<br \/>\n26 Ocak 2011, \u00c7ar\u015famba <\/p>\n<p>Yakla\u015f\u0131k d\u00f6rt ayd\u0131r eri\u015fime kapat\u0131lm\u0131\u015f olan &#8216;bugunkilicdaroglu.com&#8217; sitesi, site sahibi Timur Manisal\u0131&#8217;n\u0131n itiraz\u0131 ve Cyber-Rights.Org.TR&#8217;nin giri\u015fimleri sonucu yeniden eri\u015fime a\u00e7\u0131ld\u0131.<\/p>\n<p>Cumhuriyet Halk Partisi (CHP) Genel Ba\u015fkan\u0131 Kemal K\u0131l\u0131\u00e7daro\u011flu hakk\u0131nda yay\u0131n yapan site, K\u0131l\u0131\u00e7daro\u011flu&#8217;nun avukatlar\u0131n\u0131n giri\u015fimi ile Ankara 3. Sulh Ceza Mahkemesi taraf\u0131ndan 28 Eyl\u00fcl 2010&#8217;da eri\u015fime kapat\u0131lm\u0131\u015ft\u0131.<\/p>\n<p>Kapatmaya dair Manisal\u0131&#8217;n\u0131n avukat\u0131 Ay\u015fe Alt\u0131parmak taraf\u0131ndan Aral\u0131k ay\u0131nda yap\u0131lan itiraz\u0131 hakl\u0131 bulan Ankara 11. Asliye Ceza Mahkemesi, kapatmay\u0131 kald\u0131ran 6 Ocak tarihli karar\u0131nda \u015f\u00f6yle dedi:<\/p>\n<p>&#8216;Haks\u0131z sald\u0131r\u0131n\u0131n ne oldu\u011fu talep eden vekilinin dilek\u00e7esinde belirtilmemekle birlikte [5651 Say\u0131l\u0131 \u0130nternet Ortam\u0131nda Yap\u0131lan Yay\u0131nlar\u0131n D\u00fczenlenmesi ve bu Yay\u0131nlar Yoluyla \u0130\u015flenen Su\u00e7larla M\u00fccadele Edilmesi Hakk\u0131nda Kanun&#8217;un] 9. maddeye g\u00f6re haklar\u0131 ihlal edilen \u015fah\u0131s ancak bu yay\u0131n\u0131n i\u00e7erikten \u00e7\u0131kar\u0131lmas\u0131 i\u00e7in talepte bulunabilir.&#8217;<\/p>\n<p>Hukuki s\u00fcre\u00e7te katk\u0131da bulunan Cyber-Rights.Org.TR ise konuyu &#8216;sadece iktidar\u0131n de\u011fil ayn\u0131 zamanda muhalefette siyaset yapanlar\u0131n da siyasi ifade \u00f6zg\u00fcrl\u00fc\u011f\u00fcn\u00fcn kullan\u0131lmas\u0131 kar\u015f\u0131s\u0131nda daha ho\u015fg\u00f6r\u00fcl\u00fc olmas\u0131 demokrasi i\u00e7in bir zorunluluktur. \u0130nternet kullan\u0131m\u0131n\u0131n siyasi \u00f6nemini vurgulayan bir siyaset\u00e7i olan CHP lideri K\u0131l\u0131\u00e7daro\u011flu&#8217;ndan da beklenen budur&#8217; diyerek de\u011ferlendirdi.<br \/>\n&#8216;Onun ad\u0131 Kemal, Sans\u00fcrc\u00fc Kemal&#8217;<\/p>\n<p>Kapatma karar\u0131n\u0131n kald\u0131r\u0131lmas\u0131n\u0131n ard\u0131ndan Manisal\u0131 &#8216;Onun ad\u0131 Kemal, Sans\u00fcrc\u00fc Kemal&#8217; yaz\u0131s\u0131nda &#8216;K\u0131l\u0131\u00e7daro\u011flu&#8217;nun sosyal oldu\u011fu kesin. Lakin demokratl\u0131kla ilgisi s\u0131f\u0131r. Tam olarak karikat\u00fcr ho\u015fg\u00f6r\u00fcs\u00fc \u015fovlar\u0131 yapt\u0131\u011f\u0131, &#8216;Ba\u015fbakan sans\u00fcrc\u00fc, ben \u00f6zg\u00fcrl\u00fck\u00e7\u00fc&#8217; diye sa\u011fda solda konu\u015ftu\u011fu s\u0131ralarda ne yapt\u0131 biliyor musunuz? Bendenizin \u015fu masum blogunu kapatt\u0131rd\u0131&#8217; dedi ve \u00fc\u00e7 bu\u00e7uk ayd\u0131r &#8216;d\u00fcnyan\u0131n en basit hakk\u0131&#8217; olan ileti\u015fim hakk\u0131n\u0131n elinden al\u0131nd\u0131\u011f\u0131n\u0131 belirtti.<br \/>\n&#8216;Site Tayyip Erdo\u011fan hakk\u0131nda olsa, hi\u00e7 a\u00e7\u0131lamazd\u0131&#8217;<\/p>\n<p>Manisal\u0131 &#8216;Ya bu site buguntayyiperdogan.com olsayd\u0131?&#8217; ba\u015fl\u0131kl\u0131 son yaz\u0131s\u0131nda ise bas\u0131n\u0131n \u00fczerinde bask\u0131lara de\u011findi:<\/p>\n<p>&#8216;Ya bu site K\u0131l\u0131\u00e7daro\u011flu i\u00e7in olmasayd\u0131, Tayyip Erdo\u011fan i\u00e7in olsayd\u0131. Herg\u00fcn onu takip edip, ayn\u0131 sarkastik dille yay\u0131n yapsayd\u0131? Kapat\u0131lmas\u0131 \u015fa\u015f\u0131rt\u0131c\u0131 m\u0131 olurdu? Hay\u0131r! \u00dcstelik daha k\u00f6t\u00fcs\u00fc olabilirdi: A\u00e7\u0131lamazd\u0131.&#8217;<br \/>\n&#8216;Bas\u0131n da \u00e7e\u015fitlendi, bas\u0131na yap\u0131lan bask\u0131 da&#8217;<\/p>\n<p>&#8216;Baksan\u0131za, Tayyip Erdo\u011fan bir yuhaland\u0131 Galatasaray&#8217;da, bizzat K\u0131l\u0131\u00e7daro\u011flu marketing&#8217;i yapan &#8216;merkez medya&#8217; normalde \u00fczerine atlayacaklar\u0131 bu haberi uzun s\u00fcre veremedi bile.&#8217;<\/p>\n<p>&#8217;35 y\u0131ll\u0131k bir gazeteci arkada\u015f\u0131m s\u00f6yledi: 12 Eyl\u00fcl sonras\u0131nda bile do\u011frudan edit\u00f6r arayan milletvekilleri d\u00f6nemi yoktu! Bas\u0131n \u00e7e\u015fitlendi, art\u0131k eskisi gibi kolektif darbe tezgahlar\u0131 yap\u0131lam\u0131yor, \u015fahane. Ama bask\u0131 \u00e7e\u015fiti de artt\u0131 bir yandan.&#8217; (E\u00c7\/E\u00d6)<\/p>\n","protected":false},"excerpt":{"rendered":"<p>Bianet :: K\u0131l\u0131\u00e7daro\u011flu Sans\u00fcr\u00fc Mahkeme Karar\u0131yla Kalkt\u0131 &#8211; Bianet CHP Genel Ba\u015fkan\u0131 K\u0131l\u0131\u00e7daro\u011flu ile ilgili ele\u015ftirel yay\u0131nlar yapan \u2018Bug\u00fcnK\u0131l\u0131\u00e7daro\u011flu.com\u2019 sitesi 3,5 ayl\u0131k sans\u00fcr sonras\u0131 yeniden eri\u015fime a\u00e7\u0131ld\u0131. Sans\u00fcre kar\u015f\u0131 hukuki m\u00fccadelede yer alan Cyber-Rights.Org.TR \u2018ifade \u00f6zg\u00fcrl\u00fc\u011f\u00fc kar\u015f\u0131s\u0131nda sadece iktidar de\u011fil, muhalefetin de ho\u015fg\u00f6r\u00fcl\u00fc olmas\u0131 bir demokratik zorunluluktur\u2019 dedi. Ankara &#8211; \u0130stanbul &#8211; B\u0130A Haber Merkezi 26 Ocak 2011, \u00c7ar\u015famba Yakla\u015f\u0131k&#8230;<\/p>\n","protected":false},"author":1,"featured_media":0,"comment_status":"open","ping_status":"closed","sticky":false,"template":"","format":"standard","meta":{"jetpack_post_was_ever_published":false,"_jetpack_newsletter_access":"","_jetpack_dont_email_post_to_subs":false,"_jetpack_newsletter_tier_id":0,"_jetpack_memberships_contains_paywalled_content":false,"_jetpack_memberships_contains_paid_content":false,"footnotes":"","jetpack_publicize_message":"","jetpack_publicize_feature_enabled":true,"jetpack_social_post_already_shared":false,"jetpack_social_options":{"image_generator_settings":{"template":"highway","default_image_id":0,"font":"","enabled":false},"version":2}},"categories":[22,153,5,21,163,3],"tags":[],"class_list":["post-1282","post","type-post","status-publish","format-standard","hentry","category-5651-nolu-kanun","category-9-madde","category-dusunce-ozgurlugu","category-erisim-engelleme","category-kilcdaroglu","category-sansur"],"jetpack_publicize_connections":[],"jetpack_featured_media_url":"","jetpack_sharing_enabled":true,"jetpack_shortlink":"https:\/\/wp.me\/p7wjA8-kG","jetpack-related-posts":[],"_links":{"self":[{"href":"https:\/\/privacy.cyber-rights.org.tr\/index.php?rest_route=\/wp\/v2\/posts\/1282","targetHints":{"allow":["GET"]}}],"collection":[{"href":"https:\/\/privacy.cyber-rights.org.tr\/index.php?rest_route=\/wp\/v2\/posts"}],"about":[{"href":"https:\/\/privacy.cyber-rights.org.tr\/index.php?rest_route=\/wp\/v2\/types\/post"}],"author":[{"embeddable":true,"href":"https:\/\/privacy.cyber-rights.org.tr\/index.php?rest_route=\/wp\/v2\/users\/1"}],"replies":[{"embeddable":true,"href":"https:\/\/privacy.cyber-rights.org.tr\/index.php?rest_route=%2Fwp%2Fv2%2Fcomments&post=1282"}],"version-history":[{"count":1,"href":"https:\/\/privacy.cyber-rights.org.tr\/index.php?rest_route=\/wp\/v2\/posts\/1282\/revisions"}],"predecessor-version":[{"id":1283,"href":"https:\/\/privacy.cyber-rights.org.tr\/index.php?rest_route=\/wp\/v2\/posts\/1282\/revisions\/1283"}],"wp:attachment":[{"href":"https:\/\/privacy.cyber-rights.org.tr\/index.php?rest_route=%2Fwp%2Fv2%2Fmedia&parent=1282"}],"wp:term":[{"taxonomy":"category","embeddable":true,"href":"https:\/\/privacy.cyber-rights.org.tr\/index.php?rest_route=%2Fwp%2Fv2%2Fcategories&post=1282"},{"taxonomy":"post_tag","embeddable":true,"href":"https:\/\/privacy.cyber-rights.org.tr\/index.php?rest_route=%2Fwp%2Fv2%2Ftags&post=1282"}],"curies":[{"name":"wp","href":"https:\/\/api.w.org\/{rel}","templated":true}]}}