{"id":1290,"date":"2011-02-15T11:59:38","date_gmt":"2011-02-15T08:59:38","guid":{"rendered":"http:\/\/privacy.cyber-rights.org.tr\/?p=1290"},"modified":"2011-02-15T11:59:43","modified_gmt":"2011-02-15T08:59:43","slug":"izmir-valiligi-il-ozel-idaresinde-cumhuriyet-gazetesinin-internet-sitesine-erisimin-engellendigi-iddiasinin-dogru-olmadigini-bildirdi","status":"publish","type":"post","link":"https:\/\/privacy.cyber-rights.org.tr\/?p=1290","title":{"rendered":"\u0130zmir Valili\u011fi, \u0130l \u00d6zel \u0130daresi&#8217;nde Cumhuriyet Gazetesi&#8217;nin internet sitesine eri\u015fimin engellendi\u011fi iddias\u0131n\u0131n do\u011fru olmad\u0131\u011f\u0131n\u0131 bildirdi."},"content":{"rendered":"<p><a href=\"http:\/\/www.timeturk.com\/tr\/2011\/02\/15\/izmir-valiliginden-aciklama-il-ozel-idaresinde-cumhuriyet-gazetesi-portal.html\">\u0130ZM\u0130R VAL\u0130L\u0130\u011e\u0130NDEN A\u00c7IKLAMA: -&#8216;\u0130L \u00d6ZEL \u0130DARES\u0130NDE CUMHUR\u0130YET GAZETES\u0130 PORTAL<\/a><\/p>\n<p>\u0130zmir Valili\u011fi, \u0130l \u00d6zel \u0130daresi&#8217;nde Cumhuriyet Gazetesi&#8217;nin internet sitesine eri\u015fimin engellendi\u011fi iddias\u0131n\u0131n do\u011fru olmad\u0131\u011f\u0131n\u0131 bildirdi.<\/p>\n<p>15 \u015eubat 2011 Sal\u0131 &#8211; 10:51<\/p>\n<p>\u0130zmir Valili\u011fi, \u0130l \u00d6zel \u0130daresi&#8217;nde Cumhuriyet Gazetesi&#8217;nin internet sitesine eri\u015fimin engellendi\u011fi iddias\u0131n\u0131n do\u011fru olmad\u0131\u011f\u0131n\u0131 bildirdi.<br \/>\n\u0130zmir Valili\u011finden yap\u0131lan yaz\u0131l\u0131 a\u00e7\u0131klamada, 5651 Say\u0131l\u0131 Kanun \u00e7er\u00e7evesinde &#8216;\u0130nternet Ortam\u0131nda Yap\u0131lan Yay\u0131nlar\u0131n D\u00fczenlenmesi ve Bu Yay\u0131nlar Yoluyla \u0130\u015flenen Su\u00e7larla M\u00fccadele Edilmesi Hakk\u0131ndaki Kanun&#8217;gere\u011fi, filtreme i\u015fleminin yap\u0131lmas\u0131n\u0131n yasal bir zorunluluk oldu\u011fu ifade edildi.<\/p>\n<p>Bu do\u011frultuda, \u00f6nceden tan\u0131ml\u0131 ayarlarla, idarenin g\u00f6rev ve ihtiya\u00e7lar\u0131ndan kaynaklanan bilgilere eri\u015fimin sa\u011fland\u0131\u011f\u0131 belirtilen a\u00e7\u0131klamada \u015fu ifadelere yer verildi:<\/p>\n<p>&#8216;Eri\u015fimin otomatikman engellenmesi durumunda, alternatif uyar\u0131 sayfas\u0131 konulmu\u015f, bu uyar\u0131 sayfas\u0131nda da engellenen i\u00e7erikte hata olmas\u0131 durumunda, Bilgi \u0130\u015flem M\u00fcd\u00fcrl\u00fc\u011f\u00fcne bilgi verilmesi halinde olumsuzluklar\u0131n giderilece\u011fi bilgisi yer almaktad\u0131r.<br \/>\n\u0130ddia edildi\u011fi gibi, Cumhuriyet Gazetesi portal\u0131n\u0131n idaremizce engellenmesi s\u00f6z konusu olmay\u0131p i\u00e7erik filtreleme program\u0131 nedeniyle, Cumhuriyet Gazetesi ile daha \u00f6nce de di\u011fer baz\u0131 ulusal gazetelerde oldu\u011fu gibi tan\u0131mlama yap\u0131lmad\u0131\u011f\u0131 i\u00e7in b\u00f6yle bir durumla kar\u015f\u0131la\u015f\u0131lm\u0131\u015ft\u0131r.<\/p>\n<p>Cumhuriyet Gazetesi portal\u0131n\u0131n engellendi\u011fi iddialar\u0131n\u0131n g\u00fcndeme gelmesi \u00fczerine, filtreleme program\u0131nda gerekli tan\u0131mlama yap\u0131larak, eri\u015fimin engellenmesi teknik olarak ortadan kald\u0131r\u0131lm\u0131\u015ft\u0131r.<br \/>\nKald\u0131 ki, yenilik\u00e7i ve demokratik, Atat\u00fcrk ilke ve ink\u0131laplar\u0131 \u00e7er\u00e7evesinde geli\u015ftirilerek y\u00f6netilmekte ve hizmet vermekte olan \u0130zmir \u0130l \u00d6zel \u0130daresinde, farkl\u0131 bak\u0131\u015f a\u00e7\u0131lar\u0131n\u0131 yakalayabilmek ad\u0131na aralar\u0131nda Cumhuriyet Gazetesi&#8217;nin de bulundu\u011fu g\u00fcnl\u00fck 16 adet gazete sat\u0131n al\u0131narak, takip edilmektedir.&#8217;<\/p>\n","protected":false},"excerpt":{"rendered":"<p>\u0130ZM\u0130R VAL\u0130L\u0130\u011e\u0130NDEN A\u00c7IKLAMA: -&#8216;\u0130L \u00d6ZEL \u0130DARES\u0130NDE CUMHUR\u0130YET GAZETES\u0130 PORTAL \u0130zmir Valili\u011fi, \u0130l \u00d6zel \u0130daresi&#8217;nde Cumhuriyet Gazetesi&#8217;nin internet sitesine eri\u015fimin engellendi\u011fi iddias\u0131n\u0131n do\u011fru olmad\u0131\u011f\u0131n\u0131 bildirdi. 15 \u015eubat 2011 Sal\u0131 &#8211; 10:51 \u0130zmir Valili\u011fi, \u0130l \u00d6zel \u0130daresi&#8217;nde Cumhuriyet Gazetesi&#8217;nin internet sitesine eri\u015fimin engellendi\u011fi iddias\u0131n\u0131n do\u011fru olmad\u0131\u011f\u0131n\u0131 bildirdi. \u0130zmir Valili\u011finden yap\u0131lan yaz\u0131l\u0131 a\u00e7\u0131klamada, 5651 Say\u0131l\u0131 Kanun \u00e7er\u00e7evesinde &#8216;\u0130nternet Ortam\u0131nda Yap\u0131lan Yay\u0131nlar\u0131n D\u00fczenlenmesi ve&#8230;<\/p>\n","protected":false},"author":1,"featured_media":0,"comment_status":"open","ping_status":"closed","sticky":false,"template":"","format":"standard","meta":{"jetpack_post_was_ever_published":false,"_jetpack_newsletter_access":"","_jetpack_dont_email_post_to_subs":false,"_jetpack_newsletter_tier_id":0,"_jetpack_memberships_contains_paywalled_content":false,"_jetpack_memberships_contains_paid_content":false,"footnotes":"","jetpack_publicize_message":"","jetpack_publicize_feature_enabled":true,"jetpack_social_post_already_shared":false,"jetpack_social_options":{"image_generator_settings":{"template":"highway","default_image_id":0,"font":"","enabled":false},"version":2}},"categories":[22,21,3,67],"tags":[],"class_list":["post-1290","post","type-post","status-publish","format-standard","hentry","category-5651-nolu-kanun","category-erisim-engelleme","category-sansur","category-turkiye"],"jetpack_publicize_connections":[],"jetpack_featured_media_url":"","jetpack_sharing_enabled":true,"jetpack_shortlink":"https:\/\/wp.me\/p7wjA8-kO","jetpack-related-posts":[],"_links":{"self":[{"href":"https:\/\/privacy.cyber-rights.org.tr\/index.php?rest_route=\/wp\/v2\/posts\/1290","targetHints":{"allow":["GET"]}}],"collection":[{"href":"https:\/\/privacy.cyber-rights.org.tr\/index.php?rest_route=\/wp\/v2\/posts"}],"about":[{"href":"https:\/\/privacy.cyber-rights.org.tr\/index.php?rest_route=\/wp\/v2\/types\/post"}],"author":[{"embeddable":true,"href":"https:\/\/privacy.cyber-rights.org.tr\/index.php?rest_route=\/wp\/v2\/users\/1"}],"replies":[{"embeddable":true,"href":"https:\/\/privacy.cyber-rights.org.tr\/index.php?rest_route=%2Fwp%2Fv2%2Fcomments&post=1290"}],"version-history":[{"count":1,"href":"https:\/\/privacy.cyber-rights.org.tr\/index.php?rest_route=\/wp\/v2\/posts\/1290\/revisions"}],"predecessor-version":[{"id":1291,"href":"https:\/\/privacy.cyber-rights.org.tr\/index.php?rest_route=\/wp\/v2\/posts\/1290\/revisions\/1291"}],"wp:attachment":[{"href":"https:\/\/privacy.cyber-rights.org.tr\/index.php?rest_route=%2Fwp%2Fv2%2Fmedia&parent=1290"}],"wp:term":[{"taxonomy":"category","embeddable":true,"href":"https:\/\/privacy.cyber-rights.org.tr\/index.php?rest_route=%2Fwp%2Fv2%2Fcategories&post=1290"},{"taxonomy":"post_tag","embeddable":true,"href":"https:\/\/privacy.cyber-rights.org.tr\/index.php?rest_route=%2Fwp%2Fv2%2Ftags&post=1290"}],"curies":[{"name":"wp","href":"https:\/\/api.w.org\/{rel}","templated":true}]}}