{"id":130,"date":"2008-09-24T20:54:57","date_gmt":"2008-09-24T17:54:57","guid":{"rendered":"http:\/\/privacy.cyber-rights.org.tr\/?p=130"},"modified":"2008-09-24T20:58:18","modified_gmt":"2008-09-24T17:58:18","slug":"sansur-bu-kez-egitim-seni-buldu","status":"publish","type":"post","link":"https:\/\/privacy.cyber-rights.org.tr\/?p=130","title":{"rendered":"Sans\u00fcr bu kez E\u011fitim-Sen&#8217;i buldu"},"content":{"rendered":"<p><a href=\"http:\/\/www.atilim.org\/haberler\/2008\/09\/24\/Sansur_bu_kez_Egitim-Sen_i_buldu.html\">Sans\u00fcr bu kez E\u011fitim-Sen&#8217;i buldu<\/a>: &#8220;Sans\u00fcr bu kez E\u011fitim-Sen&#8217;i buldu <\/p>\n<div style=\"text-align:center;\"><img data-recalc-dims=\"1\" loading=\"lazy\" decoding=\"async\" src=\"https:\/\/i0.wp.com\/cyberlaw.org.uk\/wp-content\/uploads\/2008\/09\/sansur-bu-kez-egitim-sen-i-buldu-20080924-174012.jpg?resize=400%2C266\" alt=\"Sansur_bu_kez_Egitim-Sen_i_buldu_20080924_174012.jpg\" border=\"0\" width=\"400\" height=\"266\" \/><\/div>\n<p>\u0130STANBUL (24.09.2008)- Mahkemelerin internet sitelerine y\u00f6nelik keyfi kapatma sald\u0131r\u0131lar\u0131 s\u00fcr\u00fcyor. E\u011fitim-Sen internet sitesi, Adnan Hoca&#8217;n\u0131n safsata kitab\u0131na ili\u015fkin yap\u0131lan a\u00e7\u0131klama nedeniyle eri\u015fime kapat\u0131ld\u0131. Gebze 2. Asliye Mahkemesi&#8217;nin ald\u0131\u011f\u0131 karar\u0131 sendikaya bile iletmedi.<\/p>\n<p>Gebze 2. Asliye Mahkemesi, Adnan Hoca olarak bilinen Adnan Oktar&#8217;\u0131n ba\u015fvuru \u00fczerine, E\u011fitim Sen&#8217;in internet sitesi www.egitimsen.org.tr i\u00e7in kapatma karar\u0131 verdi. E\u011fitim-Sen Genel Sekreteri Mehmet Bozgeyik, sendikaya konuyla ilgili herhangi bir yasal uyar\u0131 ya da tebligat yap\u0131lmad\u0131\u011f\u0131n\u0131 a\u00e7\u0131klad\u0131.<\/p>\n<p>\u0130lerici, devrimci, K\u00fcrt yurtsever sitelerini kapatmakta s\u0131n\u0131rs\u0131z keyfiyet uygulayan mahkemeler, \u015fimdi de sendikalar\u0131n sitelerine y\u00f6neldi. E\u011fitim-Sen, Harun Yahya&#8217;n\u0131n (Adnan Oktar) okullara ve biyoloji \u00f6\u011fretmenlerine yollad\u0131\u011f\u0131, \u2018Yarad\u0131l\u0131\u015f Atlas\u0131\u2019 isimli safsata kitab\u0131na kar\u015f\u0131, kapat\u0131lan sitesinde gerekli a\u00e7\u0131klamalar\u0131 yapm\u0131\u015ft\u0131. Gebze 2. Asliye Mahkemesi bu a\u00e7\u0131klamalar\u0131 be\u011fenmemi\u015f olacak ki, internet sitesini kapatmakla yetinmedi, E\u011fitim-Sen&#8217;e kapatma karar\u0131n\u0131 bildirme gere\u011fi bile duymad\u0131. Tebligat bile yap\u0131lmad\u0131<\/p>\n<p>Bozgeyik, \u2018E\u011fitim-Sen Genel Merkezi&#8217;ne bu konuyla ilgili daha \u00f6nce herhangi bir yasal uyar\u0131 ya da tebligat yap\u0131lmam\u0131\u015f olmas\u0131, bu engellemenin hukukun en temel kurallar\u0131na ayk\u0131r\u0131 olarak yap\u0131lm\u0131\u015f oldu\u011funu g\u00f6stermektedir\u2019 dedi. Bozgeyik, E\u011fitim-Sen&#8217;in daha \u00f6nce \u2018Adnan Hocac\u0131lar\u2019 taraf\u0131ndan biyoloji \u00f6\u011fretmenlerine g\u00f6nderilen \u2018Yarad\u0131l\u0131\u015f Atlas\u0131\u2019 adl\u0131 kitapla ilgili olarak yapt\u0131\u011f\u0131 a\u00e7\u0131klama gerek\u00e7e g\u00f6sterilerek internet sitesinin kapat\u0131ld\u0131\u011f\u0131n\u0131 belirtti. S\u00f6z konusu nedenden sitenin kapat\u0131lm\u0131\u015f olmas\u0131n\u0131n her y\u00f6n\u00fcyle \u00fczerinde d\u00fc\u015f\u00fcn\u00fclmesi ve sorgulanmas\u0131 gereken bir durum oldu\u011funu s\u00f6yleyen Bozgeyik, \u2018E\u011fitim-Sen bu t\u00fcr sald\u0131r\u0131larla daha \u00f6nce de kar\u015f\u0131 kar\u015f\u0131ya, ancak ilkelerinden ve savundu\u011fu de\u011ferlerden taviz vermeyerek kararl\u0131 \u00e7izgisini s\u00fcrd\u00fcrd\u00fc\u2019 dedi.<\/p>\n<p>KESK: \u0130fade ve ileti\u015fim \u00f6zg\u00fcrl\u00fc\u011f\u00fc ayaklar alt\u0131nda<\/p>\n<p>KESK Genel Merkezi de yaz\u0131l\u0131 bir a\u00e7\u0131klama yaparak, \u2018\u0130fade, bas\u0131n ve ileti\u015fim \u00f6zg\u00fcrl\u00fcklerinin ayaklar alt\u0131na al\u0131nmas\u0131 anlam\u0131na gelen bu tutumu k\u0131n\u0131yor, derhal bu yanl\u0131\u015ftan d\u00f6n\u00fclmesini istiyoruz!\u2019 dedi. E\u011fitim-Sen&#8217;in internet sitesinin yeniden a\u00e7\u0131lmas\u0131 i\u00e7in hukuksal giri\u015fimlere ba\u015fland\u0131\u011f\u0131 a\u00e7\u0131kland\u0131.&#8221;<\/p>\n","protected":false},"excerpt":{"rendered":"<p>Sans\u00fcr bu kez E\u011fitim-Sen&#8217;i buldu: &#8220;Sans\u00fcr bu kez E\u011fitim-Sen&#8217;i buldu \u0130STANBUL (24.09.2008)- Mahkemelerin internet sitelerine y\u00f6nelik keyfi kapatma sald\u0131r\u0131lar\u0131 s\u00fcr\u00fcyor. E\u011fitim-Sen internet sitesi, Adnan Hoca&#8217;n\u0131n safsata kitab\u0131na ili\u015fkin yap\u0131lan a\u00e7\u0131klama nedeniyle eri\u015fime kapat\u0131ld\u0131. Gebze 2. Asliye Mahkemesi&#8217;nin ald\u0131\u011f\u0131 karar\u0131 sendikaya bile iletmedi. Gebze 2. Asliye Mahkemesi, Adnan Hoca olarak bilinen Adnan Oktar&#8217;\u0131n ba\u015fvuru \u00fczerine, E\u011fitim Sen&#8217;in internet sitesi www.egitimsen.org.tr i\u00e7in&#8230;<\/p>\n","protected":false},"author":1,"featured_media":0,"comment_status":"open","ping_status":"closed","sticky":false,"template":"","format":"standard","meta":{"jetpack_post_was_ever_published":false,"_jetpack_newsletter_access":"","_jetpack_dont_email_post_to_subs":false,"_jetpack_newsletter_tier_id":0,"_jetpack_memberships_contains_paywalled_content":false,"_jetpack_memberships_contains_paid_content":false,"footnotes":"","jetpack_publicize_message":"","jetpack_publicize_feature_enabled":true,"jetpack_social_post_already_shared":false,"jetpack_social_options":{"image_generator_settings":{"template":"highway","default_image_id":0,"font":"","enabled":false},"version":2}},"categories":[5,21],"tags":[],"class_list":["post-130","post","type-post","status-publish","format-standard","hentry","category-dusunce-ozgurlugu","category-erisim-engelleme"],"jetpack_publicize_connections":[],"jetpack_featured_media_url":"","jetpack_sharing_enabled":true,"jetpack_shortlink":"https:\/\/wp.me\/p7wjA8-26","jetpack-related-posts":[],"_links":{"self":[{"href":"https:\/\/privacy.cyber-rights.org.tr\/index.php?rest_route=\/wp\/v2\/posts\/130","targetHints":{"allow":["GET"]}}],"collection":[{"href":"https:\/\/privacy.cyber-rights.org.tr\/index.php?rest_route=\/wp\/v2\/posts"}],"about":[{"href":"https:\/\/privacy.cyber-rights.org.tr\/index.php?rest_route=\/wp\/v2\/types\/post"}],"author":[{"embeddable":true,"href":"https:\/\/privacy.cyber-rights.org.tr\/index.php?rest_route=\/wp\/v2\/users\/1"}],"replies":[{"embeddable":true,"href":"https:\/\/privacy.cyber-rights.org.tr\/index.php?rest_route=%2Fwp%2Fv2%2Fcomments&post=130"}],"version-history":[{"count":0,"href":"https:\/\/privacy.cyber-rights.org.tr\/index.php?rest_route=\/wp\/v2\/posts\/130\/revisions"}],"wp:attachment":[{"href":"https:\/\/privacy.cyber-rights.org.tr\/index.php?rest_route=%2Fwp%2Fv2%2Fmedia&parent=130"}],"wp:term":[{"taxonomy":"category","embeddable":true,"href":"https:\/\/privacy.cyber-rights.org.tr\/index.php?rest_route=%2Fwp%2Fv2%2Fcategories&post=130"},{"taxonomy":"post_tag","embeddable":true,"href":"https:\/\/privacy.cyber-rights.org.tr\/index.php?rest_route=%2Fwp%2Fv2%2Ftags&post=130"}],"curies":[{"name":"wp","href":"https:\/\/api.w.org\/{rel}","templated":true}]}}