{"id":131,"date":"2008-09-24T21:04:19","date_gmt":"2008-09-24T18:04:19","guid":{"rendered":"http:\/\/privacy.cyber-rights.org.tr\/?p=131"},"modified":"2008-09-24T21:04:22","modified_gmt":"2008-09-24T18:04:22","slug":"egitimsenorgtryi-kapattiran-yazi","status":"publish","type":"post","link":"https:\/\/privacy.cyber-rights.org.tr\/?p=131","title":{"rendered":"Egitimsen.org.tr&#8217;yi kapatt\u0131ran yaz\u0131"},"content":{"rendered":"<p><a href=\"http:\/\/www.egitimsen.org.te\/index.php?yazi=894\">http:\/\/www.egitimsen.org.te\/index.php?yazi=894<\/a> adresinden al\u0131nm\u0131\u015ft\u0131r.<\/p>\n<p><strong>Okullara \u00dccretsiz G\u00f6nderilen Harun Yahya \u0130mzal\u0131 \u201cYarat\u0131l\u0131\u015f Atlas\u0131\u201d ile Ne Ama\u00e7lan\u0131yor? &#8211; 2007-02-28<\/strong><\/p>\n<p>E\u011fitim Sen Genel Ba\u015fkan\u0131 Alaaddin Din\u00e7er\u2019in \u201cOkullara \u00dccretsiz G\u00f6nderilen Harun Yahya \u0130mzal\u0131 \u201cYarat\u0131l\u0131\u015f Atlas\u0131\u201d ile Ne Ama\u00e7lan\u0131yor?\u201d ba\u015fl\u0131kl\u0131 bas\u0131n a\u00e7\u0131klamas\u0131 metnidir.<\/p>\n<p>De\u011ferli bas\u0131n mensuplar\u0131,<\/p>\n<p>Son d\u00f6nemde, liselerde g\u00f6rev yapan Biyoloji ve Felsefe \u00f6\u011fretmenlerine ve \u00fcniversitelerin ilgili b\u00f6l\u00fcmlerinde uzmanla\u015fm\u0131\u015f akademisyenlere, kamuoyunda \u201cAdnan Hoca\u201d olarak bilinen Harun Yahya takma adl\u0131 ki\u015fi taraf\u0131ndan kaleme al\u0131nm\u0131\u015f \u201cYarat\u0131l\u0131\u015f Atlas\u0131\u201d ba\u015fl\u0131kl\u0131, bilimsel olmayan iddialarla donat\u0131lm\u0131\u015f 764 sayfal\u0131k bir yay\u0131n, kargo yoluyla g\u00f6nderilmektedir. Yay\u0131nda bunun Birinci Cilt oldu\u011fu ifade edilmekte ve Atlas\u2019\u0131n toplamda 7 cilt olmas\u0131n\u0131n planland\u0131\u011f\u0131 da belirtilmektedir.<\/p>\n<p>Atlas\u2019\u0131n amac\u0131n\u0131n Evrim Kuram\u0131\u2019n\u0131 ele alan \u00f6\u011fretmenleri etkilemek ve \u00f6\u011frencilere Evrim\u2019in asl\u0131nda kan\u0131tlanmam\u0131\u015f bir teori oldu\u011funun propagandas\u0131n\u0131 yapmak oldu\u011fu ve gerici safsatalar yoluyla e\u011fitim sisteminde \u201cyarat\u0131l\u0131\u015f teorisi\u201dni hakim k\u0131lmak istedi\u011fi g\u00f6r\u00fclmektedir. Evrim Kuram\u0131\u2019na bak\u0131\u015f\u0131 a\u00e7\u0131s\u0131ndan hem AKP H\u00fck\u00fcmeti ve onun Milli E\u011fitim Bakan\u0131 H\u00fcseyin \u00c7elik ile hem de bu ekibin ABD\u2019deki versiyonu konumundaki Evanjelik Hristiyan, gerici Bush y\u00f6netimiyle ayn\u0131 konumu payla\u015fan bu ki\u015finin Atlas ad\u0131 alt\u0131nda bast\u0131rd\u0131\u011f\u0131, y\u00fcksek maliyetli, l\u00fcks ku\u015fe ka\u011f\u0131da bas\u0131l\u0131, kal\u0131n ciltli bu kitab\u0131n\u0131n, T\u00fcrkiye\u2019de g\u00f6rev yapan binlerce felsefe ve biyoloji \u00f6\u011fretmenine \u00fccretsiz olarak g\u00f6nderilmesinin planland\u0131\u011f\u0131 g\u00f6r\u00fclmektedir.<\/p>\n<p>E\u011fitim Sen olarak soruyoruz: Kendisini Harun Yahya olarak tan\u0131tan ve bug\u00fcne kadar 7 kez paranoid \u015fizofreni te\u015fhisi konarak ak\u0131l sa\u011fl\u0131\u011f\u0131n\u0131n yerinde olmad\u0131\u011f\u0131 saptanan Adnan Oktar, \u00fccretsiz olarak da\u011f\u0131tt\u0131\u011f\u0131 bu l\u00fcks Atlas\u2019\u0131n bas\u0131m ve kargodan do\u011fan da\u011f\u0131t\u0131m masraflar\u0131n\u0131 nas\u0131l kar\u015f\u0131lamaktad\u0131r? Bu Atlas\u2019\u0131n finansman\u0131n\u0131 kim sa\u011flamaktad\u0131r? Daha da \u00f6nemlisi, okullarda g\u00f6rev yapan biyoloji ve felsefe \u00f6\u011fretmenlerinin isimleri tek tek nas\u0131l saptanmaktad\u0131r? Milli E\u011fitim M\u00fcd\u00fcrl\u00fckleri\u2019nin bu noktada katk\u0131s\u0131 nedir?<br \/>\n<!--more--><br \/>\nDe\u011ferli bas\u0131n mensuplar\u0131,<\/p>\n<p>Din K\u00fclt\u00fcr\u00fc ve Ahlak Bilgisi kitab\u0131nda yer bulan abdest suyunun alyuvar say\u0131s\u0131n\u0131 artt\u0131rd\u0131\u011f\u0131 tezi, nereden ve nas\u0131l temin edildi\u011fi a\u00e7\u0131klanamayan ve T\u00fcrkiye\u2019nin de\u011fi\u015fik kentlerinde ve \u00fcniversitelerinde a\u00e7\u0131lan fosil sergileri, Milli E\u011fitim Bakan\u0131\u2019n\u0131n e\u011fitimde gerici i\u00e7eri\u011fi g\u00fc\u00e7lendirme gayretleri, asl\u0131nda bilimin yerine \u015farlatanl\u0131\u011f\u0131n egemen k\u0131l\u0131nmas\u0131 \u00e7abas\u0131ndan ba\u015fka bir \u015fey de\u011fildir.<\/p>\n<p>E\u011fitim \u00f6\u011fretim m\u00fcfredat programlar\u0131nda de\u011fi\u015fikli\u011fe gidilmesinin g\u00fcndeme geldi\u011fi g\u00fcnlerde, AKP\u2019li Milli E\u011fitim Bakan\u0131 H\u00fcseyin \u00c7elik\u2019in yapt\u0131\u011f\u0131 \u201cokullarda hem evrim hem de yarat\u0131l\u0131\u015f kuram\u0131 \u00f6\u011fretilsin\u201d \u00f6nerisi, bu g\u00fcnlerde Adnan Oktar arac\u0131l\u0131\u011f\u0131yla y\u00fcr\u00fct\u00fclen kampanya vesilesiyle bir kere daha kulaklar\u0131m\u0131zda \u00e7\u0131nlamaktad\u0131r. H\u00fck\u00fcmet, kamuoyunda benimsetemedi\u011fi uygulamalar\u0131n\u0131, bu \u015farlatanl\u0131k ve safsata odaklar\u0131 arac\u0131l\u0131\u011f\u0131yla m\u0131 okullara sokmak istemektedir?<\/p>\n<p>Bu y\u00f6nde \u00e7ok ciddi kan\u0131tlar da elimize ula\u015fmaktad\u0131r. Okullara m\u00fcfredat yoluyla yarat\u0131l\u0131\u015f safsatas\u0131n\u0131 sokmay\u0131 ba\u015faramayan AKP\u2019li Milli E\u011fitim Bakanl\u0131\u011f\u0131, \u00e7areyi Harun Yahya takma adl\u0131 \u015fahs\u0131n ba\u015fkanl\u0131\u011f\u0131n\u0131 yapt\u0131\u011f\u0131 Milli De\u011ferler Vakf\u0131 arac\u0131l\u0131\u011f\u0131yla okullarda konferanslar d\u00fczenlenmesinin \u00f6n\u00fcn\u00fc a\u00e7makta bulmu\u015f g\u00f6r\u00fcnmektedir. E\u011fitimin dinselle\u015ftirilmesi \u00e7abalar\u0131n\u0131n bir \u00fcr\u00fcn\u00fc olarak desteklenen bu giri\u015fimlere son \u00f6rnek Mersin\u2019den gelmi\u015ftir. Milli E\u011fitim \u0130l M\u00fcd\u00fcrl\u00fc\u011f\u00fc\u2019n\u00fcn 22 Kas\u0131m 2006 tarih ve 1472 say\u0131l\u0131 yaz\u0131s\u0131 ile \u201cUzay ve Yer Bilimleri\u201d konusunda Mersin\u2019deki okullarda Milli De\u011ferler Vakf\u0131\u2019na ba\u011fl\u0131 ki\u015filerin konferans d\u00fczenlemelerine izin verilmi\u015ftir.<\/p>\n<p>D\u00fczenlenen konferanslara \u201cUzay ve Yer Bilimleri\u201d ba\u015fl\u0131\u011f\u0131 verilerek k\u0131l\u0131f haz\u0131rlanm\u0131\u015ft\u0131r. Verilen konferanslar do\u011frudan do\u011fruya Evrim Kuram\u0131\u2019n\u0131n ele\u015ftirisine odaklanmakta ve Yarat\u0131l\u0131\u015f Kuram\u0131\u2019n\u0131n propagandas\u0131n\u0131 yapmay\u0131 ama\u00e7lamaktad\u0131r. Konferans\u0131 vermek \u00fczere g\u00f6revlendirilen Turgut Aksu, i\u015fletme b\u00f6l\u00fcm\u00fc mezunu ve NASA\u2019da \u00e7al\u0131\u015ft\u0131\u011f\u0131n\u0131 iddia eden bir \u015fah\u0131st\u0131r. Kendisini uzay ve genetik bilimlerinde uzman olarak tan\u0131tan bu \u015fahs\u0131n \u00f6zge\u00e7mi\u015finden, bu konuda uzmanla\u015fmas\u0131n\u0131 sa\u011flayacak hi\u00e7bir e\u011fitim almad\u0131\u011f\u0131 anla\u015f\u0131lmaktad\u0131r. O halde \u0130l milli e\u011fitim m\u00fcd\u00fcrl\u00fckleri, nas\u0131l oluyor da b\u00f6yle bir konu i\u00e7in, konusunda uzman olmayan ki\u015filere okullarda konferans verme hakk\u0131n\u0131 tan\u0131maktad\u0131r?<\/p>\n<p>Okullara Milli E\u011fitim M\u00fcd\u00fcrl\u00fc\u011f\u00fc arac\u0131l\u0131\u011f\u0131yla ula\u015ft\u0131r\u0131lan resmi onay yaz\u0131s\u0131 ekte dikkatinize sunulmu\u015ftur. K\u00fclt\u00fcr Bakanl\u0131\u011f\u0131 taraf\u0131ndan okullardaki k\u00fct\u00fcphanelere konulmas\u0131 \u201csak\u0131ncal\u0131\u201d bulunan bu kitaplar\u0131n yazar\u0131n\u0131n ba\u015fkanl\u0131\u011f\u0131n\u0131 yapt\u0131\u011f\u0131 vakfa, Milli E\u011fitim M\u00fcd\u00fcrl\u00fckleri arac\u0131l\u0131\u011f\u0131yla okullarda konferans verme izni verilmesi, \u00fczerinde \u00f6nemle durulmas\u0131 gereken bir noktad\u0131r.<\/p>\n<p>Ge\u00e7ti\u011fimiz g\u00fcnlerde Fransa\u2019da da \u00fccretsiz olarak da\u011f\u0131t\u0131lan bu Atlas, Frans\u0131z Milli E\u011fitim Bakanl\u0131\u011f\u0131 taraf\u0131ndan sak\u0131ncal\u0131 bulunmu\u015f ve da\u011f\u0131t\u0131m\u0131 yasaklanm\u0131\u015ft\u0131r. ABD\u2019nin B\u00fcy\u00fck Ortado\u011fu Projesi \u00e7er\u00e7evesinde T\u00fcrkiye\u2019ye bi\u00e7ti\u011fi Il\u0131ml\u0131 \u0130slam modelini savunan Adnan Oktar\u2019\u0131n, T\u00fcrkiye\u2019nin laik e\u011fitim sistemini model ald\u0131\u011f\u0131 Fransa\u2019y\u0131 da hedef olarak se\u00e7mesi dikkate de\u011ferdir. B\u00fct\u00fcn bunlar\u0131n b\u00fcy\u00fck mali ve siyasi destek olmaks\u0131z\u0131n ger\u00e7ekle\u015ftirilemeyece\u011fi ortadad\u0131r. 11 Eyl\u00fcl sald\u0131r\u0131lar\u0131n\u0131 ger\u00e7ekle\u015ftiren ter\u00f6ristlerin de Darwinci oldu\u011funu belirten bu ak\u0131l sa\u011fl\u0131\u011f\u0131 yerinde olmayan ki\u015finin e\u011fitimi dinselle\u015ftirme kampanyas\u0131n\u0131n hangi g\u00fc\u00e7 odaklar\u0131 taraf\u0131ndan desteklendi\u011fi bir an \u00f6nce ortaya \u00e7\u0131kar\u0131lmal\u0131 ve faaliyetleri derhal yasaklanmal\u0131d\u0131r. Tamamen safsataya dayanan, g\u00f6rsel \u00f6\u011felerle desteklenerek inand\u0131r\u0131c\u0131 k\u0131l\u0131nmaya \u00e7al\u0131\u015f\u0131lan bu Atlas\u2019\u0131n okullara giri\u015fi derhal engellenmeli, ayr\u0131ca bu ekibin Milli E\u011fitim M\u00fcd\u00fcrl\u00fckleri taraf\u0131ndan sa\u011flanan yaz\u0131l\u0131 izinlerle okullarda konferanslar d\u00fczenlemesine imkan veren sorumlular hakk\u0131nda derhal soru\u015fturma a\u00e7\u0131lmal\u0131d\u0131r. E\u011fitim Sen, e\u011fitim ve bilim emek\u00e7ilerini kendilerine \u00fccretsiz olarak g\u00f6nderilen bu atlas\u0131 kabul etmemeye ve geri g\u00f6ndermeye \u00e7a\u011f\u0131rmaktad\u0131r.<\/p>\n","protected":false},"excerpt":{"rendered":"<p>http:\/\/www.egitimsen.org.te\/index.php?yazi=894 adresinden al\u0131nm\u0131\u015ft\u0131r. Okullara \u00dccretsiz G\u00f6nderilen Harun Yahya \u0130mzal\u0131 \u201cYarat\u0131l\u0131\u015f Atlas\u0131\u201d ile Ne Ama\u00e7lan\u0131yor? &#8211; 2007-02-28 E\u011fitim Sen Genel Ba\u015fkan\u0131 Alaaddin Din\u00e7er\u2019in \u201cOkullara \u00dccretsiz G\u00f6nderilen Harun Yahya \u0130mzal\u0131 \u201cYarat\u0131l\u0131\u015f Atlas\u0131\u201d ile Ne Ama\u00e7lan\u0131yor?\u201d ba\u015fl\u0131kl\u0131 bas\u0131n a\u00e7\u0131klamas\u0131 metnidir. De\u011ferli bas\u0131n mensuplar\u0131, Son d\u00f6nemde, liselerde g\u00f6rev yapan Biyoloji ve Felsefe \u00f6\u011fretmenlerine ve \u00fcniversitelerin ilgili b\u00f6l\u00fcmlerinde uzmanla\u015fm\u0131\u015f akademisyenlere, kamuoyunda \u201cAdnan Hoca\u201d olarak bilinen&#8230;<\/p>\n","protected":false},"author":1,"featured_media":0,"comment_status":"open","ping_status":"closed","sticky":false,"template":"","format":"standard","meta":{"jetpack_post_was_ever_published":false,"_jetpack_newsletter_access":"","_jetpack_dont_email_post_to_subs":false,"_jetpack_newsletter_tier_id":0,"_jetpack_memberships_contains_paywalled_content":false,"_jetpack_memberships_contains_paid_content":false,"footnotes":"","jetpack_publicize_message":"","jetpack_publicize_feature_enabled":true,"jetpack_social_post_already_shared":false,"jetpack_social_options":{"image_generator_settings":{"template":"highway","default_image_id":0,"font":"","enabled":false},"version":2}},"categories":[5,21],"tags":[],"class_list":["post-131","post","type-post","status-publish","format-standard","hentry","category-dusunce-ozgurlugu","category-erisim-engelleme"],"jetpack_publicize_connections":[],"jetpack_featured_media_url":"","jetpack_sharing_enabled":true,"jetpack_shortlink":"https:\/\/wp.me\/p7wjA8-27","jetpack-related-posts":[],"_links":{"self":[{"href":"https:\/\/privacy.cyber-rights.org.tr\/index.php?rest_route=\/wp\/v2\/posts\/131","targetHints":{"allow":["GET"]}}],"collection":[{"href":"https:\/\/privacy.cyber-rights.org.tr\/index.php?rest_route=\/wp\/v2\/posts"}],"about":[{"href":"https:\/\/privacy.cyber-rights.org.tr\/index.php?rest_route=\/wp\/v2\/types\/post"}],"author":[{"embeddable":true,"href":"https:\/\/privacy.cyber-rights.org.tr\/index.php?rest_route=\/wp\/v2\/users\/1"}],"replies":[{"embeddable":true,"href":"https:\/\/privacy.cyber-rights.org.tr\/index.php?rest_route=%2Fwp%2Fv2%2Fcomments&post=131"}],"version-history":[{"count":0,"href":"https:\/\/privacy.cyber-rights.org.tr\/index.php?rest_route=\/wp\/v2\/posts\/131\/revisions"}],"wp:attachment":[{"href":"https:\/\/privacy.cyber-rights.org.tr\/index.php?rest_route=%2Fwp%2Fv2%2Fmedia&parent=131"}],"wp:term":[{"taxonomy":"category","embeddable":true,"href":"https:\/\/privacy.cyber-rights.org.tr\/index.php?rest_route=%2Fwp%2Fv2%2Fcategories&post=131"},{"taxonomy":"post_tag","embeddable":true,"href":"https:\/\/privacy.cyber-rights.org.tr\/index.php?rest_route=%2Fwp%2Fv2%2Ftags&post=131"}],"curies":[{"name":"wp","href":"https:\/\/api.w.org\/{rel}","templated":true}]}}