{"id":1310,"date":"2011-03-03T16:28:42","date_gmt":"2011-03-03T13:28:42","guid":{"rendered":"http:\/\/privacy.cyber-rights.org.tr\/?p=1310"},"modified":"2011-03-03T16:28:44","modified_gmt":"2011-03-03T13:28:44","slug":"bianet-digiturk-sansurun-sorumlulugunu-googlea-yukleyemez","status":"publish","type":"post","link":"https:\/\/privacy.cyber-rights.org.tr\/?p=1310","title":{"rendered":"Bianet: &#8220;Digit\u00fcrk Sans\u00fcr\u00fcn Sorumlulu\u011funu Google&#8217;a Y\u00fckleyemez&#8221;"},"content":{"rendered":"<p><a href=\"http:\/\/bianet.org\/bianet\/ifade-ozgurlugu\/128312-digiturk-sansurun-sorumlulugunu-googlea-yukleyemez\">Bianet: &#8220;Digit\u00fcrk Sans\u00fcr\u00fcn Sorumlulu\u011funu Google&#8217;a Y\u00fckleyemez&#8221;<\/a><\/p>\n<p>Blogspot.com\u2019un kapat\u0131lmas\u0131ndan Digit\u00fcrk, Google\u2019\u0131 sorumlu tuttu. Do\u00e7.Dr. Akdeniz, \u2018Google uyar-kald\u0131r sistemini uyguluyor. Digit\u00fcrk\u2019\u00fcn google\u2019\u0131 su\u00e7lamas\u0131 \u00e7\u00f6z\u00fcm getirmez. Bu bir ifade \u00f6zg\u00fcrl\u00fc\u011f\u00fc ihlalidir.\u2019<\/p>\n<p>Nilay VARDAR<br \/>\n\u0130sanbul &#8211; B\u0130A Haber Merkezi<br \/>\n03 Mart 2011, Per\u015fembe<\/p>\n<p>&#8216;Digit\u00fcrk eksik bilgilendirme yapt\u0131. Google uyar-kald\u0131r sistemiyle Digit\u00fcrk\u2019\u00fcn \u015fikayet etti\u011fi yay\u0131nlar\u0131 kald\u0131r\u0131yor.\u2019<\/p>\n<p>Bili\u015fim hukuku ve ifade \u00f6zg\u00fcrl\u00fc\u011f\u00fc \u00fczerine \u00e7al\u0131\u015fan Bilgi \u00dcniversitesi Hukuk Fak\u00fcltesi&#8217;nden Do\u00e7. Dr. Yaman Akdeniz, blogspot.com\u2019un eri\u015fime kapat\u0131lmas\u0131nda Digit\u00fcrk\u2019\u00fcn t\u00fcm su\u00e7u hizmeti veren Google\u2019a y\u0131kmas\u0131n\u0131 do\u011fru bulmuyor.<\/p>\n<p>\u2018Bu bir ifade \u00f6zg\u00fcrl\u00fc\u011f\u00fc ihlalidir. Google sorumlu demek, \u00e7\u00f6z\u00fcm de\u011fildir.\u2019<\/p>\n<p>Blogspot.com, futbol ligi ma\u00e7lar\u0131n\u0131n yay\u0131n\u0131 ile ilgili Digiturk \u015firketinin \u015fikayetiyle al\u0131nan mahkeme karar\u0131 nedeniyle eri\u015fime kapat\u0131ld\u0131. Digiturk Genel M\u00fcd\u00fcr\u00fc Ertan \u00d6zerdem , CNBC-e&#8217;de Burcu G\u00f6ks\u00fczo\u011flu&#8217;na yapt\u0131\u011f\u0131 a\u00e7\u0131klamada Google\u2019\u0131 sorumlu tuttu.<\/p>\n<p>\u00d6zerdem a\u00e7\u0131klams\u0131nda, \u2018Bir tek su\u00e7lu vard\u0131r, Google y\u00f6netimidir. Bir\u00e7ok platformdan herkesin zarar g\u00f6rmemesi i\u00e7in kim bu su\u00e7u i\u015fliyorsa gelin kendiniz durdurun diye ba\u015fvurduk. Google hi\u00e7 cevap vermedi, \u00e7ok ilgisizler. Biz de son \u00e7are olarak mahkemeye gittik. Mahkeme de durdurma karar\u0131n\u0131 verdi&#8217; demi\u015fti.<br \/>\n&#8216;Y\u00f6netici yetkisi sak\u0131ncal\u0131&#8217;<\/p>\n<p>Digit\u00fcrk\u2019\u00fcn Google\u2019\u0131 su\u00e7lamas\u0131nda eksik bilgilendirme oldu\u011funu d\u00fc\u015f\u00fcn\u00fcyor.<\/p>\n<p>\u2018Google kendisine gelen \u015fikayetlere g\u00f6re, ihlal oldu\u011funa karar verirse \u015fikayet edilen yay\u0131n\u0131 kald\u0131r\u0131yor. Digit\u00fcrk bu s\u00fcrecin yava\u015f olmas\u0131ndan \u015fikayet\u00e7i olabilir. Ancak benim takip etti\u011fim kadar\u0131yla Google, ihlal varsa yirmi d\u00f6rt saat i\u00e7inde \u015fikayetleri uyguluyor.\u2019<\/p>\n<p>Digit\u00fcrk\u2019\u00fcn Google\u2019dan yay\u0131na m\u00fcdahale yetkisi veren &#8216;y\u00f6netici (admin)&#8217; yetkisi istemesinin sak\u0131ncal\u0131 oldu\u011funu s\u00f6yleyen Akdeniz, iki taraf aras\u0131ndaki as\u0131l anla\u015fmazl\u0131\u011f\u0131n buradan kaynakland\u0131\u011f\u0131n\u0131 belirtiyor.<\/p>\n<p>\u2018Youtube video mecras\u0131 oldu\u011fu i\u00e7in Digit\u00fcrk admin yetkisiyle, istedi\u011fi yay\u0131nlar\u0131 logosundan g\u00f6rerek hemen kald\u0131rabiliyor. Bloglar yaz\u0131l\u0131 bir mecra oldu\u011fu i\u00e7in, Digit\u00fcrk admin yetkisi ald\u0131\u011f\u0131nda, video d\u0131\u015f\u0131nda mesela Digit\u00fcrk aleyhine bir yaz\u0131y\u0131 da kald\u0131rabilir, bu da sak\u0131ncal\u0131 bir durum.\u2019<br \/>\nMahkeme karar\u0131 neden ge\u00e7 uyguland\u0131 ?<\/p>\n<p>Akdeniz, yasaklaman\u0131n t\u00fcm T\u00fcrkiye\u2019ye zarar vererek, ifade \u00f6zg\u00fcrl\u00fc\u011f\u00fc ihlali oldu\u011funu ve Digit\u00fcrk\u2019\u00fcn tavr\u0131n\u0131n \u00e7\u00f6z\u00fcm getirmedi\u011fini s\u00f6yledi.<\/p>\n<p>Digit\u00fcrk\u2019\u00fcn de bunun fark\u0131nda oldu\u011funu ve mahkeme karar\u0131n\u0131 14 Ocak 2011\u2019de \u00e7\u0131kmas\u0131na ra\u011fmen bug\u00fcne kadar bunu uygulatmay\u0131p, d\u00fcne kadar da Google\u2019a \u015fikayet mektuplar\u0131 g\u00f6nderdi\u011fini belirtti.<\/p>\n<p>Akdeniz \u2018Digit\u00fcrk\u2019te toptan yasaklaman\u0131n sak\u0131ncalar\u0131n\u0131n fark\u0131nda. Bu y\u00fczden mahkeme karar\u0131 olmas\u0131na ra\u011fmen bunu uygulatmay\u0131p, Google ile anla\u015fmaya \u00e7al\u0131\u015ft\u0131. Ancak admin yetkisinde anla\u015famamalar\u0131 bu karar\u0131 uygulatmas\u0131na neden olmu\u015f olabilir\u2019 dedi. (NV\/E\u00dc)<\/p>\n","protected":false},"excerpt":{"rendered":"<p>Bianet: &#8220;Digit\u00fcrk Sans\u00fcr\u00fcn Sorumlulu\u011funu Google&#8217;a Y\u00fckleyemez&#8221; Blogspot.com\u2019un kapat\u0131lmas\u0131ndan Digit\u00fcrk, Google\u2019\u0131 sorumlu tuttu. Do\u00e7.Dr. Akdeniz, \u2018Google uyar-kald\u0131r sistemini uyguluyor. Digit\u00fcrk\u2019\u00fcn google\u2019\u0131 su\u00e7lamas\u0131 \u00e7\u00f6z\u00fcm getirmez. Bu bir ifade \u00f6zg\u00fcrl\u00fc\u011f\u00fc ihlalidir.\u2019 Nilay VARDAR \u0130sanbul &#8211; B\u0130A Haber Merkezi 03 Mart 2011, Per\u015fembe &#8216;Digit\u00fcrk eksik bilgilendirme yapt\u0131. Google uyar-kald\u0131r sistemiyle Digit\u00fcrk\u2019\u00fcn \u015fikayet etti\u011fi yay\u0131nlar\u0131 kald\u0131r\u0131yor.\u2019 Bili\u015fim hukuku ve ifade \u00f6zg\u00fcrl\u00fc\u011f\u00fc \u00fczerine \u00e7al\u0131\u015fan Bilgi \u00dcniversitesi&#8230;<\/p>\n","protected":false},"author":1,"featured_media":0,"comment_status":"open","ping_status":"closed","sticky":false,"template":"","format":"standard","meta":{"jetpack_post_was_ever_published":false,"_jetpack_newsletter_access":"","_jetpack_dont_email_post_to_subs":false,"_jetpack_newsletter_tier_id":0,"_jetpack_memberships_contains_paywalled_content":false,"_jetpack_memberships_contains_paid_content":false,"footnotes":"","jetpack_publicize_message":"","jetpack_publicize_feature_enabled":true,"jetpack_social_post_already_shared":false,"jetpack_social_options":{"image_generator_settings":{"template":"highway","default_image_id":0,"font":"","enabled":false},"version":2}},"categories":[164,40,21,8,3,35],"tags":[],"class_list":["post-1310","post","type-post","status-publish","format-standard","hentry","category-blogspot","category-digiturk","category-erisim-engelleme","category-google","category-sansur","category-telif-haklari"],"jetpack_publicize_connections":[],"jetpack_featured_media_url":"","jetpack_sharing_enabled":true,"jetpack_shortlink":"https:\/\/wp.me\/p7wjA8-l8","jetpack-related-posts":[],"_links":{"self":[{"href":"https:\/\/privacy.cyber-rights.org.tr\/index.php?rest_route=\/wp\/v2\/posts\/1310","targetHints":{"allow":["GET"]}}],"collection":[{"href":"https:\/\/privacy.cyber-rights.org.tr\/index.php?rest_route=\/wp\/v2\/posts"}],"about":[{"href":"https:\/\/privacy.cyber-rights.org.tr\/index.php?rest_route=\/wp\/v2\/types\/post"}],"author":[{"embeddable":true,"href":"https:\/\/privacy.cyber-rights.org.tr\/index.php?rest_route=\/wp\/v2\/users\/1"}],"replies":[{"embeddable":true,"href":"https:\/\/privacy.cyber-rights.org.tr\/index.php?rest_route=%2Fwp%2Fv2%2Fcomments&post=1310"}],"version-history":[{"count":1,"href":"https:\/\/privacy.cyber-rights.org.tr\/index.php?rest_route=\/wp\/v2\/posts\/1310\/revisions"}],"predecessor-version":[{"id":1311,"href":"https:\/\/privacy.cyber-rights.org.tr\/index.php?rest_route=\/wp\/v2\/posts\/1310\/revisions\/1311"}],"wp:attachment":[{"href":"https:\/\/privacy.cyber-rights.org.tr\/index.php?rest_route=%2Fwp%2Fv2%2Fmedia&parent=1310"}],"wp:term":[{"taxonomy":"category","embeddable":true,"href":"https:\/\/privacy.cyber-rights.org.tr\/index.php?rest_route=%2Fwp%2Fv2%2Fcategories&post=1310"},{"taxonomy":"post_tag","embeddable":true,"href":"https:\/\/privacy.cyber-rights.org.tr\/index.php?rest_route=%2Fwp%2Fv2%2Ftags&post=1310"}],"curies":[{"name":"wp","href":"https:\/\/api.w.org\/{rel}","templated":true}]}}